{"id":24626,"date":"2024-05-17T17:12:58","date_gmt":"2024-05-17T20:12:58","guid":{"rendered":"https:\/\/diariotribuna.com.br\/?p=24626"},"modified":"2024-05-17T17:23:22","modified_gmt":"2024-05-17T20:23:22","slug":"operacao-da-policia-civil-apreende-drone-e-replica-de-fuzil-em-teofilo-otoni","status":"publish","type":"post","link":"https:\/\/diariotribuna.com.br\/?p=24626","title":{"rendered":"Opera\u00e7\u00e3o da Pol\u00edcia Civil apreende drone e r\u00e9plica de fuzil em Te\u00f3filo Otoni"},"content":{"rendered":"\n<figure class=\"wp-block-image size-full is-resized is-style-default\"><img loading=\"lazy\" decoding=\"async\" width=\"700\" height=\"793\" src=\"https:\/\/diariotribuna.com.br\/wp-content\/uploads\/2024\/05\/98011637-1932-4232-b51e-23c8bb6076d0-1.jpg\" alt=\"\" class=\"wp-image-24628\" style=\"width:372px;height:auto\" srcset=\"https:\/\/diariotribuna.com.br\/wp-content\/uploads\/2024\/05\/98011637-1932-4232-b51e-23c8bb6076d0-1.jpg 700w, https:\/\/diariotribuna.com.br\/wp-content\/uploads\/2024\/05\/98011637-1932-4232-b51e-23c8bb6076d0-1-265x300.jpg 265w, https:\/\/diariotribuna.com.br\/wp-content\/uploads\/2024\/05\/98011637-1932-4232-b51e-23c8bb6076d0-1-696x788.jpg 696w, https:\/\/diariotribuna.com.br\/wp-content\/uploads\/2024\/05\/98011637-1932-4232-b51e-23c8bb6076d0-1-371x420.jpg 371w\" sizes=\"(max-width: 700px) 100vw, 700px\" \/><\/figure>\n\n\n\n<p>A Pol\u00edcia Civil de Minas Gerais, por meio da delegacia de Te\u00f3filo Otoni, emitiu nota \u00e0 imprensa, nesta sexta-feira (17\/5), informando que, \u201cdesde o dia 11\/5\/2024, vinha monitorando um morador do bairro Joaquim Pedrosa, pela possibilidade dele estar na posse de uma arma de fogo, tipo Fuzil HK, calibre 5,56\u00d745mm Nato, \u201cque antes, estaria em poder de um traficante de drogas do bairro Vila S\u00e3o Jo\u00e3o, que foi preso na referida data, e estaria guardando o armamento para a organiza\u00e7\u00e3o criminosa\u201d.<\/p>\n\n\n\n<p>A Pol\u00edcia Civil destaca que, com a pris\u00e3o do traficante, o armamento ficou sem o devido acautelamento, dada \u00e0 vulnerabilidade do local em que estava escondido, e o cen\u00e1rio mais prov\u00e1vel era de que fosse retirado do local pelos demais faccionados. \u201cForam levantadas informa\u00e7\u00f5es acerca do transporte do armamento, e foi poss\u00edvel apurar que um indiv\u00edduo, identificado, era quem estava agora, na posse da arma\u201d, disse a PCMG. Foram feitos levantamentos sobre o suspeito, apurando que atualmente ele reside no bairro Vila Pedrosa, em Te\u00f3filo Otoni.<\/p>\n\n\n\n<p>A pol\u00edcia constatou tamb\u00e9m que, \u201cos dois j\u00e1 foram presos juntos, tempos atr\u00e1s, o que demonstra n\u00e3o apenas um simples relacionamento, mas uma subordina\u00e7\u00e3o criminosa voltada para o tr\u00e1fico il\u00edcito de drogas\u201d. E, frisa que, \u201cambos eram de fac\u00e7\u00e3o criminosa no Eucalipto e regi\u00e3o, dado a presente disputa por territ\u00f3rio entre as fac\u00e7\u00f5es, eles se vincularam a fac\u00e7\u00e3o F.T.O, ligada ao Comando Vermelho\u201d.<\/p>\n\n\n\n<p><strong>Opera\u00e7\u00e3o \u2013<\/strong> Na quinta-feira (16\/5), devido a suspeita atual, pelas informa\u00e7\u00f5es levantadas ao longo dos cinco dias da pris\u00e3o do traficante, indicando que o armamento estaria na casa do suspeito identificado, na Vila Pedrosa, em virtude da urg\u00eancia em apreender a arma, A Pol\u00edcia Civil desencadeou uma opera\u00e7\u00e3o, foi at\u00e9 a resid\u00eancia dele, onde foram apreendidos: 1 r\u00e9plica de fuzil HK (1 airsoft) e 1 drone (foi apreendido um cart\u00e3o de mem\u00f3ria para ser analisado o conte\u00fado).<\/p>\n\n\n\n<p>O delegado Artur Vieira disse que existem fuzis em Te\u00f3filo Otoni, vai continuar com o monitoramento, e est\u00e1 atento a essas armas que est\u00e3o entrando na cidade. Os materiais foram apreendidos e encaminhados para a delegacia. Equipes: Delegacia de T\u00f3xicos\/ de Plant\u00e3o\/ ?Inspetoria. (Informa\u00e7\u00f5es\/Foto: PCMG\/ Te\u00f3filo Otoni).<\/p>\n","protected":false},"excerpt":{"rendered":"<p>A Pol\u00edcia Civil de Minas Gerais, por meio da delegacia de Te\u00f3filo Otoni, emitiu nota \u00e0 imprensa, nesta sexta-feira (17\/5), informando que, \u201cdesde o dia 11\/5\/2024, vinha monitorando um morador do bairro Joaquim Pedrosa, pela possibilidade dele estar na posse de uma arma de fogo, tipo Fuzil HK, calibre 5,56\u00d745mm Nato, \u201cque antes, estaria em [&hellip;]<\/p>\n","protected":false},"author":1,"featured_media":24628,"comment_status":"open","ping_status":"open","sticky":false,"template":"","format":"standard","meta":{"rop_custom_images_group":[],"rop_custom_messages_group":[],"rop_publish_now":"initial","rop_publish_now_accounts":[],"rop_publish_now_history":[],"rop_publish_now_status":"pending","footnotes":""},"categories":[25,20],"tags":[6290,80,292,6289,75,6291],"class_list":["post-24626","post","type-post","status-publish","format-standard","has-post-thumbnail","hentry","category-destaque","category-policia","tag-drone","tag-operacao","tag-policia-civil","tag-replica-de-fuzil","tag-teofilo-otoni","tag-vila-pedrosa"],"_links":{"self":[{"href":"https:\/\/diariotribuna.com.br\/index.php?rest_route=\/wp\/v2\/posts\/24626"}],"collection":[{"href":"https:\/\/diariotribuna.com.br\/index.php?rest_route=\/wp\/v2\/posts"}],"about":[{"href":"https:\/\/diariotribuna.com.br\/index.php?rest_route=\/wp\/v2\/types\/post"}],"author":[{"embeddable":true,"href":"https:\/\/diariotribuna.com.br\/index.php?rest_route=\/wp\/v2\/users\/1"}],"replies":[{"embeddable":true,"href":"https:\/\/diariotribuna.com.br\/index.php?rest_route=%2Fwp%2Fv2%2Fcomments&post=24626"}],"version-history":[{"count":3,"href":"https:\/\/diariotribuna.com.br\/index.php?rest_route=\/wp\/v2\/posts\/24626\/revisions"}],"predecessor-version":[{"id":24632,"href":"https:\/\/diariotribuna.com.br\/index.php?rest_route=\/wp\/v2\/posts\/24626\/revisions\/24632"}],"wp:featuredmedia":[{"embeddable":true,"href":"https:\/\/diariotribuna.com.br\/index.php?rest_route=\/wp\/v2\/media\/24628"}],"wp:attachment":[{"href":"https:\/\/diariotribuna.com.br\/index.php?rest_route=%2Fwp%2Fv2%2Fmedia&parent=24626"}],"wp:term":[{"taxonomy":"category","embeddable":true,"href":"https:\/\/diariotribuna.com.br\/index.php?rest_route=%2Fwp%2Fv2%2Fcategories&post=24626"},{"taxonomy":"post_tag","embeddable":true,"href":"https:\/\/diariotribuna.com.br\/index.php?rest_route=%2Fwp%2Fv2%2Ftags&post=24626"}],"curies":[{"name":"wp","href":"https:\/\/api.w.org\/{rel}","templated":true}]}}