{"id":24683,"date":"2024-05-22T22:12:39","date_gmt":"2024-05-23T01:12:39","guid":{"rendered":"https:\/\/diariotribuna.com.br\/?p=24683"},"modified":"2024-05-22T22:24:50","modified_gmt":"2024-05-23T01:24:50","slug":"pm-prende-foragido-com-arma-de-fogo-municoes-drogas-e-mais-de-r-3-mil-no-centro-de-teofilo-otoni","status":"publish","type":"post","link":"https:\/\/diariotribuna.com.br\/?p=24683","title":{"rendered":"PM prende foragido com arma de fogo, muni\u00e7\u00f5es, drogas e mais de R$ 3 mil, no centro de Te\u00f3filo Otoni"},"content":{"rendered":"\n<figure class=\"wp-block-image size-full is-resized is-style-default\"><img loading=\"lazy\" decoding=\"async\" width=\"700\" height=\"639\" src=\"https:\/\/diariotribuna.com.br\/wp-content\/uploads\/2024\/05\/e8e79ba1-6d0a-4c33-b92c-c6eab1ac1afc.jpg\" alt=\"\" class=\"wp-image-24684\" style=\"width:396px;height:auto\" srcset=\"https:\/\/diariotribuna.com.br\/wp-content\/uploads\/2024\/05\/e8e79ba1-6d0a-4c33-b92c-c6eab1ac1afc.jpg 700w, https:\/\/diariotribuna.com.br\/wp-content\/uploads\/2024\/05\/e8e79ba1-6d0a-4c33-b92c-c6eab1ac1afc-300x274.jpg 300w, https:\/\/diariotribuna.com.br\/wp-content\/uploads\/2024\/05\/e8e79ba1-6d0a-4c33-b92c-c6eab1ac1afc-696x635.jpg 696w, https:\/\/diariotribuna.com.br\/wp-content\/uploads\/2024\/05\/e8e79ba1-6d0a-4c33-b92c-c6eab1ac1afc-460x420.jpg 460w\" sizes=\"(max-width: 700px) 100vw, 700px\" \/><\/figure>\n\n\n\n<p>Ap\u00f3s levantamentos do setor de intelig\u00eancia do 19\u00ba Batalh\u00e3o de Pol\u00edcia Militar, apontando que um foragido da justi\u00e7a, desde 2019, integrante de organiza\u00e7\u00e3o criminosa, estaria escondido em uma resid\u00eancia na rua Frei Gonzaga, centro de Te\u00f3filo Otoni, foi realizada uma opera\u00e7\u00e3o, na quarta-feira (22\/5), para averigua\u00e7\u00e3o.<\/p>\n\n\n\n<p>No local, as equipes do T\u00e1tico M\u00f3vel localizaram o foragido, que foi capturado e conduzido \u00e0 delegacia de Pol\u00edcia Civil juntamente com outro morador da resid\u00eancia e vasto material il\u00edcito que foi apreendido dentro do im\u00f3vel, para os procedimentos de pol\u00edcia judici\u00e1ria. Contra o foragido havia 2 mandados de pris\u00e3o em aberto, comarca de Te\u00f3filo Otoni.<\/p>\n\n\n\n<p><strong>Materiais apreendidos:<\/strong> 1 pistola Beretta semiautom\u00e1tica calibre 9mm, 31 cartuchos intactos calibre 9mm, 1 cartucho fuzil 556, 3 carregador PT 9mm, 1 r\u00e1dio comunicador, 1 balan\u00e7a de precis\u00e3o, 1 por\u00e7\u00e3o de coca\u00edna, 1 coldre para arma de fogo, 1 documento de identifica\u00e7\u00e3o falsificado, R$ 3.335.00 em dinheiro. (Informa\u00e7\u00f5es\/Foto: PMMG\/ 19\u00ba BPM).<\/p>\n","protected":false},"excerpt":{"rendered":"<p>Ap\u00f3s levantamentos do setor de intelig\u00eancia do 19\u00ba Batalh\u00e3o de Pol\u00edcia Militar, apontando que um foragido da justi\u00e7a, desde 2019, integrante de organiza\u00e7\u00e3o criminosa, estaria escondido em uma resid\u00eancia na rua Frei Gonzaga, centro de Te\u00f3filo Otoni, foi realizada uma opera\u00e7\u00e3o, na quarta-feira (22\/5), para averigua\u00e7\u00e3o. No local, as equipes do T\u00e1tico M\u00f3vel localizaram o [&hellip;]<\/p>\n","protected":false},"author":1,"featured_media":24684,"comment_status":"open","ping_status":"open","sticky":false,"template":"","format":"standard","meta":{"rop_custom_images_group":[],"rop_custom_messages_group":[],"rop_publish_now":"initial","rop_publish_now_accounts":[],"rop_publish_now_history":[],"rop_publish_now_status":"pending","footnotes":""},"categories":[25,20],"tags":[941,4410,989,80,76,1178,75],"class_list":["post-24683","post","type-post","status-publish","format-standard","has-post-thumbnail","hentry","category-destaque","category-policia","tag-19o-batalhao","tag-captura","tag-foragido-da-justica","tag-operacao","tag-policia-militar","tag-tatico-movel","tag-teofilo-otoni"],"_links":{"self":[{"href":"https:\/\/diariotribuna.com.br\/index.php?rest_route=\/wp\/v2\/posts\/24683"}],"collection":[{"href":"https:\/\/diariotribuna.com.br\/index.php?rest_route=\/wp\/v2\/posts"}],"about":[{"href":"https:\/\/diariotribuna.com.br\/index.php?rest_route=\/wp\/v2\/types\/post"}],"author":[{"embeddable":true,"href":"https:\/\/diariotribuna.com.br\/index.php?rest_route=\/wp\/v2\/users\/1"}],"replies":[{"embeddable":true,"href":"https:\/\/diariotribuna.com.br\/index.php?rest_route=%2Fwp%2Fv2%2Fcomments&post=24683"}],"version-history":[{"count":4,"href":"https:\/\/diariotribuna.com.br\/index.php?rest_route=\/wp\/v2\/posts\/24683\/revisions"}],"predecessor-version":[{"id":24689,"href":"https:\/\/diariotribuna.com.br\/index.php?rest_route=\/wp\/v2\/posts\/24683\/revisions\/24689"}],"wp:featuredmedia":[{"embeddable":true,"href":"https:\/\/diariotribuna.com.br\/index.php?rest_route=\/wp\/v2\/media\/24684"}],"wp:attachment":[{"href":"https:\/\/diariotribuna.com.br\/index.php?rest_route=%2Fwp%2Fv2%2Fmedia&parent=24683"}],"wp:term":[{"taxonomy":"category","embeddable":true,"href":"https:\/\/diariotribuna.com.br\/index.php?rest_route=%2Fwp%2Fv2%2Fcategories&post=24683"},{"taxonomy":"post_tag","embeddable":true,"href":"https:\/\/diariotribuna.com.br\/index.php?rest_route=%2Fwp%2Fv2%2Ftags&post=24683"}],"curies":[{"name":"wp","href":"https:\/\/api.w.org\/{rel}","templated":true}]}}