{"id":24690,"date":"2024-05-23T13:22:27","date_gmt":"2024-05-23T16:22:27","guid":{"rendered":"https:\/\/diariotribuna.com.br\/?p=24690"},"modified":"2024-05-28T22:57:40","modified_gmt":"2024-05-29T01:57:40","slug":"pf-faz-operacao-contra-hacker-por-invasao-de-sistemas-do-ministerio-da-saude","status":"publish","type":"post","link":"https:\/\/diariotribuna.com.br\/?p=24690","title":{"rendered":"PF faz opera\u00e7\u00e3o contra hacker por invas\u00e3o de sistemas do Minist\u00e9rio da Sa\u00fade"},"content":{"rendered":"\n<h3 class=\"wp-block-heading\"><strong><em>Foi cumprido um mandado de busca e apreens\u00e3o na resid\u00eancia do hacker, em Nanuque\/MG<\/em><\/strong><\/h3>\n\n\n\n<figure class=\"wp-block-image size-full is-resized is-style-default\"><img loading=\"lazy\" decoding=\"async\" width=\"689\" height=\"396\" src=\"https:\/\/diariotribuna.com.br\/wp-content\/uploads\/2024\/05\/bf450b87-1d4f-4654-a768-5575e1c51777.jpg\" alt=\"\" class=\"wp-image-24691\" style=\"width:437px;height:auto\" srcset=\"https:\/\/diariotribuna.com.br\/wp-content\/uploads\/2024\/05\/bf450b87-1d4f-4654-a768-5575e1c51777.jpg 689w, https:\/\/diariotribuna.com.br\/wp-content\/uploads\/2024\/05\/bf450b87-1d4f-4654-a768-5575e1c51777-300x172.jpg 300w\" sizes=\"(max-width: 689px) 100vw, 689px\" \/><\/figure>\n\n\n\n<p><strong>Bras\u00edlia\/DF \u2013<\/strong> A Pol\u00edcia Federal cumpriu, um mandado de busca e apreens\u00e3o, na quarta-feira (22\/5), na resid\u00eancia de um hacker em Nanuque\/MG. O investigado fez publica\u00e7\u00f5es em redes sociais, em que afirmava ter invadido os sistemas do Minist\u00e9rio da Sa\u00fade e subtra\u00eddo informa\u00e7\u00f5es do CadSus. Al\u00e9m disso, ele colocou \u00e0 venda as informa\u00e7\u00f5es subtra\u00eddas e divulgou dados pessoais de dois milh\u00f5es de brasileiros na DeepWeb para comprovar que tinha tais dados.<\/p>\n\n\n\n<p>O hacker ainda \u00e9 conhecido por ter realizado v\u00e1rias invas\u00f5es a sistemas e ataques de picha\u00e7\u00e3o de sites de \u00f3rg\u00e3os governamentais, al\u00e9m de manter contato com outros hackers brasileiros. O investigado responder\u00e1 pelos crimes de invas\u00e3o de dispositivo eletr\u00f4nico e recepta\u00e7\u00e3o de dados pessoais. (Informa\u00e7\u00f5es\/Imagem: Comunica\u00e7\u00e3o Social da Pol\u00edcia Federal no DF).<\/p>\n","protected":false},"excerpt":{"rendered":"<p>Foi cumprido um mandado de busca e apreens\u00e3o na resid\u00eancia do hacker, em Nanuque\/MG Bras\u00edlia\/DF \u2013 A Pol\u00edcia Federal cumpriu, um mandado de busca e apreens\u00e3o, na quarta-feira (22\/5), na resid\u00eancia de um hacker em Nanuque\/MG. O investigado fez publica\u00e7\u00f5es em redes sociais, em que afirmava ter invadido os sistemas do Minist\u00e9rio da Sa\u00fade e [&hellip;]<\/p>\n","protected":false},"author":1,"featured_media":24691,"comment_status":"open","ping_status":"open","sticky":false,"template":"","format":"standard","meta":{"rop_custom_images_group":[],"rop_custom_messages_group":[],"rop_publish_now":"initial","rop_publish_now_accounts":[],"rop_publish_now_history":[],"rop_publish_now_status":"pending","footnotes":""},"categories":[20],"tags":[6300,6301,1216,122,268],"class_list":["post-24690","post","type-post","status-publish","format-standard","has-post-thumbnail","hentry","category-policia","tag-hacker","tag-invasao-de-sistemas","tag-ministerio-da-saude","tag-nanuque","tag-policia-federal"],"_links":{"self":[{"href":"https:\/\/diariotribuna.com.br\/index.php?rest_route=\/wp\/v2\/posts\/24690"}],"collection":[{"href":"https:\/\/diariotribuna.com.br\/index.php?rest_route=\/wp\/v2\/posts"}],"about":[{"href":"https:\/\/diariotribuna.com.br\/index.php?rest_route=\/wp\/v2\/types\/post"}],"author":[{"embeddable":true,"href":"https:\/\/diariotribuna.com.br\/index.php?rest_route=\/wp\/v2\/users\/1"}],"replies":[{"embeddable":true,"href":"https:\/\/diariotribuna.com.br\/index.php?rest_route=%2Fwp%2Fv2%2Fcomments&post=24690"}],"version-history":[{"count":1,"href":"https:\/\/diariotribuna.com.br\/index.php?rest_route=\/wp\/v2\/posts\/24690\/revisions"}],"predecessor-version":[{"id":24692,"href":"https:\/\/diariotribuna.com.br\/index.php?rest_route=\/wp\/v2\/posts\/24690\/revisions\/24692"}],"wp:featuredmedia":[{"embeddable":true,"href":"https:\/\/diariotribuna.com.br\/index.php?rest_route=\/wp\/v2\/media\/24691"}],"wp:attachment":[{"href":"https:\/\/diariotribuna.com.br\/index.php?rest_route=%2Fwp%2Fv2%2Fmedia&parent=24690"}],"wp:term":[{"taxonomy":"category","embeddable":true,"href":"https:\/\/diariotribuna.com.br\/index.php?rest_route=%2Fwp%2Fv2%2Fcategories&post=24690"},{"taxonomy":"post_tag","embeddable":true,"href":"https:\/\/diariotribuna.com.br\/index.php?rest_route=%2Fwp%2Fv2%2Ftags&post=24690"}],"curies":[{"name":"wp","href":"https:\/\/api.w.org\/{rel}","templated":true}]}}