{"id":24720,"date":"2024-05-27T23:43:36","date_gmt":"2024-05-28T02:43:36","guid":{"rendered":"https:\/\/diariotribuna.com.br\/?p=24720"},"modified":"2024-05-29T10:18:37","modified_gmt":"2024-05-29T13:18:37","slug":"inscricoes-abertas-para-o-ii-concurso-de-redacao-justica-do-trabalho-na-escola-do-trt-mg","status":"publish","type":"post","link":"https:\/\/diariotribuna.com.br\/?p=24720","title":{"rendered":"Inscri\u00e7\u00f5es abertas para o II Concurso de Reda\u00e7\u00e3o \u201cJusti\u00e7a do Trabalho na Escola\u201d do TRT-MG"},"content":{"rendered":"\n<figure class=\"wp-block-image size-full is-resized is-style-default\"><img loading=\"lazy\" decoding=\"async\" width=\"650\" height=\"432\" src=\"https:\/\/diariotribuna.com.br\/wp-content\/uploads\/2024\/05\/577026_470517076316382_529719902_n.jpg\" alt=\"\" class=\"wp-image-24721\" style=\"width:450px;height:auto\" srcset=\"https:\/\/diariotribuna.com.br\/wp-content\/uploads\/2024\/05\/577026_470517076316382_529719902_n.jpg 650w, https:\/\/diariotribuna.com.br\/wp-content\/uploads\/2024\/05\/577026_470517076316382_529719902_n-300x199.jpg 300w, https:\/\/diariotribuna.com.br\/wp-content\/uploads\/2024\/05\/577026_470517076316382_529719902_n-632x420.jpg 632w\" sizes=\"(max-width: 650px) 100vw, 650px\" \/><\/figure>\n\n\n\n<p>As inscri\u00e7\u00f5es para o II Concurso de Reda\u00e7\u00e3o \u201cJusti\u00e7a do Trabalho na Escola\u201d do TRT-MG, est\u00e3o abertas. <strong>O tema deste ano \u00e9: &#8220;Diga n\u00e3o ao trabalho infantil e sim \u00e0 educa\u00e7\u00e3o&#8221;<\/strong>. O p\u00fablico-alvo s\u00e3o alunos do 9\u00b0 ano do ensino fundamental, pertencentes \u00e0 rede p\u00fablica de ensino em todo estado, abrangendo escolas municipais e estaduais, localizadas na capital e nas cidades do interior de Minas Gerais.\u00a0<\/p>\n\n\n\n<p><strong>Inscri\u00e7\u00f5es &#8211; <\/strong>Os interessados em participar devem solicitar \u00e0s escolas o preenchimento e envio da ficha de inscri\u00e7\u00e3o at\u00e9 21\/6, conforme o regulamento e as instru\u00e7\u00f5es contidos no edital do concurso.<\/p>\n\n\n\n<p><strong>Premia\u00e7\u00e3o &#8211;<\/strong> Ser\u00e3o premiados os autores das cinco melhores reda\u00e7\u00f5es e suas respectivas institui\u00e7\u00f5es de ensino. <strong>Os pr\u00eamios ser\u00e3o:<\/strong> 1\u00ba classificado (aluno): Notebook e kit de livros. 2\u00ba classificado (aluno): Smartphone e kit de livros. 3\u00ba classificado (aluno): Smartphone e kit de livros. 4\u00ba classificado (aluno): Tablet e kit de livros. 5\u00ba classificado (aluno): Tablet e kit de livros. 1\u00aa classificada (escola): Notebook e kit de livros. Demais escolas classificadas: Kits de livros<\/p>\n\n\n\n<p>A escola ser\u00e1 premiada apenas uma vez, mesmo que tenha mais de um estudante vencedor. O resultado final ser\u00e1 divulgado em 25\/11, no portal institucional do TRT-MG. A entrega dos pr\u00eamios ser\u00e1 realizada em 29\/11, no edif\u00edcio-sede, na Av. Get\u00falio Vargas, 225, Funcion\u00e1rios, Belo Horizonte, MG. (TRT da 3\u00aa Regi\u00e3o).<\/p>\n","protected":false},"excerpt":{"rendered":"<p>As inscri\u00e7\u00f5es para o II Concurso de Reda\u00e7\u00e3o \u201cJusti\u00e7a do Trabalho na Escola\u201d do TRT-MG, est\u00e3o abertas. O tema deste ano \u00e9: &#8220;Diga n\u00e3o ao trabalho infantil e sim \u00e0 educa\u00e7\u00e3o&#8221;. O p\u00fablico-alvo s\u00e3o alunos do 9\u00b0 ano do ensino fundamental, pertencentes \u00e0 rede p\u00fablica de ensino em todo estado, abrangendo escolas municipais e estaduais, [&hellip;]<\/p>\n","protected":false},"author":1,"featured_media":24721,"comment_status":"open","ping_status":"open","sticky":false,"template":"","format":"standard","meta":{"rop_custom_images_group":[],"rop_custom_messages_group":[],"rop_publish_now":"initial","rop_publish_now_accounts":[],"rop_publish_now_history":[],"rop_publish_now_status":"pending","footnotes":""},"categories":[31],"tags":[6305,2070,745,159],"class_list":["post-24720","post","type-post","status-publish","format-standard","has-post-thumbnail","hentry","category-juridico","tag-ii-concurso-de-redacao","tag-inscricoes","tag-justica-do-trabalho","tag-trt-3a-regiao"],"_links":{"self":[{"href":"https:\/\/diariotribuna.com.br\/index.php?rest_route=\/wp\/v2\/posts\/24720"}],"collection":[{"href":"https:\/\/diariotribuna.com.br\/index.php?rest_route=\/wp\/v2\/posts"}],"about":[{"href":"https:\/\/diariotribuna.com.br\/index.php?rest_route=\/wp\/v2\/types\/post"}],"author":[{"embeddable":true,"href":"https:\/\/diariotribuna.com.br\/index.php?rest_route=\/wp\/v2\/users\/1"}],"replies":[{"embeddable":true,"href":"https:\/\/diariotribuna.com.br\/index.php?rest_route=%2Fwp%2Fv2%2Fcomments&post=24720"}],"version-history":[{"count":2,"href":"https:\/\/diariotribuna.com.br\/index.php?rest_route=\/wp\/v2\/posts\/24720\/revisions"}],"predecessor-version":[{"id":24724,"href":"https:\/\/diariotribuna.com.br\/index.php?rest_route=\/wp\/v2\/posts\/24720\/revisions\/24724"}],"wp:featuredmedia":[{"embeddable":true,"href":"https:\/\/diariotribuna.com.br\/index.php?rest_route=\/wp\/v2\/media\/24721"}],"wp:attachment":[{"href":"https:\/\/diariotribuna.com.br\/index.php?rest_route=%2Fwp%2Fv2%2Fmedia&parent=24720"}],"wp:term":[{"taxonomy":"category","embeddable":true,"href":"https:\/\/diariotribuna.com.br\/index.php?rest_route=%2Fwp%2Fv2%2Fcategories&post=24720"},{"taxonomy":"post_tag","embeddable":true,"href":"https:\/\/diariotribuna.com.br\/index.php?rest_route=%2Fwp%2Fv2%2Ftags&post=24720"}],"curies":[{"name":"wp","href":"https:\/\/api.w.org\/{rel}","templated":true}]}}