{"id":24729,"date":"2024-05-28T11:32:22","date_gmt":"2024-05-28T14:32:22","guid":{"rendered":"https:\/\/diariotribuna.com.br\/?p=24729"},"modified":"2024-05-28T11:32:22","modified_gmt":"2024-05-28T14:32:22","slug":"mae-de-policia-entre-o-orgulho-e-a-preocupacao","status":"publish","type":"post","link":"https:\/\/diariotribuna.com.br\/?p=24729","title":{"rendered":"M\u00e3e de pol\u00edcia: entre o orgulho e a preocupa\u00e7\u00e3o"},"content":{"rendered":"\n<figure class=\"wp-block-image size-full is-resized is-style-default\"><img loading=\"lazy\" decoding=\"async\" width=\"700\" height=\"942\" src=\"https:\/\/diariotribuna.com.br\/wp-content\/uploads\/2024\/05\/Juliana-Lemes-2.jpg\" alt=\"\" class=\"wp-image-24730\" style=\"width:374px;height:auto\" srcset=\"https:\/\/diariotribuna.com.br\/wp-content\/uploads\/2024\/05\/Juliana-Lemes-2.jpg 700w, https:\/\/diariotribuna.com.br\/wp-content\/uploads\/2024\/05\/Juliana-Lemes-2-223x300.jpg 223w, https:\/\/diariotribuna.com.br\/wp-content\/uploads\/2024\/05\/Juliana-Lemes-2-696x937.jpg 696w, https:\/\/diariotribuna.com.br\/wp-content\/uploads\/2024\/05\/Juliana-Lemes-2-312x420.jpg 312w\" sizes=\"(max-width: 700px) 100vw, 700px\" \/><figcaption class=\"wp-element-caption\"><strong><strong>Juliana Lemes da Cruz.<\/strong><br><strong>Doutora em Pol\u00edtica Social (UFF).<\/strong><br><strong>Conselheira do F\u00f3rum Brasileiro de Seguran\u00e7a P\u00fablica.<\/strong><br><strong>Contato: <\/strong><a href=\"mailto:lemes.jlc@gmail.com\">lemes.jlc@gmail.com<\/a><strong> | @julianalemesoficial<\/strong><\/strong><\/figcaption><\/figure>\n\n\n\n<p>Se n\u00f3s, no lugar de m\u00e3es, entendermos que criamos os filhos para o mundo e n\u00e3o para n\u00f3s, se torna menos conflitante tentar compreender suas escolhas na fase adolescente ou adulta. Decerto, o caminho que seguem reflete aprendizados e est\u00edmulos que tiveram ao longo da vida, n\u00e3o apenas a partir do n\u00facleo familiar, mas tamb\u00e9m, socialmente, durante suas viv\u00eancias com amigos de escola e nas distintas intera\u00e7\u00f5es comunit\u00e1rias. Na fase de se reconhecerem como sujeitos do mundo \u00e9 que percebem suas pr\u00f3prias prioridades, o que lhes \u00e9 mais importante e urgente naquele momento e o que lhes movimenta romper de vez com o cord\u00e3o umbilical simb\u00f3lico para ganhar a sonhada independ\u00eancia. Isso se d\u00e1, geralmente, quando conquistam a autonomia financeira e passam a tomar decis\u00f5es importantes e assumir as consequ\u00eancias de cada uma delas. Ainda que n\u00e3o tenha sido a primeira experi\u00eancia profissional de todos aqueles filhos e filhas que decidiram ingressar na carreira policial militar, sem d\u00favidas, constitui a mais marcante delas. E por uma s\u00e9rie de motivos.<\/p>\n\n\n\n<figure class=\"wp-block-gallery has-nested-images columns-default is-cropped wp-block-gallery-1 is-layout-flex wp-block-gallery-is-layout-flex\">\n<figure class=\"wp-block-image size-large is-style-default\"><img loading=\"lazy\" decoding=\"async\" width=\"785\" height=\"640\" data-id=\"24731\" src=\"https:\/\/diariotribuna.com.br\/wp-content\/uploads\/2024\/05\/Entrega-da-boina.jpeg\" alt=\"\" class=\"wp-image-24731\" srcset=\"https:\/\/diariotribuna.com.br\/wp-content\/uploads\/2024\/05\/Entrega-da-boina.jpeg 785w, https:\/\/diariotribuna.com.br\/wp-content\/uploads\/2024\/05\/Entrega-da-boina-300x245.jpeg 300w, https:\/\/diariotribuna.com.br\/wp-content\/uploads\/2024\/05\/Entrega-da-boina-768x626.jpeg 768w, https:\/\/diariotribuna.com.br\/wp-content\/uploads\/2024\/05\/Entrega-da-boina-696x567.jpeg 696w, https:\/\/diariotribuna.com.br\/wp-content\/uploads\/2024\/05\/Entrega-da-boina-515x420.jpeg 515w\" sizes=\"(max-width: 785px) 100vw, 785px\" \/><\/figure>\n\n\n\n<figure class=\"wp-block-image size-large is-style-default\"><img loading=\"lazy\" decoding=\"async\" width=\"1024\" height=\"664\" data-id=\"24732\" src=\"https:\/\/diariotribuna.com.br\/wp-content\/uploads\/2024\/05\/Cerimonia-de-entrega-da-boina-1024x664.jpeg\" alt=\"\" class=\"wp-image-24732\" srcset=\"https:\/\/diariotribuna.com.br\/wp-content\/uploads\/2024\/05\/Cerimonia-de-entrega-da-boina-1024x664.jpeg 1024w, https:\/\/diariotribuna.com.br\/wp-content\/uploads\/2024\/05\/Cerimonia-de-entrega-da-boina-300x195.jpeg 300w, https:\/\/diariotribuna.com.br\/wp-content\/uploads\/2024\/05\/Cerimonia-de-entrega-da-boina-768x498.jpeg 768w, https:\/\/diariotribuna.com.br\/wp-content\/uploads\/2024\/05\/Cerimonia-de-entrega-da-boina-696x451.jpeg 696w, https:\/\/diariotribuna.com.br\/wp-content\/uploads\/2024\/05\/Cerimonia-de-entrega-da-boina-1068x692.jpeg 1068w, https:\/\/diariotribuna.com.br\/wp-content\/uploads\/2024\/05\/Cerimonia-de-entrega-da-boina-648x420.jpeg 648w, https:\/\/diariotribuna.com.br\/wp-content\/uploads\/2024\/05\/Cerimonia-de-entrega-da-boina.jpeg 1200w\" sizes=\"(max-width: 1024px) 100vw, 1024px\" \/><\/figure>\n<figcaption class=\"blocks-gallery-caption wp-element-caption\"><strong>Pol\u00edcia Militar de Minas Gerais &#8211; cerim\u00f4nia da entrega de boina<\/strong><\/figcaption><\/figure>\n\n\n\n<p>Na condi\u00e7\u00e3o de m\u00e3e, ainda em adapta\u00e7\u00e3o pela escolha do filho, ouso discorrer sobre a experi\u00eancia de partilhar o processo de forma\u00e7\u00e3o de um soldado da Pol\u00edcia Militar mineira, assim como mais de uma centena de outras m\u00e3es dos alunos que ingressaram na escola de pol\u00edcia sediada em Te\u00f3filo Otoni\/MG. Desde a fase de prepara\u00e7\u00e3o para as provas at\u00e9 o marco do primeiro dia das m\u00e3es como efetivos policiais, muita coisa aconteceu na vida dos filhos e, consequentemente, na vida das m\u00e3es.<\/p>\n\n\n\n<p>Isso porque, s\u00e3o as m\u00e3es que, embora tenham incentivado, sentem seus cora\u00e7\u00f5es apertando ao ver, dia ap\u00f3s dia, seus filhos trancados nos seus quartos, horas e horas do dia e da noite no esfor\u00e7o de absorver o m\u00e1ximo de conte\u00fado para se dar bem no dia da prova escrita. Alguns dedicaram meses e at\u00e9 anos para que conseguissem, enfim, o sucesso almejado. Foram tempos de ren\u00fancia que n\u00e3o findariam naquela fase. Ap\u00f3s comprovarem aptid\u00e3o cognitiva, ainda precisam vencer as fases f\u00edsica e psicol\u00f3gica. Etapas que s\u00f3 aqueles que se dispuseram t\u00eam no\u00e7\u00e3o do quanto custa ao emocional e tamb\u00e9m, ao bolso.<\/p>\n\n\n\n<p>N\u00e3o raro, o soldado aluno tem a interpreta\u00e7\u00e3o de que o mais dif\u00edcil quanto ao ingresso na PMMG s\u00e3o as etapas para a admiss\u00e3o. Que equ\u00edvoco! A fase mais desafiante \u00e9, sem d\u00favidas, o curso de forma\u00e7\u00e3o. L\u00e1 \u00e9 que se d\u00e1 mais uma peneirada, em meio \u00e0 dor e ao sofrimento de conhecer seus pr\u00f3prios limites f\u00edsicos e psicol\u00f3gicos.<\/p>\n\n\n\n<p>Sim, o cora\u00e7\u00e3o aperta. Porque diferentemente de outras m\u00e3es que assistem o progresso dos filhos, orgulhosas por suas conquistas, eu, al\u00e9m de m\u00e3e de um policial em forma\u00e7\u00e3o, estou h\u00e1 quase 14 anos como profissional dessa que \u00e9 uma das carreiras mais desafiantes do nosso tempo. O of\u00edcio de pol\u00edcia \u00e9 glamouroso, mas, de simples, n\u00e3o tem nada. \u00c9 doloroso, cansa o corpo, a alma e maltrata esse \u00edntimo ao preparar a mente para um \u201cposs\u00edvel\u201d que nenhum de n\u00f3s deseja que um dia aconte\u00e7a. Mas, sendo da natureza da profiss\u00e3o, \u00e9 bom que estejamos todos preparados.<\/p>\n\n\n\n<p>Os treinamentos do presente est\u00e3o mais intensos. Arrisco dizer que, at\u00e9 hoje, foi o mais pesado dos cursos de forma\u00e7\u00e3o realizados pela 221\u00aa Companhia Escola da 15\u00aa Regi\u00e3o, sediada em Te\u00f3filo Otoni\/MG. Minhas l\u00e1grimas durante a cerim\u00f4nia de entrega da boina, quando oficialmente vestiram a farda, foram tamb\u00e9m, por esta raz\u00e3o. \u00c9 satisfat\u00f3rio, como m\u00e3e, saber que seu filho se desafia, \u00e9 aguerrido, forte e corajoso. Qualidades que todos esses novos policiais t\u00eam por terem chegado firmes at\u00e9 aquele dia 27\/03\/24, sem um \u00fanico dia inteiro de folga desde o ingresso, em 13\/12\/23. A turma CFSD 2024 \u00e9 a maior da \u00faltima d\u00e9cada (+- 150 alunos) e tem sido preparada por uma das equipes mais t\u00e9cnicas que a Cia Escola j\u00e1 teve. Por isso, o aperto no cora\u00e7\u00e3o e a preocupa\u00e7\u00e3o da m\u00e3e, por vezes, d\u00e1 lugar \u00e0 tranquilidade da profissional que est\u00e1 certa de que ser\u00e1 formado um excelente policial militar.<\/p>\n\n\n\n<p>Apesar disso, sei que para muitas m\u00e3es que jamais tiveram a experi\u00eancia de vivenciar o que \u00e9 o ambiente militar, esse processo \u00e9 assustador e doloroso. Priva\u00e7\u00e3o do sono e exerc\u00edcios at\u00e9 a exaust\u00e3o, fizeram parte dos tr\u00eas primeiros meses de jornada. Para as m\u00e3es, n\u00e3o \u00e9 nada f\u00e1cil ter que incentivar os filhos, ao mesmo tempo que sofrer com suas dores. M\u00e3os calejadas, rotina alterada, agita\u00e7\u00e3o e ren\u00fancia comp\u00f5em essa fase que exige em todo e qualquer parte do dia, a disciplina. Disciplina para acordar de madrugada, para lavar e passar a farda, para preparar o lanche, para se alimentar adequadamente, para fazer os trabalhos de classe, para manter os olhos abertos em sala e o corpo apoiado na carteira, quando o que ele pede \u00e9 o ch\u00e3o.<\/p>\n\n\n\n<p>As m\u00e3es sabem que o desafio \u00e9 a grandeza dos gigantes. J\u00e1 n\u00e3o consegue fazer muito. Sequer clarear as camisas brancas sujas de lama. Nenhuma receita deu certo e a afli\u00e7\u00e3o tomou conta. A gente se sente impotente e algumas sentem mais do que outras. Afinal, m\u00e3es protegem, guiam e indicam os caminhos com menos riscos para seus filhos. No meu caso, sabendo da realidade desse tipo de servi\u00e7o, n\u00e3o foi diferente. Mas, se a escolha \u00e9 dos filhos, que criamos para o mundo, como poderia orientar: \u201cn\u00e3o fa\u00e7a\u201d, estando eu em uma das profiss\u00f5es mais arriscadas de nosso tempo? Dif\u00edcil, n\u00e3o \u00e9? Tenho certeza de que os colegas das for\u00e7as de seguran\u00e7a entendem o que digo. Os leitores civis, talvez tenham d\u00favidas e contestem, uma vez que o servi\u00e7o p\u00fablico \u00e9 associado a certas vantagens. No entanto, n\u00e3o se trata de qualquer servi\u00e7o p\u00fablico. Esse, mais que qualquer outro, lida diretamente com riscos reais \u00e0 vida pr\u00f3pria e alheia. E nenhum outro servi\u00e7o p\u00fablico est\u00e1 t\u00e3o exposto a isso. E mesmo que digam: \u201cmas, por que ent\u00e3o escolheu isso?\u201d, respondo sem hesitar: algu\u00e9m precisa faz\u00ea-lo! \u00c9 importante que os bons filhos o fa\u00e7am.<\/p>\n","protected":false},"excerpt":{"rendered":"<p>Se n\u00f3s, no lugar de m\u00e3es, entendermos que criamos os filhos para o mundo e n\u00e3o para n\u00f3s, se torna menos conflitante tentar compreender suas escolhas na fase adolescente ou adulta. Decerto, o caminho que seguem reflete aprendizados e est\u00edmulos que tiveram ao longo da vida, n\u00e3o apenas a partir do n\u00facleo familiar, mas tamb\u00e9m, [&hellip;]<\/p>\n","protected":false},"author":1,"featured_media":24731,"comment_status":"open","ping_status":"open","sticky":false,"template":"","format":"standard","meta":{"rop_custom_images_group":[],"rop_custom_messages_group":[],"rop_publish_now":"initial","rop_publish_now_accounts":[],"rop_publish_now_history":[],"rop_publish_now_status":"pending","footnotes":""},"categories":[25,24],"tags":[42,6307,1194,75],"class_list":["post-24729","post","type-post","status-publish","format-standard","has-post-thumbnail","hentry","category-destaque","category-opiniao","tag-diario-tribuna","tag-filho-pm","tag-juliana-lemes","tag-teofilo-otoni"],"_links":{"self":[{"href":"https:\/\/diariotribuna.com.br\/index.php?rest_route=\/wp\/v2\/posts\/24729"}],"collection":[{"href":"https:\/\/diariotribuna.com.br\/index.php?rest_route=\/wp\/v2\/posts"}],"about":[{"href":"https:\/\/diariotribuna.com.br\/index.php?rest_route=\/wp\/v2\/types\/post"}],"author":[{"embeddable":true,"href":"https:\/\/diariotribuna.com.br\/index.php?rest_route=\/wp\/v2\/users\/1"}],"replies":[{"embeddable":true,"href":"https:\/\/diariotribuna.com.br\/index.php?rest_route=%2Fwp%2Fv2%2Fcomments&post=24729"}],"version-history":[{"count":1,"href":"https:\/\/diariotribuna.com.br\/index.php?rest_route=\/wp\/v2\/posts\/24729\/revisions"}],"predecessor-version":[{"id":24733,"href":"https:\/\/diariotribuna.com.br\/index.php?rest_route=\/wp\/v2\/posts\/24729\/revisions\/24733"}],"wp:featuredmedia":[{"embeddable":true,"href":"https:\/\/diariotribuna.com.br\/index.php?rest_route=\/wp\/v2\/media\/24731"}],"wp:attachment":[{"href":"https:\/\/diariotribuna.com.br\/index.php?rest_route=%2Fwp%2Fv2%2Fmedia&parent=24729"}],"wp:term":[{"taxonomy":"category","embeddable":true,"href":"https:\/\/diariotribuna.com.br\/index.php?rest_route=%2Fwp%2Fv2%2Fcategories&post=24729"},{"taxonomy":"post_tag","embeddable":true,"href":"https:\/\/diariotribuna.com.br\/index.php?rest_route=%2Fwp%2Fv2%2Ftags&post=24729"}],"curies":[{"name":"wp","href":"https:\/\/api.w.org\/{rel}","templated":true}]}}