{"id":24734,"date":"2024-05-28T22:27:09","date_gmt":"2024-05-29T01:27:09","guid":{"rendered":"https:\/\/diariotribuna.com.br\/?p=24734"},"modified":"2024-06-05T19:09:15","modified_gmt":"2024-06-05T22:09:15","slug":"dois-homens-sao-mortos-a-tiros-no-bairro-manoel-pimenta-em-teofilo-otoni","status":"publish","type":"post","link":"https:\/\/diariotribuna.com.br\/?p=24734","title":{"rendered":"Dois homens s\u00e3o mortos a tiros no bairro Manoel Pimenta, em Te\u00f3filo Otoni"},"content":{"rendered":"\n<figure class=\"wp-block-image size-full is-resized is-style-default\"><img loading=\"lazy\" decoding=\"async\" width=\"700\" height=\"394\" src=\"https:\/\/diariotribuna.com.br\/wp-content\/uploads\/2024\/05\/665a716f-8c31-4520-9ad2-6c2d5bb61822.jpg\" alt=\"\" class=\"wp-image-24735\" style=\"width:465px;height:auto\" srcset=\"https:\/\/diariotribuna.com.br\/wp-content\/uploads\/2024\/05\/665a716f-8c31-4520-9ad2-6c2d5bb61822.jpg 700w, https:\/\/diariotribuna.com.br\/wp-content\/uploads\/2024\/05\/665a716f-8c31-4520-9ad2-6c2d5bb61822-300x169.jpg 300w, https:\/\/diariotribuna.com.br\/wp-content\/uploads\/2024\/05\/665a716f-8c31-4520-9ad2-6c2d5bb61822-696x392.jpg 696w\" sizes=\"(max-width: 700px) 100vw, 700px\" \/><figcaption class=\"wp-element-caption\"><strong>V\u00edtimas fatais: Manuel Ad\u00e3o Carvalho de Souza, 53 anos,<br>e Vanildo Vieira da Silva, 56<\/strong><\/figcaption><\/figure>\n\n\n\n<p>A Pol\u00edcia Militar foi acionada na noite de segunda-feira (27\/5), por volta das 23h, com informa\u00e7\u00f5es de disparos de arma de fogo na Avenida Floriano Peixoto, bairro Manoel Pimenta, em Te\u00f3filo Otoni, imedia\u00e7\u00f5es da &#8220;Pra\u00e7a da B\u00edblia&#8221;, onde dois homens estavam ca\u00eddos na via p\u00fablica, e um deles j\u00e1 estaria sem vida. Uma equipe foi ao local, e os dois estavam em frente a um estabelecimento comercial, j\u00e1 sem sinais vitais.<\/p>\n\n\n\n<p>Os militares isolaram o per\u00edmetro e acionaram a per\u00edcia t\u00e9cnica da Pol\u00edcia Civil, ap\u00f3s os trabalhos as duas <strong>v\u00edtimas identificadas como sendo Manuel Ad\u00e3o Carvalho de Souza, 53 anos, e Vanildo Vieira da Silva, 56<\/strong>, foram encaminhadas ao IML para necropsia. Os dois residiam no mesmo bairro onde foram executados a tiros. Foi constatado pelo perito que Vanildo apresentava v\u00e1rias perfura\u00e7\u00f5es provenientes de disparos de arma de fogo nas costas, e Manuel com perfura\u00e7\u00f5es na cabe\u00e7a.<\/p>\n\n\n\n<p>A per\u00edcia n\u00e3o mensurou quantos disparos havia em cada uma das v\u00edtimas, e durante os trabalhos foram recolhidos 9 estojos e 5 proj\u00e9teis compat\u00edveis com calibre 380. Os policiais receberam informa\u00e7\u00f5es an\u00f4nimas que dois indiv\u00edduos em uma moto baixa passaram pelo local e efetuaram os disparos que vitimaram Manuel e Vanildo, e que um dos autores seria um homem de 32 anos, j\u00e1 qualificado como suspeito.<\/p>\n\n\n\n<p>Pr\u00f3ximo onde ocorreram os crimes tem c\u00e2meras de monitoramento que podem ter capturado a a\u00e7\u00e3o dos autores e ajudar na elucida\u00e7\u00e3o dos fatos. Segundo a pol\u00edcia, foi checado o prontu\u00e1rio de uma das v\u00edtimas, e tinha registro de furto e uso de drogas. A dra. H\u00e9rika Ribeiro Sena, titular da Delegacia de Homic\u00eddios de Te\u00f3filo Otoni, est\u00e1 \u00e0 frente das investiga\u00e7\u00f5es.<\/p>\n","protected":false},"excerpt":{"rendered":"<p>A Pol\u00edcia Militar foi acionada na noite de segunda-feira (27\/5), por volta das 23h, com informa\u00e7\u00f5es de disparos de arma de fogo na Avenida Floriano Peixoto, bairro Manoel Pimenta, em Te\u00f3filo Otoni, imedia\u00e7\u00f5es da &#8220;Pra\u00e7a da B\u00edblia&#8221;, onde dois homens estavam ca\u00eddos na via p\u00fablica, e um deles j\u00e1 estaria sem vida. Uma equipe foi [&hellip;]<\/p>\n","protected":false},"author":1,"featured_media":24735,"comment_status":"open","ping_status":"open","sticky":false,"template":"","format":"standard","meta":{"rop_custom_images_group":[],"rop_custom_messages_group":[],"rop_publish_now":"initial","rop_publish_now_accounts":[],"rop_publish_now_history":[],"rop_publish_now_status":"pending","footnotes":""},"categories":[20],"tags":[2077,646,292,76,75],"class_list":["post-24734","post","type-post","status-publish","format-standard","has-post-thumbnail","hentry","category-policia","tag-duplo-homicidio","tag-manoel-pimenta","tag-policia-civil","tag-policia-militar","tag-teofilo-otoni"],"_links":{"self":[{"href":"https:\/\/diariotribuna.com.br\/index.php?rest_route=\/wp\/v2\/posts\/24734"}],"collection":[{"href":"https:\/\/diariotribuna.com.br\/index.php?rest_route=\/wp\/v2\/posts"}],"about":[{"href":"https:\/\/diariotribuna.com.br\/index.php?rest_route=\/wp\/v2\/types\/post"}],"author":[{"embeddable":true,"href":"https:\/\/diariotribuna.com.br\/index.php?rest_route=\/wp\/v2\/users\/1"}],"replies":[{"embeddable":true,"href":"https:\/\/diariotribuna.com.br\/index.php?rest_route=%2Fwp%2Fv2%2Fcomments&post=24734"}],"version-history":[{"count":1,"href":"https:\/\/diariotribuna.com.br\/index.php?rest_route=\/wp\/v2\/posts\/24734\/revisions"}],"predecessor-version":[{"id":24736,"href":"https:\/\/diariotribuna.com.br\/index.php?rest_route=\/wp\/v2\/posts\/24734\/revisions\/24736"}],"wp:featuredmedia":[{"embeddable":true,"href":"https:\/\/diariotribuna.com.br\/index.php?rest_route=\/wp\/v2\/media\/24735"}],"wp:attachment":[{"href":"https:\/\/diariotribuna.com.br\/index.php?rest_route=%2Fwp%2Fv2%2Fmedia&parent=24734"}],"wp:term":[{"taxonomy":"category","embeddable":true,"href":"https:\/\/diariotribuna.com.br\/index.php?rest_route=%2Fwp%2Fv2%2Fcategories&post=24734"},{"taxonomy":"post_tag","embeddable":true,"href":"https:\/\/diariotribuna.com.br\/index.php?rest_route=%2Fwp%2Fv2%2Ftags&post=24734"}],"curies":[{"name":"wp","href":"https:\/\/api.w.org\/{rel}","templated":true}]}}