{"id":24737,"date":"2024-05-28T22:57:52","date_gmt":"2024-05-29T01:57:52","guid":{"rendered":"https:\/\/diariotribuna.com.br\/?p=24737"},"modified":"2024-06-02T23:12:05","modified_gmt":"2024-06-03T02:12:05","slug":"espaco-de-lazer-sesc-leva-diversao-gratuita-as-criancas-de-itambacuri-e-nova-modica","status":"publish","type":"post","link":"https:\/\/diariotribuna.com.br\/?p=24737","title":{"rendered":"Espa\u00e7o de Lazer Sesc leva divers\u00e3o gratuita \u00e0s crian\u00e7as de Itambacuri e Nova M\u00f3dica"},"content":{"rendered":"\n<figure class=\"wp-block-gallery has-nested-images columns-default is-cropped wp-block-gallery-1 is-layout-flex wp-block-gallery-is-layout-flex\">\n<figure class=\"wp-block-image size-large is-style-default\"><img loading=\"lazy\" decoding=\"async\" width=\"600\" height=\"385\" data-id=\"24739\" src=\"https:\/\/diariotribuna.com.br\/wp-content\/uploads\/2024\/05\/63878cc4-23a3-4617-b822-38570ff266c0.jpg\" alt=\"\" class=\"wp-image-24739\" srcset=\"https:\/\/diariotribuna.com.br\/wp-content\/uploads\/2024\/05\/63878cc4-23a3-4617-b822-38570ff266c0.jpg 600w, https:\/\/diariotribuna.com.br\/wp-content\/uploads\/2024\/05\/63878cc4-23a3-4617-b822-38570ff266c0-300x193.jpg 300w\" sizes=\"(max-width: 600px) 100vw, 600px\" \/><\/figure>\n\n\n\n<figure class=\"wp-block-image size-large is-style-default\"><img loading=\"lazy\" decoding=\"async\" width=\"700\" height=\"432\" data-id=\"24740\" src=\"https:\/\/diariotribuna.com.br\/wp-content\/uploads\/2024\/05\/9e4d8015-3eda-490d-bc4c-3f626dabeef3.jpg\" alt=\"\" class=\"wp-image-24740\" srcset=\"https:\/\/diariotribuna.com.br\/wp-content\/uploads\/2024\/05\/9e4d8015-3eda-490d-bc4c-3f626dabeef3.jpg 700w, https:\/\/diariotribuna.com.br\/wp-content\/uploads\/2024\/05\/9e4d8015-3eda-490d-bc4c-3f626dabeef3-300x185.jpg 300w, https:\/\/diariotribuna.com.br\/wp-content\/uploads\/2024\/05\/9e4d8015-3eda-490d-bc4c-3f626dabeef3-356x220.jpg 356w, https:\/\/diariotribuna.com.br\/wp-content\/uploads\/2024\/05\/9e4d8015-3eda-490d-bc4c-3f626dabeef3-696x430.jpg 696w, https:\/\/diariotribuna.com.br\/wp-content\/uploads\/2024\/05\/9e4d8015-3eda-490d-bc4c-3f626dabeef3-681x420.jpg 681w\" sizes=\"(max-width: 700px) 100vw, 700px\" \/><\/figure>\n<\/figure>\n\n\n\n<p>No s\u00e1bado e domingo, dias 25 e 26 de maio, as cidades de Itambacuri e Nova M\u00f3dica, respectivamente, foram agraciados com um evento que encantou crian\u00e7as e adultos. Das 9h \u00e0s 13h, o Espa\u00e7o de Lazer Sesc tomou conta da pra\u00e7a central das cidades, levando muita divers\u00e3o e entretenimento aos participantes. Promovido pelo Sesc Minas, com o apoio do Minist\u00e9rio P\u00fablico Itinerante e o Sindcom\u00e9rcio Te\u00f3filo Otoni o evento ofereceu uma variedade de atividades gratuitas.<\/p>\n\n\n\n<p>Proporcionando momentos de lazer e descontra\u00e7\u00e3o para os pequenos moradores da cidade e seus familiares. Desde jogos recreativos at\u00e9 brinquedos infl\u00e1veis, havia op\u00e7\u00f5es para todos os gostos e idades. O Espa\u00e7o de Lazer Sesc \u00e9 parte de um projeto que visa democratizar o acesso \u00e0 cultura, ao lazer e ao entretenimento, especialmente para comunidades que muitas vezes t\u00eam pouco acesso a essas oportunidades. Por isso, \u00e9 uma iniciativa que recebe apoio e reconhecimento de diversos setores da sociedade.<\/p>\n\n\n\n<figure class=\"wp-block-gallery has-nested-images columns-default is-cropped wp-block-gallery-2 is-layout-flex wp-block-gallery-is-layout-flex\">\n<figure class=\"wp-block-image size-large is-style-default\"><img loading=\"lazy\" decoding=\"async\" width=\"600\" height=\"353\" data-id=\"24743\" src=\"https:\/\/diariotribuna.com.br\/wp-content\/uploads\/2024\/05\/cf04cfd7-12bf-4494-8991-7110ce635fbe.jpg\" alt=\"\" class=\"wp-image-24743\" srcset=\"https:\/\/diariotribuna.com.br\/wp-content\/uploads\/2024\/05\/cf04cfd7-12bf-4494-8991-7110ce635fbe.jpg 600w, https:\/\/diariotribuna.com.br\/wp-content\/uploads\/2024\/05\/cf04cfd7-12bf-4494-8991-7110ce635fbe-300x177.jpg 300w\" sizes=\"(max-width: 600px) 100vw, 600px\" \/><\/figure>\n\n\n\n<figure class=\"wp-block-image size-large is-style-default\"><img loading=\"lazy\" decoding=\"async\" width=\"600\" height=\"349\" data-id=\"24742\" src=\"https:\/\/diariotribuna.com.br\/wp-content\/uploads\/2024\/05\/b9f2ffc6-2bb5-4f85-9898-82a409677277.jpg\" alt=\"\" class=\"wp-image-24742\" srcset=\"https:\/\/diariotribuna.com.br\/wp-content\/uploads\/2024\/05\/b9f2ffc6-2bb5-4f85-9898-82a409677277.jpg 600w, https:\/\/diariotribuna.com.br\/wp-content\/uploads\/2024\/05\/b9f2ffc6-2bb5-4f85-9898-82a409677277-300x175.jpg 300w\" sizes=\"(max-width: 600px) 100vw, 600px\" \/><\/figure>\n\n\n\n<figure class=\"wp-block-image size-large is-style-default\"><img loading=\"lazy\" decoding=\"async\" width=\"600\" height=\"366\" data-id=\"24744\" src=\"https:\/\/diariotribuna.com.br\/wp-content\/uploads\/2024\/05\/6823ee72-e2d5-40a1-b859-57bdd82df167-1.jpg\" alt=\"\" class=\"wp-image-24744\" srcset=\"https:\/\/diariotribuna.com.br\/wp-content\/uploads\/2024\/05\/6823ee72-e2d5-40a1-b859-57bdd82df167-1.jpg 600w, https:\/\/diariotribuna.com.br\/wp-content\/uploads\/2024\/05\/6823ee72-e2d5-40a1-b859-57bdd82df167-1-300x183.jpg 300w\" sizes=\"(max-width: 600px) 100vw, 600px\" \/><\/figure>\n<\/figure>\n\n\n\n<p>A equipe do Sindcom\u00e9rcio esteve presente, mostrando como \u00e9 importante o apoio entre institui\u00e7\u00f5es para fortalecer as comunidades e promover o desenvolvimento social. O Sesc, como parte do Sistema S, \u00e9 um exemplo do retorno da contribui\u00e7\u00e3o paga pelos empres\u00e1rios do com\u00e9rcio de bens servi\u00e7os e turismo, revertidos em benef\u00edcios para toda a sociedade. Eventos como esse destacam o compromisso do Sesc em promover o bem-estar e a qualidade de vida das pessoas, contribuindo para a constru\u00e7\u00e3o de uma sociedade mais justa e inclusiva.<\/p>\n\n\n\n<p>Ao final do dia, ficou a lembran\u00e7a de sorrisos e brincadeiras, demonstrando que iniciativas como essa s\u00e3o essenciais para fortalecer os la\u00e7os comunit\u00e1rios e proporcionar momentos de felicidade e uni\u00e3o. Este evento reitera a import\u00e2ncia de investimentos em iniciativas sociais e culturais, que promovem o desenvolvimento integral das pessoas e das comunidades, deixando um legado positivo para as gera\u00e7\u00f5es futuras. (Assessoria de comunica\u00e7\u00e3o\/ Sindcom\u00e9rcio Te\u00f3filo Otoni).<\/p>\n","protected":false},"excerpt":{"rendered":"<p>No s\u00e1bado e domingo, dias 25 e 26 de maio, as cidades de Itambacuri e Nova M\u00f3dica, respectivamente, foram agraciados com um evento que encantou crian\u00e7as e adultos. Das 9h \u00e0s 13h, o Espa\u00e7o de Lazer Sesc tomou conta da pra\u00e7a central das cidades, levando muita divers\u00e3o e entretenimento aos participantes. Promovido pelo Sesc Minas, [&hellip;]<\/p>\n","protected":false},"author":1,"featured_media":24740,"comment_status":"open","ping_status":"open","sticky":false,"template":"","format":"standard","meta":{"rop_custom_images_group":[],"rop_custom_messages_group":[],"rop_publish_now":"initial","rop_publish_now_accounts":[],"rop_publish_now_history":[],"rop_publish_now_status":"pending","footnotes":""},"categories":[19],"tags":[96,6308,5190,2879,221,75],"class_list":["post-24737","post","type-post","status-publish","format-standard","has-post-thumbnail","hentry","category-gerais","tag-itambacuri","tag-mp-itinerante","tag-nova-modica","tag-sesc","tag-sindcomercio","tag-teofilo-otoni"],"_links":{"self":[{"href":"https:\/\/diariotribuna.com.br\/index.php?rest_route=\/wp\/v2\/posts\/24737"}],"collection":[{"href":"https:\/\/diariotribuna.com.br\/index.php?rest_route=\/wp\/v2\/posts"}],"about":[{"href":"https:\/\/diariotribuna.com.br\/index.php?rest_route=\/wp\/v2\/types\/post"}],"author":[{"embeddable":true,"href":"https:\/\/diariotribuna.com.br\/index.php?rest_route=\/wp\/v2\/users\/1"}],"replies":[{"embeddable":true,"href":"https:\/\/diariotribuna.com.br\/index.php?rest_route=%2Fwp%2Fv2%2Fcomments&post=24737"}],"version-history":[{"count":2,"href":"https:\/\/diariotribuna.com.br\/index.php?rest_route=\/wp\/v2\/posts\/24737\/revisions"}],"predecessor-version":[{"id":24751,"href":"https:\/\/diariotribuna.com.br\/index.php?rest_route=\/wp\/v2\/posts\/24737\/revisions\/24751"}],"wp:featuredmedia":[{"embeddable":true,"href":"https:\/\/diariotribuna.com.br\/index.php?rest_route=\/wp\/v2\/media\/24740"}],"wp:attachment":[{"href":"https:\/\/diariotribuna.com.br\/index.php?rest_route=%2Fwp%2Fv2%2Fmedia&parent=24737"}],"wp:term":[{"taxonomy":"category","embeddable":true,"href":"https:\/\/diariotribuna.com.br\/index.php?rest_route=%2Fwp%2Fv2%2Fcategories&post=24737"},{"taxonomy":"post_tag","embeddable":true,"href":"https:\/\/diariotribuna.com.br\/index.php?rest_route=%2Fwp%2Fv2%2Ftags&post=24737"}],"curies":[{"name":"wp","href":"https:\/\/api.w.org\/{rel}","templated":true}]}}