{"id":24808,"date":"2024-06-06T00:30:32","date_gmt":"2024-06-06T03:30:32","guid":{"rendered":"https:\/\/diariotribuna.com.br\/?p=24808"},"modified":"2024-06-06T23:01:58","modified_gmt":"2024-06-07T02:01:58","slug":"pcmg-lanca-dados-sobre-desaparecimento-em-plataforma-online","status":"publish","type":"post","link":"https:\/\/diariotribuna.com.br\/?p=24808","title":{"rendered":"PCMG lan\u00e7a dados sobre desaparecimento em plataforma online"},"content":{"rendered":"\n<figure class=\"wp-block-image size-full is-resized is-style-default\"><img loading=\"lazy\" decoding=\"async\" width=\"700\" height=\"467\" src=\"https:\/\/diariotribuna.com.br\/wp-content\/uploads\/2024\/06\/1T8A3021.jpg\" alt=\"\" class=\"wp-image-24809\" style=\"width:434px;height:auto\" srcset=\"https:\/\/diariotribuna.com.br\/wp-content\/uploads\/2024\/06\/1T8A3021.jpg 700w, https:\/\/diariotribuna.com.br\/wp-content\/uploads\/2024\/06\/1T8A3021-300x200.jpg 300w, https:\/\/diariotribuna.com.br\/wp-content\/uploads\/2024\/06\/1T8A3021-696x464.jpg 696w, https:\/\/diariotribuna.com.br\/wp-content\/uploads\/2024\/06\/1T8A3021-630x420.jpg 630w\" sizes=\"(max-width: 700px) 100vw, 700px\" \/><\/figure>\n\n\n\n<p>A Pol\u00edcia Civil de Minas Gerais (PCMG) lan\u00e7a oficialmente, nesta sexta-feira (7\/6), na plataforma online Microsoft Power BI, dados sobre pessoas desaparecidas e localizadas em todo o estado. Os dados, disponibilizados para consulta p\u00fablica, podem ser acessados por pessoas que tenham acesso \u00e0 Internet. Por meio desse servi\u00e7o, \u00e9 poss\u00edvel analisar de forma detalhada o cen\u00e1rio referente ao desaparecimento de pessoas em Minas Gerais, desde 2019 at\u00e9 atualmente.<\/p>\n\n\n\n<p>Segundo o diretor de Estat\u00edstica e An\u00e1lise Criminal da Superintend\u00eancia de Informa\u00e7\u00f5es e Intelig\u00eancia Policial (SIIP\/PCMG), delegado Diego Fabiano Alves, os dados sobre o quantitativo, bem como o perfil das pessoas desaparecidas e localizadas, foram extra\u00eddos da Base Integrada de Seguran\u00e7a P\u00fablica (Bisp), onde constam dados obtidos do sistema do Registro de Evento de Defesa Social (Reds). \u201cIsso ressalta o qu\u00e3o \u00e9 relevante o preenchimento correto e detalhado do Reds\u201d, avalia.<\/p>\n\n\n\n<p>De acordo com a chefe da Divis\u00e3o Especializada de Refer\u00eancia da Pessoa Desaparecida (DRPD), delegada Ingrid Estevam, a ferramenta contribuir\u00e1 substancialmente para que o cen\u00e1rio sobre o desaparecimento de pessoas em Minas Gerais seja ainda melhor compreendido.<\/p>\n\n\n\n<p>\u201cPara que haja a otimiza\u00e7\u00e3o de pol\u00edticas p\u00fablicas voltadas ao trabalho de localiza\u00e7\u00e3o de pessoas, \u00e9 fundamental termos o \u2018mapa\u2019 do desaparecimento no estado. Sabermos o n\u00famero de desaparecidos e localizados, conhecermos o perfil de desaparecidos, al\u00e9m de tantos outros dados relevantes, \u00e9, certamente, um grande avan\u00e7o da PCMG na mat\u00e9ria de desaparecimento\u201d, destaca Ingrid.<\/p>\n\n\n\n<p><strong>Efici\u00eancia e transpar\u00eancia &#8211;<\/strong> Para a chefe do Departamento Estadual de Investiga\u00e7\u00e3o de Homic\u00eddios e Prote\u00e7\u00e3o \u00e0 Pessoa (DHPP), delegada Alessandra Wilke, unidade \u00e0 qual a DRPD est\u00e1 vinculada, o projeto demonstra o esfor\u00e7o constante da PCMG em ser cada vez mais eficiente quando o assunto \u00e9 localiza\u00e7\u00e3o de pessoas desaparecidas.<\/p>\n\n\n\n<p>\u201cTermos essa plataforma on-line, dispon\u00edvel para consulta p\u00fablica, \u00e9 a materializa\u00e7\u00e3o da efici\u00eancia e da transpar\u00eancia com que a Pol\u00edcia Civil e o Governo de Minas Gerais v\u00eam tratando o desaparecimento de pessoas, um assunto t\u00e3o sens\u00edvel para a nossa sociedade\u201d, observa Alessandra.<\/p>\n\n\n\n<p><strong>Contribui\u00e7\u00e3o ao trabalho da imprensa &#8211;<\/strong> A ferramenta tamb\u00e9m ter\u00e1 grande aplicabilidade no trabalho da imprensa. \u201cA plataforma trar\u00e1 mais rapidez e autonomia para os jornalistas, que poder\u00e3o acessar os dados no momento que necessitarem, inclusive usando filtros de busca que os ajudar\u00e3o a se adequarem ao enfoque de cada pauta\u201d, explica a jornalista e analista da PCMG Iriana Mol. (Assessoria de comunica\u00e7\u00e3o\/ PCMG).<\/p>\n","protected":false},"excerpt":{"rendered":"<p>A Pol\u00edcia Civil de Minas Gerais (PCMG) lan\u00e7a oficialmente, nesta sexta-feira (7\/6), na plataforma online Microsoft Power BI, dados sobre pessoas desaparecidas e localizadas em todo o estado. Os dados, disponibilizados para consulta p\u00fablica, podem ser acessados por pessoas que tenham acesso \u00e0 Internet. Por meio desse servi\u00e7o, \u00e9 poss\u00edvel analisar de forma detalhada o [&hellip;]<\/p>\n","protected":false},"author":1,"featured_media":24809,"comment_status":"open","ping_status":"open","sticky":false,"template":"","format":"standard","meta":{"rop_custom_images_group":[],"rop_custom_messages_group":[],"rop_publish_now":"initial","rop_publish_now_accounts":[],"rop_publish_now_history":[],"rop_publish_now_status":"pending","footnotes":""},"categories":[19,1],"tags":[6325,70,6324,292],"class_list":["post-24808","post","type-post","status-publish","format-standard","has-post-thumbnail","hentry","category-gerais","category-sem-categoria","tag-desaparecimentos","tag-minas-gerais","tag-plataforma-online","tag-policia-civil"],"_links":{"self":[{"href":"https:\/\/diariotribuna.com.br\/index.php?rest_route=\/wp\/v2\/posts\/24808"}],"collection":[{"href":"https:\/\/diariotribuna.com.br\/index.php?rest_route=\/wp\/v2\/posts"}],"about":[{"href":"https:\/\/diariotribuna.com.br\/index.php?rest_route=\/wp\/v2\/types\/post"}],"author":[{"embeddable":true,"href":"https:\/\/diariotribuna.com.br\/index.php?rest_route=\/wp\/v2\/users\/1"}],"replies":[{"embeddable":true,"href":"https:\/\/diariotribuna.com.br\/index.php?rest_route=%2Fwp%2Fv2%2Fcomments&post=24808"}],"version-history":[{"count":1,"href":"https:\/\/diariotribuna.com.br\/index.php?rest_route=\/wp\/v2\/posts\/24808\/revisions"}],"predecessor-version":[{"id":24812,"href":"https:\/\/diariotribuna.com.br\/index.php?rest_route=\/wp\/v2\/posts\/24808\/revisions\/24812"}],"wp:featuredmedia":[{"embeddable":true,"href":"https:\/\/diariotribuna.com.br\/index.php?rest_route=\/wp\/v2\/media\/24809"}],"wp:attachment":[{"href":"https:\/\/diariotribuna.com.br\/index.php?rest_route=%2Fwp%2Fv2%2Fmedia&parent=24808"}],"wp:term":[{"taxonomy":"category","embeddable":true,"href":"https:\/\/diariotribuna.com.br\/index.php?rest_route=%2Fwp%2Fv2%2Fcategories&post=24808"},{"taxonomy":"post_tag","embeddable":true,"href":"https:\/\/diariotribuna.com.br\/index.php?rest_route=%2Fwp%2Fv2%2Ftags&post=24808"}],"curies":[{"name":"wp","href":"https:\/\/api.w.org\/{rel}","templated":true}]}}