{"id":24945,"date":"2024-06-19T21:36:51","date_gmt":"2024-06-20T00:36:51","guid":{"rendered":"https:\/\/diariotribuna.com.br\/?p=24945"},"modified":"2024-06-20T21:22:08","modified_gmt":"2024-06-21T00:22:08","slug":"homem-reage-a-abordagem-policial-e-alvejado-a-tiros-e-morre-no-hospital-em-aracuai","status":"publish","type":"post","link":"https:\/\/diariotribuna.com.br\/?p=24945","title":{"rendered":"Homem reage a abordagem policial, \u00e9 alvejado a tiros e morre no hospital, em Ara\u00e7ua\u00ed"},"content":{"rendered":"\n<figure class=\"wp-block-image size-full is-resized is-style-default\"><img loading=\"lazy\" decoding=\"async\" width=\"700\" height=\"421\" src=\"https:\/\/diariotribuna.com.br\/wp-content\/uploads\/2024\/06\/863db60e-ee3b-46ed-8273-8c019a2ec5c7.jpg\" alt=\"\" class=\"wp-image-24946\" style=\"width:454px;height:auto\" srcset=\"https:\/\/diariotribuna.com.br\/wp-content\/uploads\/2024\/06\/863db60e-ee3b-46ed-8273-8c019a2ec5c7.jpg 700w, https:\/\/diariotribuna.com.br\/wp-content\/uploads\/2024\/06\/863db60e-ee3b-46ed-8273-8c019a2ec5c7-300x180.jpg 300w, https:\/\/diariotribuna.com.br\/wp-content\/uploads\/2024\/06\/863db60e-ee3b-46ed-8273-8c019a2ec5c7-696x419.jpg 696w, https:\/\/diariotribuna.com.br\/wp-content\/uploads\/2024\/06\/863db60e-ee3b-46ed-8273-8c019a2ec5c7-698x420.jpg 698w\" sizes=\"(max-width: 700px) 100vw, 700px\" \/><\/figure>\n\n\n\n<p>A Pol\u00edcia Militar foi acionada na noite de ter\u00e7a-feira (18\/6), com informa\u00e7\u00e3o de que um comerciante teria sido amea\u00e7ado por um homem, de 29 anos, na comunidade Alfredo Gra\u00e7a, em raz\u00e3o do comerciante ter se negado a vender um saco de ra\u00e7\u00e3o, pois segundo ele, o homem era conhecido por n\u00e3o quitar as suas d\u00edvidas.<\/p>\n\n\n\n<p>Insatisfeito, o homem teria levantado a blusa e mostrado ao comerciante uma arma de fogo que portava, dizendo que ele \u201ciria ver\u201d. Se sentindo amea\u00e7ado, o comerciante acionou os militares, que levantaram informa\u00e7\u00f5es de que ele estaria se deslocando para a sede da cidade de Ara\u00e7ua\u00ed. Foi feito o cerco na regi\u00e3o e dilig\u00eancias em locais que ele costumava frequentar.<\/p>\n\n\n\n<p>Os policiais foram a uma resid\u00eancia do primo do autor, segundo a PM, onde ele costumava esconder, na rua Geraldo da Costa Almeida, bairro Vila Magn\u00f3lia, e ele foi visto sentado no quintal do im\u00f3vel. A pol\u00edcia informa ainda que, questionado se ele estaria armado, disse que n\u00e3o, mas, levou a m\u00e3o em sua cintura, dando in\u00edcio a retirada de um rev\u00f3lver, instante em que os militares ordenaram que ele largasse a arma de fogo, ele n\u00e3o largou, e os militares foram obrigados a atirar contra ele, para se defenderem.<\/p>\n\n\n\n<p>O autor foi atingido no t\u00f3rax e bra\u00e7o esquerdo. De imediato, os policiais o conduziram ao hospital municipal, mas n\u00e3o resistiu aos ferimentos e morreu. A arma de fogo marca I.N.A, calibre .32, com 2 muni\u00e7\u00f5es percutidas, e a motocicleta utilizada pelo autor foram apreendidas e entregues na delegacia de Pol\u00edcia Civil para as provid\u00eancias de pol\u00edcia judici\u00e1ria. (Informa\u00e7\u00f5es\/Foto: assessoria de comunica\u00e7\u00e3o do 70\u00ba BPM\/ Ara\u00e7ua\u00ed).<\/p>\n","protected":false},"excerpt":{"rendered":"<p>A Pol\u00edcia Militar foi acionada na noite de ter\u00e7a-feira (18\/6), com informa\u00e7\u00e3o de que um comerciante teria sido amea\u00e7ado por um homem, de 29 anos, na comunidade Alfredo Gra\u00e7a, em raz\u00e3o do comerciante ter se negado a vender um saco de ra\u00e7\u00e3o, pois segundo ele, o homem era conhecido por n\u00e3o quitar as suas d\u00edvidas. [&hellip;]<\/p>\n","protected":false},"author":1,"featured_media":24946,"comment_status":"open","ping_status":"open","sticky":false,"template":"","format":"standard","meta":{"rop_custom_images_group":[],"rop_custom_messages_group":[],"rop_publish_now":"initial","rop_publish_now_accounts":[],"rop_publish_now_history":[],"rop_publish_now_status":"pending","footnotes":""},"categories":[20],"tags":[438,6353,380,6352,76],"class_list":["post-24945","post","type-post","status-publish","format-standard","has-post-thumbnail","hentry","category-policia","tag-abordagem","tag-alvejado-a-tiros","tag-aracuai","tag-homem-reage","tag-policia-militar"],"_links":{"self":[{"href":"https:\/\/diariotribuna.com.br\/index.php?rest_route=\/wp\/v2\/posts\/24945"}],"collection":[{"href":"https:\/\/diariotribuna.com.br\/index.php?rest_route=\/wp\/v2\/posts"}],"about":[{"href":"https:\/\/diariotribuna.com.br\/index.php?rest_route=\/wp\/v2\/types\/post"}],"author":[{"embeddable":true,"href":"https:\/\/diariotribuna.com.br\/index.php?rest_route=\/wp\/v2\/users\/1"}],"replies":[{"embeddable":true,"href":"https:\/\/diariotribuna.com.br\/index.php?rest_route=%2Fwp%2Fv2%2Fcomments&post=24945"}],"version-history":[{"count":2,"href":"https:\/\/diariotribuna.com.br\/index.php?rest_route=\/wp\/v2\/posts\/24945\/revisions"}],"predecessor-version":[{"id":24949,"href":"https:\/\/diariotribuna.com.br\/index.php?rest_route=\/wp\/v2\/posts\/24945\/revisions\/24949"}],"wp:featuredmedia":[{"embeddable":true,"href":"https:\/\/diariotribuna.com.br\/index.php?rest_route=\/wp\/v2\/media\/24946"}],"wp:attachment":[{"href":"https:\/\/diariotribuna.com.br\/index.php?rest_route=%2Fwp%2Fv2%2Fmedia&parent=24945"}],"wp:term":[{"taxonomy":"category","embeddable":true,"href":"https:\/\/diariotribuna.com.br\/index.php?rest_route=%2Fwp%2Fv2%2Fcategories&post=24945"},{"taxonomy":"post_tag","embeddable":true,"href":"https:\/\/diariotribuna.com.br\/index.php?rest_route=%2Fwp%2Fv2%2Ftags&post=24945"}],"curies":[{"name":"wp","href":"https:\/\/api.w.org\/{rel}","templated":true}]}}