{"id":24954,"date":"2024-06-20T21:21:56","date_gmt":"2024-06-21T00:21:56","guid":{"rendered":"https:\/\/diariotribuna.com.br\/?p=24954"},"modified":"2024-06-21T21:00:22","modified_gmt":"2024-06-22T00:00:22","slug":"camara-municipal-concede-mocao-de-aplausos-aos-policiais-militares-de-serra-dos-aimores","status":"publish","type":"post","link":"https:\/\/diariotribuna.com.br\/?p=24954","title":{"rendered":"C\u00e2mara Municipal concede Mo\u00e7\u00e3o de Aplausos aos policiais militares de Serra dos Aimor\u00e9s"},"content":{"rendered":"\n<figure class=\"wp-block-image size-full is-resized is-style-default\"><img loading=\"lazy\" decoding=\"async\" width=\"700\" height=\"399\" src=\"https:\/\/diariotribuna.com.br\/wp-content\/uploads\/2024\/06\/cce53404-1fcb-4517-a171-84cf0467cac1.jpg\" alt=\"\" class=\"wp-image-24955\" style=\"width:502px;height:auto\" srcset=\"https:\/\/diariotribuna.com.br\/wp-content\/uploads\/2024\/06\/cce53404-1fcb-4517-a171-84cf0467cac1.jpg 700w, https:\/\/diariotribuna.com.br\/wp-content\/uploads\/2024\/06\/cce53404-1fcb-4517-a171-84cf0467cac1-300x171.jpg 300w, https:\/\/diariotribuna.com.br\/wp-content\/uploads\/2024\/06\/cce53404-1fcb-4517-a171-84cf0467cac1-696x397.jpg 696w\" sizes=\"(max-width: 700px) 100vw, 700px\" \/><\/figure>\n\n\n\n<p>A C\u00e2mara Municipal de Serra dos Aimor\u00e9s concedeu Mo\u00e7\u00e3o de Aplausos, na noite de segunda-feira (17\/6\/24), aos policiais militares daquele munic\u00edpio, como agraciamento pelos relevantes trabalhos realizados, como vem sendo demonstrado em n\u00fameros, onde a diminui\u00e7\u00e3o de crimes violentos teve uma queda significativa. As proposituras para as homenagens foram do vereador Kilmer Gonzaga de Azevedo (Avante), com a aprova\u00e7\u00e3o un\u00e2nime em plen\u00e1rio.<\/p>\n\n\n\n<p>A sess\u00e3o solene teve a presen\u00e7a do prefeito municipal Iran Pacheco Cordeiro (PDT), do comandante da 24\u00aa Cia PM Ind (Nanuque) tenente coronel Giovane Carlos Nogueira de Assis, diversas outras autoridades e da popula\u00e7\u00e3o local. O prefeito Iran Pacheco ressaltou a import\u00e2ncia da uni\u00e3o da Pol\u00edcia Militar e do Poder Executivo, que gera resultado positivo \u00e0 seguran\u00e7a p\u00fablica.<\/p>\n\n\n\n<figure class=\"wp-block-image size-full is-resized is-style-default\"><img loading=\"lazy\" decoding=\"async\" width=\"600\" height=\"396\" src=\"https:\/\/diariotribuna.com.br\/wp-content\/uploads\/2024\/06\/b4fa6e5c-5a82-4ef6-9b77-bd97c40a2d93.jpg\" alt=\"\" class=\"wp-image-24956\" style=\"width:478px;height:auto\" srcset=\"https:\/\/diariotribuna.com.br\/wp-content\/uploads\/2024\/06\/b4fa6e5c-5a82-4ef6-9b77-bd97c40a2d93.jpg 600w, https:\/\/diariotribuna.com.br\/wp-content\/uploads\/2024\/06\/b4fa6e5c-5a82-4ef6-9b77-bd97c40a2d93-300x198.jpg 300w\" sizes=\"(max-width: 600px) 100vw, 600px\" \/><\/figure>\n\n\n\n<p>O tenente coronel Assis, demonstrou satisfa\u00e7\u00e3o em saber que a Pol\u00edcia Militar est\u00e1 realizando um bom trabalho no munic\u00edpio e pelo reconhecimento da popula\u00e7\u00e3o, ressaltando que a diminui\u00e7\u00e3o dos \u00edndices de crimes violentos se deve ao trabalho \u00e1rduo de cada militar daquele destacamento.<\/p>\n\n\n\n<p>O presidente da C\u00e2mara Municipal, vereador Ildencarmo Ferreira Rosa Carrieiros (PT), ressaltou que a PM mineira \u00e9 a mais bem preparada do Brasil, pois hoje o cidad\u00e3o n\u00e3o sente somente a sensa\u00e7\u00e3o, mas a certeza de estar seguro e ressaltou que em Serra dos Aimor\u00e9s n\u00e3o \u00e9 diferente. O vereador Kilmer Gonzaga mencionou a import\u00e2ncia da C\u00e2mara demonstrar o sentimento da popula\u00e7\u00e3o, de reconhecimento ao trabalho feito pela Policia Militar.<\/p>\n\n\n\n<figure class=\"wp-block-gallery has-nested-images columns-default is-cropped wp-block-gallery-1 is-layout-flex wp-block-gallery-is-layout-flex\">\n<figure class=\"wp-block-image size-large is-style-default\"><img loading=\"lazy\" decoding=\"async\" width=\"600\" height=\"352\" data-id=\"24962\" src=\"https:\/\/diariotribuna.com.br\/wp-content\/uploads\/2024\/06\/4c6f89d2-a1c5-44e1-a332-2e8533b82204-2.jpg\" alt=\"\" class=\"wp-image-24962\" srcset=\"https:\/\/diariotribuna.com.br\/wp-content\/uploads\/2024\/06\/4c6f89d2-a1c5-44e1-a332-2e8533b82204-2.jpg 600w, https:\/\/diariotribuna.com.br\/wp-content\/uploads\/2024\/06\/4c6f89d2-a1c5-44e1-a332-2e8533b82204-2-300x176.jpg 300w\" sizes=\"(max-width: 600px) 100vw, 600px\" \/><\/figure>\n\n\n\n<figure class=\"wp-block-image size-large is-style-default\"><img loading=\"lazy\" decoding=\"async\" width=\"600\" height=\"399\" data-id=\"24961\" src=\"https:\/\/diariotribuna.com.br\/wp-content\/uploads\/2024\/06\/a171259c-eb50-4619-b053-fbbbdab68744-2.jpg\" alt=\"\" class=\"wp-image-24961\" srcset=\"https:\/\/diariotribuna.com.br\/wp-content\/uploads\/2024\/06\/a171259c-eb50-4619-b053-fbbbdab68744-2.jpg 600w, https:\/\/diariotribuna.com.br\/wp-content\/uploads\/2024\/06\/a171259c-eb50-4619-b053-fbbbdab68744-2-300x200.jpg 300w\" sizes=\"(max-width: 600px) 100vw, 600px\" \/><\/figure>\n<\/figure>\n\n\n\n<p>Homenageados: sargento Dayvisson Missias dos Santos, cabo Carlos Magno Soares dos Santos, cabo Rafael Jesus de Oliveira, soldado Gleiton Santos Mendes, soldado F\u00e1bio Lima da Concei\u00e7\u00e3o, soldado Daniel Regis Martins e soldado Ingrid Silva de Jesus. (Informa\u00e7\u00f5es\/Fotos: PMMG, Serra dos Aimor\u00e9s).<\/p>\n","protected":false},"excerpt":{"rendered":"<p>A C\u00e2mara Municipal de Serra dos Aimor\u00e9s concedeu Mo\u00e7\u00e3o de Aplausos, na noite de segunda-feira (17\/6\/24), aos policiais militares daquele munic\u00edpio, como agraciamento pelos relevantes trabalhos realizados, como vem sendo demonstrado em n\u00fameros, onde a diminui\u00e7\u00e3o de crimes violentos teve uma queda significativa. As proposituras para as homenagens foram do vereador Kilmer Gonzaga de Azevedo [&hellip;]<\/p>\n","protected":false},"author":1,"featured_media":24955,"comment_status":"open","ping_status":"open","sticky":false,"template":"","format":"standard","meta":{"rop_custom_images_group":[],"rop_custom_messages_group":[],"rop_publish_now":"initial","rop_publish_now_accounts":[],"rop_publish_now_history":[],"rop_publish_now_status":"pending","footnotes":""},"categories":[19],"tags":[1981,1084,6355,76,612],"class_list":["post-24954","post","type-post","status-publish","format-standard","has-post-thumbnail","hentry","category-gerais","tag-camara-municipal","tag-homenagem","tag-mocao-de-aplausos","tag-policia-militar","tag-serra-dos-aimores"],"_links":{"self":[{"href":"https:\/\/diariotribuna.com.br\/index.php?rest_route=\/wp\/v2\/posts\/24954"}],"collection":[{"href":"https:\/\/diariotribuna.com.br\/index.php?rest_route=\/wp\/v2\/posts"}],"about":[{"href":"https:\/\/diariotribuna.com.br\/index.php?rest_route=\/wp\/v2\/types\/post"}],"author":[{"embeddable":true,"href":"https:\/\/diariotribuna.com.br\/index.php?rest_route=\/wp\/v2\/users\/1"}],"replies":[{"embeddable":true,"href":"https:\/\/diariotribuna.com.br\/index.php?rest_route=%2Fwp%2Fv2%2Fcomments&post=24954"}],"version-history":[{"count":2,"href":"https:\/\/diariotribuna.com.br\/index.php?rest_route=\/wp\/v2\/posts\/24954\/revisions"}],"predecessor-version":[{"id":24965,"href":"https:\/\/diariotribuna.com.br\/index.php?rest_route=\/wp\/v2\/posts\/24954\/revisions\/24965"}],"wp:featuredmedia":[{"embeddable":true,"href":"https:\/\/diariotribuna.com.br\/index.php?rest_route=\/wp\/v2\/media\/24955"}],"wp:attachment":[{"href":"https:\/\/diariotribuna.com.br\/index.php?rest_route=%2Fwp%2Fv2%2Fmedia&parent=24954"}],"wp:term":[{"taxonomy":"category","embeddable":true,"href":"https:\/\/diariotribuna.com.br\/index.php?rest_route=%2Fwp%2Fv2%2Fcategories&post=24954"},{"taxonomy":"post_tag","embeddable":true,"href":"https:\/\/diariotribuna.com.br\/index.php?rest_route=%2Fwp%2Fv2%2Ftags&post=24954"}],"curies":[{"name":"wp","href":"https:\/\/api.w.org\/{rel}","templated":true}]}}