{"id":24966,"date":"2024-06-20T23:50:07","date_gmt":"2024-06-21T02:50:07","guid":{"rendered":"https:\/\/diariotribuna.com.br\/?p=24966"},"modified":"2024-06-21T00:03:12","modified_gmt":"2024-06-21T03:03:12","slug":"bombeiros-debelam-incendio-em-residencia-no-centro-de-aracuai","status":"publish","type":"post","link":"https:\/\/diariotribuna.com.br\/?p=24966","title":{"rendered":"Bombeiros debelam inc\u00eandio em resid\u00eancia no centro de Ara\u00e7ua\u00ed"},"content":{"rendered":"\n<figure class=\"wp-block-image size-full is-resized is-style-default\"><img loading=\"lazy\" decoding=\"async\" width=\"700\" height=\"480\" src=\"https:\/\/diariotribuna.com.br\/wp-content\/uploads\/2024\/06\/29138417-a8b6-4319-b33c-1670f824c749.jpg\" alt=\"\" class=\"wp-image-24967\" style=\"width:467px;height:auto\" srcset=\"https:\/\/diariotribuna.com.br\/wp-content\/uploads\/2024\/06\/29138417-a8b6-4319-b33c-1670f824c749.jpg 700w, https:\/\/diariotribuna.com.br\/wp-content\/uploads\/2024\/06\/29138417-a8b6-4319-b33c-1670f824c749-300x206.jpg 300w, https:\/\/diariotribuna.com.br\/wp-content\/uploads\/2024\/06\/29138417-a8b6-4319-b33c-1670f824c749-100x70.jpg 100w, https:\/\/diariotribuna.com.br\/wp-content\/uploads\/2024\/06\/29138417-a8b6-4319-b33c-1670f824c749-218x150.jpg 218w, https:\/\/diariotribuna.com.br\/wp-content\/uploads\/2024\/06\/29138417-a8b6-4319-b33c-1670f824c749-696x477.jpg 696w, https:\/\/diariotribuna.com.br\/wp-content\/uploads\/2024\/06\/29138417-a8b6-4319-b33c-1670f824c749-613x420.jpg 613w\" sizes=\"(max-width: 700px) 100vw, 700px\" \/><\/figure>\n\n\n\n<p>O Corpo de Bombeiros foi acionado na noite desta quinta-feira (20\/6), para atendimento de ocorr\u00eancia de inc\u00eandio em uma resid\u00eancia situada na rua do Ros\u00e1rio, centro de Ara\u00e7ua\u00ed, e uma equipe foi ao local, onde se deparou com populares tentando controlar o inc\u00eandio em est\u00e1gio desenvolvido, passando para a moradia ao lado pelo telhado.<\/p>\n\n\n\n<p>Ap\u00f3s o r\u00e1pido dimensionamento da ocorr\u00eancia os bombeiros se equiparam, com roup\u00e3o de aproxima\u00e7\u00e3o e equipamento de prote\u00e7\u00e3o respirat\u00f3ria, e realizaram o ataque direto \u00e0s chamas, utilizando cerca de 1.000 litros de \u00e1gua em tr\u00eas c\u00f4modos, sendo quarto, sala e cozinha, e em todo o telhado da resid\u00eancia.<\/p>\n\n\n\n<p>Ap\u00f3s debelarem o inc\u00eandio a equipe fez o rescaldo e avaliou a condi\u00e7\u00e3o estrutural das resid\u00eancias. Segundo os bombeiros, a parte estrutural n\u00e3o teve danos severos, que pudesse ficar comprometida, apesar de ser uma constru\u00e7\u00e3o antiga, mas o telhado foi todo consumido pelo fogo e n\u00e3o havia laje no im\u00f3vel, fato que acabou impossibilitando a perman\u00eancia dos moradores. (Informa\u00e7\u00f5es\/Fotos: CBMMG\/ Ara\u00e7ua\u00ed).<\/p>\n\n\n\n<figure class=\"wp-block-gallery has-nested-images columns-default is-cropped wp-block-gallery-1 is-layout-flex wp-block-gallery-is-layout-flex\">\n<figure class=\"wp-block-image size-large is-style-default\"><img loading=\"lazy\" decoding=\"async\" width=\"700\" height=\"933\" data-id=\"24975\" src=\"https:\/\/diariotribuna.com.br\/wp-content\/uploads\/2024\/06\/3-1.jpg\" alt=\"\" class=\"wp-image-24975\" srcset=\"https:\/\/diariotribuna.com.br\/wp-content\/uploads\/2024\/06\/3-1.jpg 700w, https:\/\/diariotribuna.com.br\/wp-content\/uploads\/2024\/06\/3-1-225x300.jpg 225w, https:\/\/diariotribuna.com.br\/wp-content\/uploads\/2024\/06\/3-1-696x928.jpg 696w, https:\/\/diariotribuna.com.br\/wp-content\/uploads\/2024\/06\/3-1-315x420.jpg 315w\" sizes=\"(max-width: 700px) 100vw, 700px\" \/><\/figure>\n\n\n\n<figure class=\"wp-block-image size-large is-style-default\"><img loading=\"lazy\" decoding=\"async\" width=\"700\" height=\"933\" data-id=\"24974\" src=\"https:\/\/diariotribuna.com.br\/wp-content\/uploads\/2024\/06\/4-1.jpg\" alt=\"\" class=\"wp-image-24974\" srcset=\"https:\/\/diariotribuna.com.br\/wp-content\/uploads\/2024\/06\/4-1.jpg 700w, https:\/\/diariotribuna.com.br\/wp-content\/uploads\/2024\/06\/4-1-225x300.jpg 225w, https:\/\/diariotribuna.com.br\/wp-content\/uploads\/2024\/06\/4-1-696x928.jpg 696w, https:\/\/diariotribuna.com.br\/wp-content\/uploads\/2024\/06\/4-1-315x420.jpg 315w\" sizes=\"(max-width: 700px) 100vw, 700px\" \/><\/figure>\n\n\n\n<figure class=\"wp-block-image size-large is-style-default\"><img loading=\"lazy\" decoding=\"async\" width=\"700\" height=\"525\" data-id=\"24972\" src=\"https:\/\/diariotribuna.com.br\/wp-content\/uploads\/2024\/06\/5-1.jpg\" alt=\"\" class=\"wp-image-24972\" srcset=\"https:\/\/diariotribuna.com.br\/wp-content\/uploads\/2024\/06\/5-1.jpg 700w, https:\/\/diariotribuna.com.br\/wp-content\/uploads\/2024\/06\/5-1-300x225.jpg 300w, https:\/\/diariotribuna.com.br\/wp-content\/uploads\/2024\/06\/5-1-80x60.jpg 80w, https:\/\/diariotribuna.com.br\/wp-content\/uploads\/2024\/06\/5-1-265x198.jpg 265w, https:\/\/diariotribuna.com.br\/wp-content\/uploads\/2024\/06\/5-1-696x522.jpg 696w, https:\/\/diariotribuna.com.br\/wp-content\/uploads\/2024\/06\/5-1-560x420.jpg 560w\" sizes=\"(max-width: 700px) 100vw, 700px\" \/><\/figure>\n\n\n\n<figure class=\"wp-block-image size-large is-style-default\"><img loading=\"lazy\" decoding=\"async\" width=\"700\" height=\"761\" data-id=\"24971\" src=\"https:\/\/diariotribuna.com.br\/wp-content\/uploads\/2024\/06\/1-2.jpg\" alt=\"\" class=\"wp-image-24971\" srcset=\"https:\/\/diariotribuna.com.br\/wp-content\/uploads\/2024\/06\/1-2.jpg 700w, https:\/\/diariotribuna.com.br\/wp-content\/uploads\/2024\/06\/1-2-276x300.jpg 276w, https:\/\/diariotribuna.com.br\/wp-content\/uploads\/2024\/06\/1-2-696x757.jpg 696w, https:\/\/diariotribuna.com.br\/wp-content\/uploads\/2024\/06\/1-2-386x420.jpg 386w\" sizes=\"(max-width: 700px) 100vw, 700px\" \/><\/figure>\n\n\n\n<figure class=\"wp-block-image size-large is-style-default\"><img loading=\"lazy\" decoding=\"async\" width=\"600\" height=\"800\" data-id=\"24970\" src=\"https:\/\/diariotribuna.com.br\/wp-content\/uploads\/2024\/06\/6.jpg\" alt=\"\" class=\"wp-image-24970\" srcset=\"https:\/\/diariotribuna.com.br\/wp-content\/uploads\/2024\/06\/6.jpg 600w, https:\/\/diariotribuna.com.br\/wp-content\/uploads\/2024\/06\/6-225x300.jpg 225w, https:\/\/diariotribuna.com.br\/wp-content\/uploads\/2024\/06\/6-315x420.jpg 315w\" sizes=\"(max-width: 600px) 100vw, 600px\" \/><\/figure>\n<\/figure>\n","protected":false},"excerpt":{"rendered":"<p>O Corpo de Bombeiros foi acionado na noite desta quinta-feira (20\/6), para atendimento de ocorr\u00eancia de inc\u00eandio em uma resid\u00eancia situada na rua do Ros\u00e1rio, centro de Ara\u00e7ua\u00ed, e uma equipe foi ao local, onde se deparou com populares tentando controlar o inc\u00eandio em est\u00e1gio desenvolvido, passando para a moradia ao lado pelo telhado. Ap\u00f3s [&hellip;]<\/p>\n","protected":false},"author":1,"featured_media":24967,"comment_status":"open","ping_status":"open","sticky":false,"template":"","format":"standard","meta":{"rop_custom_images_group":[],"rop_custom_messages_group":[],"rop_publish_now":"initial","rop_publish_now_accounts":[],"rop_publish_now_history":[],"rop_publish_now_status":"pending","footnotes":""},"categories":[25,19],"tags":[380,382,5806,4968],"class_list":["post-24966","post","type-post","status-publish","format-standard","has-post-thumbnail","hentry","category-destaque","category-gerais","tag-aracuai","tag-corpo-de-bombeiros","tag-incencio","tag-residencia"],"_links":{"self":[{"href":"https:\/\/diariotribuna.com.br\/index.php?rest_route=\/wp\/v2\/posts\/24966"}],"collection":[{"href":"https:\/\/diariotribuna.com.br\/index.php?rest_route=\/wp\/v2\/posts"}],"about":[{"href":"https:\/\/diariotribuna.com.br\/index.php?rest_route=\/wp\/v2\/types\/post"}],"author":[{"embeddable":true,"href":"https:\/\/diariotribuna.com.br\/index.php?rest_route=\/wp\/v2\/users\/1"}],"replies":[{"embeddable":true,"href":"https:\/\/diariotribuna.com.br\/index.php?rest_route=%2Fwp%2Fv2%2Fcomments&post=24966"}],"version-history":[{"count":4,"href":"https:\/\/diariotribuna.com.br\/index.php?rest_route=\/wp\/v2\/posts\/24966\/revisions"}],"predecessor-version":[{"id":24979,"href":"https:\/\/diariotribuna.com.br\/index.php?rest_route=\/wp\/v2\/posts\/24966\/revisions\/24979"}],"wp:featuredmedia":[{"embeddable":true,"href":"https:\/\/diariotribuna.com.br\/index.php?rest_route=\/wp\/v2\/media\/24967"}],"wp:attachment":[{"href":"https:\/\/diariotribuna.com.br\/index.php?rest_route=%2Fwp%2Fv2%2Fmedia&parent=24966"}],"wp:term":[{"taxonomy":"category","embeddable":true,"href":"https:\/\/diariotribuna.com.br\/index.php?rest_route=%2Fwp%2Fv2%2Fcategories&post=24966"},{"taxonomy":"post_tag","embeddable":true,"href":"https:\/\/diariotribuna.com.br\/index.php?rest_route=%2Fwp%2Fv2%2Ftags&post=24966"}],"curies":[{"name":"wp","href":"https:\/\/api.w.org\/{rel}","templated":true}]}}