{"id":24985,"date":"2024-06-21T15:07:33","date_gmt":"2024-06-21T18:07:33","guid":{"rendered":"https:\/\/diariotribuna.com.br\/?p=24985"},"modified":"2024-06-21T15:07:34","modified_gmt":"2024-06-21T18:07:34","slug":"duas-pessoas-morrem-em-grave-acidente-na-br-116-em-catuji","status":"publish","type":"post","link":"https:\/\/diariotribuna.com.br\/?p=24985","title":{"rendered":"Duas pessoas morrem em grave acidente na BR 116, em Catuji"},"content":{"rendered":"\n<figure class=\"wp-block-image size-full is-resized is-style-default\"><img loading=\"lazy\" decoding=\"async\" width=\"692\" height=\"589\" src=\"https:\/\/diariotribuna.com.br\/wp-content\/uploads\/2024\/06\/b858fbf3-c3cd-4bf2-b77c-9d5c1d1be54a.jpg\" alt=\"\" class=\"wp-image-24986\" style=\"width:394px;height:auto\" srcset=\"https:\/\/diariotribuna.com.br\/wp-content\/uploads\/2024\/06\/b858fbf3-c3cd-4bf2-b77c-9d5c1d1be54a.jpg 692w, https:\/\/diariotribuna.com.br\/wp-content\/uploads\/2024\/06\/b858fbf3-c3cd-4bf2-b77c-9d5c1d1be54a-300x255.jpg 300w, https:\/\/diariotribuna.com.br\/wp-content\/uploads\/2024\/06\/b858fbf3-c3cd-4bf2-b77c-9d5c1d1be54a-493x420.jpg 493w\" sizes=\"(max-width: 692px) 100vw, 692px\" \/><figcaption class=\"wp-element-caption\"><strong>Gilson Pereira dos Santos e Marliane Silva<\/strong><br><strong>Santos,<\/strong> <strong>morreram ap\u00f3s colis\u00e3o de autom\u00f3vel<\/strong><br><strong>com carreta, na BR 116<\/strong><\/figcaption><\/figure>\n\n\n\n<p>O Corpo de Bombeiros foi acionado na noite de quinta-feira (20\/6), por volta das 23h30, para atendimento a um grave acidente na rodovia BR 116, munic\u00edpio de Catuji, uma colis\u00e3o entre autom\u00f3vel e caminh\u00e3o. No local, os bombeiros encontraram o autom\u00f3vel Chevrolet Corsa Classic \u00e0s margens da rodovia, dependurado em uma \u00e1rvore \u00e0 beira de um barranco.<\/p>\n\n\n\n<p>Os bombeiros isolaram o local, iniciaram os trabalhos de estabiliza\u00e7\u00e3o do ve\u00edculo, e constataram que havia dentro, uma mulher em \u00f3bito. O condutor do ve\u00edculo j\u00e1 havia sido conduzido pela equipe do Samu a um hospital em Padre Para\u00edso, mas infelizmente tamb\u00e9m faleceu. Parentes informaram que o condutor era Gilson Pereira dos Santos. A v\u00edtima que morreu no local era Marliane Silva Santos, ambos com 43 anos.<\/p>\n\n\n\n<figure class=\"wp-block-gallery has-nested-images columns-default is-cropped wp-block-gallery-1 is-layout-flex wp-block-gallery-is-layout-flex\">\n<figure class=\"wp-block-image size-large is-style-default\"><img loading=\"lazy\" decoding=\"async\" width=\"700\" height=\"394\" data-id=\"24988\" src=\"https:\/\/diariotribuna.com.br\/wp-content\/uploads\/2024\/06\/806d24ce-2ea3-4884-8c5e-7539b8070bd9.jpg\" alt=\"\" class=\"wp-image-24988\" srcset=\"https:\/\/diariotribuna.com.br\/wp-content\/uploads\/2024\/06\/806d24ce-2ea3-4884-8c5e-7539b8070bd9.jpg 700w, https:\/\/diariotribuna.com.br\/wp-content\/uploads\/2024\/06\/806d24ce-2ea3-4884-8c5e-7539b8070bd9-300x169.jpg 300w, https:\/\/diariotribuna.com.br\/wp-content\/uploads\/2024\/06\/806d24ce-2ea3-4884-8c5e-7539b8070bd9-696x392.jpg 696w\" sizes=\"(max-width: 700px) 100vw, 700px\" \/><\/figure>\n\n\n\n<figure class=\"wp-block-image size-large is-style-default\"><img loading=\"lazy\" decoding=\"async\" width=\"700\" height=\"405\" data-id=\"24987\" src=\"https:\/\/diariotribuna.com.br\/wp-content\/uploads\/2024\/06\/7b4af56c-4bb1-4ccc-9522-e309de3ece21.jpg\" alt=\"\" class=\"wp-image-24987\" srcset=\"https:\/\/diariotribuna.com.br\/wp-content\/uploads\/2024\/06\/7b4af56c-4bb1-4ccc-9522-e309de3ece21.jpg 700w, https:\/\/diariotribuna.com.br\/wp-content\/uploads\/2024\/06\/7b4af56c-4bb1-4ccc-9522-e309de3ece21-300x174.jpg 300w, https:\/\/diariotribuna.com.br\/wp-content\/uploads\/2024\/06\/7b4af56c-4bb1-4ccc-9522-e309de3ece21-696x403.jpg 696w\" sizes=\"(max-width: 700px) 100vw, 700px\" \/><\/figure>\n<\/figure>\n\n\n\n<p>Ap\u00f3s os trabalhos da per\u00edcia t\u00e9cnica da Pol\u00edcia Civil, os bombeiros fizeram o desencarceramento e retiraram o corpo de Marliane de dentro do ve\u00edculo, que em seguida foi removido ao IML para necropsia. O condutor da carreta passou sua vers\u00e3o para os bombeiros. Os trabalhos em rela\u00e7\u00e3o ao acidente ficaram a cargo da Pol\u00edcia Rodovi\u00e1ria Federal. (Fotos: Divulga\u00e7\u00e3o).<\/p>\n","protected":false},"excerpt":{"rendered":"<p>O Corpo de Bombeiros foi acionado na noite de quinta-feira (20\/6), por volta das 23h30, para atendimento a um grave acidente na rodovia BR 116, munic\u00edpio de Catuji, uma colis\u00e3o entre autom\u00f3vel e caminh\u00e3o. No local, os bombeiros encontraram o autom\u00f3vel Chevrolet Corsa Classic \u00e0s margens da rodovia, dependurado em uma \u00e1rvore \u00e0 beira de [&hellip;]<\/p>\n","protected":false},"author":1,"featured_media":24986,"comment_status":"open","ping_status":"open","sticky":false,"template":"","format":"standard","meta":{"rop_custom_images_group":[],"rop_custom_messages_group":[],"rop_publish_now":"initial","rop_publish_now_accounts":[],"rop_publish_now_history":[],"rop_publish_now_status":"pending","footnotes":""},"categories":[25,18],"tags":[2156,125,1382,695,184],"class_list":["post-24985","post","type-post","status-publish","format-standard","has-post-thumbnail","hentry","category-destaque","category-regiao","tag-2-fatais","tag-acidente","tag-br-116-2","tag-catuji","tag-prf"],"_links":{"self":[{"href":"https:\/\/diariotribuna.com.br\/index.php?rest_route=\/wp\/v2\/posts\/24985"}],"collection":[{"href":"https:\/\/diariotribuna.com.br\/index.php?rest_route=\/wp\/v2\/posts"}],"about":[{"href":"https:\/\/diariotribuna.com.br\/index.php?rest_route=\/wp\/v2\/types\/post"}],"author":[{"embeddable":true,"href":"https:\/\/diariotribuna.com.br\/index.php?rest_route=\/wp\/v2\/users\/1"}],"replies":[{"embeddable":true,"href":"https:\/\/diariotribuna.com.br\/index.php?rest_route=%2Fwp%2Fv2%2Fcomments&post=24985"}],"version-history":[{"count":1,"href":"https:\/\/diariotribuna.com.br\/index.php?rest_route=\/wp\/v2\/posts\/24985\/revisions"}],"predecessor-version":[{"id":24989,"href":"https:\/\/diariotribuna.com.br\/index.php?rest_route=\/wp\/v2\/posts\/24985\/revisions\/24989"}],"wp:featuredmedia":[{"embeddable":true,"href":"https:\/\/diariotribuna.com.br\/index.php?rest_route=\/wp\/v2\/media\/24986"}],"wp:attachment":[{"href":"https:\/\/diariotribuna.com.br\/index.php?rest_route=%2Fwp%2Fv2%2Fmedia&parent=24985"}],"wp:term":[{"taxonomy":"category","embeddable":true,"href":"https:\/\/diariotribuna.com.br\/index.php?rest_route=%2Fwp%2Fv2%2Fcategories&post=24985"},{"taxonomy":"post_tag","embeddable":true,"href":"https:\/\/diariotribuna.com.br\/index.php?rest_route=%2Fwp%2Fv2%2Ftags&post=24985"}],"curies":[{"name":"wp","href":"https:\/\/api.w.org\/{rel}","templated":true}]}}