{"id":24990,"date":"2024-06-21T21:01:05","date_gmt":"2024-06-22T00:01:05","guid":{"rendered":"https:\/\/diariotribuna.com.br\/?p=24990"},"modified":"2024-06-26T00:25:13","modified_gmt":"2024-06-26T03:25:13","slug":"tjmg-inaugura-novo-forum-na-comarca-de-teofilo-otoni","status":"publish","type":"post","link":"https:\/\/diariotribuna.com.br\/?p=24990","title":{"rendered":"TJMG inaugura novo f\u00f3rum na Comarca de Te\u00f3filo Otoni"},"content":{"rendered":"\n<h3 class=\"wp-block-heading\"><em><strong>Corregedor-geral de Justi\u00e7a, desembargador Luiz Carlos Corr\u00eaa Junior, representou o presidente Jos\u00e9 Arthur Filho<\/strong><\/em><\/h3>\n\n\n\n<figure class=\"wp-block-image size-full is-resized is-style-default\"><img loading=\"lazy\" decoding=\"async\" width=\"700\" height=\"431\" src=\"https:\/\/diariotribuna.com.br\/wp-content\/uploads\/2024\/06\/Not-Inauguracao-do-Forum-de-Teofilo-Otoni._12.jpg\" alt=\"\" class=\"wp-image-24991\" style=\"width:557px;height:auto\" srcset=\"https:\/\/diariotribuna.com.br\/wp-content\/uploads\/2024\/06\/Not-Inauguracao-do-Forum-de-Teofilo-Otoni._12.jpg 700w, https:\/\/diariotribuna.com.br\/wp-content\/uploads\/2024\/06\/Not-Inauguracao-do-Forum-de-Teofilo-Otoni._12-300x185.jpg 300w, https:\/\/diariotribuna.com.br\/wp-content\/uploads\/2024\/06\/Not-Inauguracao-do-Forum-de-Teofilo-Otoni._12-356x220.jpg 356w, https:\/\/diariotribuna.com.br\/wp-content\/uploads\/2024\/06\/Not-Inauguracao-do-Forum-de-Teofilo-Otoni._12-696x429.jpg 696w, https:\/\/diariotribuna.com.br\/wp-content\/uploads\/2024\/06\/Not-Inauguracao-do-Forum-de-Teofilo-Otoni._12-682x420.jpg 682w\" sizes=\"(max-width: 700px) 100vw, 700px\" \/><figcaption class=\"wp-element-caption\"><strong>Novo pr\u00e9dio tem capacidade para receber at\u00e9 12 varas da Justi\u00e7a<\/strong><br><strong>comum e do Juizado Especial e fica no Centro de Te\u00f3filo Otoni<\/strong><\/figcaption><\/figure>\n\n\n\n<p>O corregedor-geral de Justi\u00e7a de Minas Gerais e presidente eleito para o bi\u00eanio 2024\/2026, desembargador Luiz Carlos Corr\u00eaa Junior, representou o presidente do Tribunal de Justi\u00e7a de Minas Gerais, desembargador Jos\u00e9 Arthur de Carvalho Pereira Filho, na solenidade de inaugura\u00e7\u00e3o do novo anexo do F\u00f3rum Desembargador Eust\u00e1quio Peixoto, sede da Comarca de Te\u00f3filo Otoni, no Vale do Mucuri, na ter\u00e7a-feira (11\/6).<\/p>\n\n\n\n<figure class=\"wp-block-image size-full is-resized is-style-default\"><img loading=\"lazy\" decoding=\"async\" width=\"600\" height=\"382\" src=\"https:\/\/diariotribuna.com.br\/wp-content\/uploads\/2024\/06\/Not-Inauguracao-do-Forum-de-Teofilo-Otoni.-_4.jpg\" alt=\"\" class=\"wp-image-24993\" style=\"width:526px;height:auto\" srcset=\"https:\/\/diariotribuna.com.br\/wp-content\/uploads\/2024\/06\/Not-Inauguracao-do-Forum-de-Teofilo-Otoni.-_4.jpg 600w, https:\/\/diariotribuna.com.br\/wp-content\/uploads\/2024\/06\/Not-Inauguracao-do-Forum-de-Teofilo-Otoni.-_4-300x191.jpg 300w\" sizes=\"(max-width: 600px) 100vw, 600px\" \/><figcaption class=\"wp-element-caption\"><strong><em>Novo anexo do F\u00f3rum Desembargador Eust\u00e1quio Peixoto, em<\/em><\/strong><br><strong><em>Te\u00f3filo<\/em><\/strong> <strong><em>Otoni, foi inaugurado na ter\u00e7a-feira (11\/6)<\/em><\/strong><\/figcaption><\/figure>\n\n\n\n<p>O novo pr\u00e9dio, com cinco pavimentos, foi constru\u00eddo em um terreno ao lado do edif\u00edcio que abriga o f\u00f3rum h\u00e1 mais de 30 anos. Tem capacidade para receber at\u00e9 12 varas da Justi\u00e7a comum e do Juizado Especial. Em uma nova etapa, que deve durar cerca de oito meses, a edifica\u00e7\u00e3o antiga ser\u00e1 reformada e ampliada e ser\u00e1 ligada ao novo edif\u00edcio por uma passarela. Ao final, todo o complexo predial ter\u00e1 quase oito mil metros quadrados de \u00e1rea constru\u00edda. Ap\u00f3s a reforma do antigo f\u00f3rum, o espa\u00e7o dever\u00e1 abrigar uma galeria com as fotos de todos os magistrados que atuaram na Comarca de Te\u00f3filo Otoni, al\u00e9m de um museu contendo registros hist\u00f3ricos da Justi\u00e7a na regi\u00e3o.<\/p>\n\n\n\n<p>O corregedor-geral de Justi\u00e7a, desembargador Luiz Carlos Corr\u00eaa Junior, descerrou a fita inaugural do novo F\u00f3rum Desembargador Eust\u00e1quio Peixoto ao lado do diretor do Foro de Te\u00f3filo Otoni, juiz Renzzo Giaccomo Ronchi. No discurso lido pelo corregedor, o presidente Jos\u00e9 Arthur Filho destacou o fato de Te\u00f3filo Otoni ser nacionalmente reconhecida como a \u201cCapital Mundial das Pedras Preciosas\u201d. \u201c\u00c9 uma das in\u00fameras cidades de Minas que emergiram a partir da febre do ouro, que marcou nossa hist\u00f3ria ao longo do per\u00edodo colonial. Hoje, o munic\u00edpio se destaca como um dos maiores polos de lapida\u00e7\u00e3o e com\u00e9rcio de pedras preciosas da Am\u00e9rica do Sul&#8221;.<\/p>\n\n\n\n<p><strong>Agradecimentos &#8211;<\/strong> Em nome do presidente Jos\u00e9 Arthur Filho, o corregedor agradeceu a todos que se empenharam para que a reforma e amplia\u00e7\u00e3o do f\u00f3rum local se concretizassem, citando o superintendente de Obras do Tribunal e corregedor-geral de Justi\u00e7a eleito para o bi\u00eanio 2024\/2026, desembargador Estev\u00e3o Lucchesi de Carvalho; o coordenador da Diretoria Executiva de Engenharia e Gest\u00e3o Predial (Dengep) do TJMG, juiz Jo\u00e3o Luiz Nascimento de Oliveira; e aos engenheiros da Dengep que acompanharam a obra.<\/p>\n\n\n\n<p>Os agradecimentos foram estendidos tamb\u00e9m ao diretor do foro da comarca, juiz Renzzo Giaccomo Ronchi, pela colabora\u00e7\u00e3o com o andamento das obras, e ao prefeito de Te\u00f3filo Otoni, Daniel Batista Sucupira, respons\u00e1vel pela doa\u00e7\u00e3o do terreno ao Estado. \u201cEstendo minhas cordiais sauda\u00e7\u00f5es aos cidad\u00e3os e cidad\u00e3s dos munic\u00edpios de Te\u00f3filo Otoni, Ataleia, Ladainha, Novo Oriente de Minas, Ouro Verde de Minas, Pav\u00e3o e Pot\u00e9 e aos dez distritos que integram a comarca. Eles s\u00e3o os destinat\u00e1rios finais desta obra\u201d, ressaltou o corregedor.<\/p>\n\n\n\n<figure class=\"wp-block-image size-full is-resized is-style-default\"><img loading=\"lazy\" decoding=\"async\" width=\"600\" height=\"379\" src=\"https:\/\/diariotribuna.com.br\/wp-content\/uploads\/2024\/06\/Not-Inauguracao-do-Forum-de-Teofilo-Otoni.-_14.jpg\" alt=\"\" class=\"wp-image-24996\" style=\"width:552px;height:auto\" srcset=\"https:\/\/diariotribuna.com.br\/wp-content\/uploads\/2024\/06\/Not-Inauguracao-do-Forum-de-Teofilo-Otoni.-_14.jpg 600w, https:\/\/diariotribuna.com.br\/wp-content\/uploads\/2024\/06\/Not-Inauguracao-do-Forum-de-Teofilo-Otoni.-_14-300x190.jpg 300w\" sizes=\"(max-width: 600px) 100vw, 600px\" \/><figcaption class=\"wp-element-caption\"><strong>O corregedor Corr\u00eaa Junior agradeceu, em nome do presidente<\/strong><br><strong>do TJMG, Jos\u00e9 Arthur Filho, a todos que se empenharam para que<\/strong><br><strong>a reforma e amplia\u00e7\u00e3o do f\u00f3rum local se concretizassem<\/strong><\/figcaption><\/figure>\n\n\n\n<p><strong>Retorno \u00e0 comarca &#8211;<\/strong> O desembargador Corr\u00eaa Junior lembrou de quando chegou \u00e0 Comarca de Te\u00f3filo Otoni, em 1996, para atuar como magistrado, vindo da Comarca de Itamonte. \u201cAqui me reencontrei com o desembargador Andr\u00e9 Leite Pra\u00e7a, \u00e0 \u00e9poca, tamb\u00e9m juiz na Comarca, e nossa amizade se fortaleceu ainda mais\u201d, disse o corregedor-geral.<\/p>\n\n\n\n<p>Ele destacou ser uma grande satisfa\u00e7\u00e3o regressar \u00e0 Comarca para inaugurar o novo anexo do F\u00f3rum Desembargador Eust\u00e1quio Peixoto, que trar\u00e1 mais conforto a magistradas, magistrados, servidoras e servidores, bem como uma melhor presta\u00e7\u00e3o jurisdicional \u00e0 popula\u00e7\u00e3o. \u201cTe\u00f3filo Otoni \u00e9 uma das principais comarcas do Estado e merece toda a nossa aten\u00e7\u00e3o\u201d, frisou o corregedor-geral.<\/p>\n\n\n\n<figure class=\"wp-block-image size-full is-resized is-style-default\"><img loading=\"lazy\" decoding=\"async\" width=\"600\" height=\"400\" src=\"https:\/\/diariotribuna.com.br\/wp-content\/uploads\/2024\/06\/NOA6211.jpg\" alt=\"\" class=\"wp-image-24998\" style=\"width:543px;height:auto\" srcset=\"https:\/\/diariotribuna.com.br\/wp-content\/uploads\/2024\/06\/NOA6211.jpg 600w, https:\/\/diariotribuna.com.br\/wp-content\/uploads\/2024\/06\/NOA6211-300x200.jpg 300w\" sizes=\"(max-width: 600px) 100vw, 600px\" \/><figcaption class=\"wp-element-caption\"><strong>O diretor do foro de Te\u00f3filo Otoni, juiz Renzzo Gioaccomo Ronchi,<\/strong><br><strong>disse que a inaugura\u00e7\u00e3o do novo pr\u00e9dio \u00e9 a realiza\u00e7\u00e3o de um<\/strong><br><strong>sonho da comunidade local<\/strong><\/figcaption><\/figure>\n\n\n\n<p><strong>Sonho realizado &#8211;<\/strong> O diretor do foro de Te\u00f3filo Otoni, juiz Renzzo Gioaccomo Rochi, disse que a inaugura\u00e7\u00e3o do novo pr\u00e9dio \u00e9 um sonho realizado. \u201cO antigo pr\u00e9dio foi inaugurado na d\u00e9cada de 1990, \u00e9 muito imponente, mas tornou-se obsoleto com o passar dos anos e com o r\u00e1pido crescimento da comarca. Agora temos amplos gabinetes para magistrados, secretarias bem estruturadas para os servidores, e um andar do pr\u00e9dio dedicado para os juizados especiais. Basta olhar para os servidores e demais frequentadores para perceber a satisfa\u00e7\u00e3o e alegria em cada um\u201d, observou o magistrado.<\/p>\n\n\n\n<p><strong>Homenagens &#8211;<\/strong> Durante a solenidade de inaugura\u00e7\u00e3o do novo espa\u00e7o do f\u00f3rum, o presidente Jos\u00e9 Arthur Filho foi condecorado com o t\u00edtulo de cidad\u00e3o honor\u00e1rio de Te\u00f3filo Otoni, por meio de iniciativa do vereador Juvenal Martins de Souza Junior. O corregedor Corr\u00eaa Junior recebeu a titula\u00e7\u00e3o em nome do presidente e uma cesta com produtos t\u00edpicos da regi\u00e3o.<\/p>\n\n\n\n<figure class=\"wp-block-image size-full is-resized is-style-default\"><img loading=\"lazy\" decoding=\"async\" width=\"600\" height=\"371\" src=\"https:\/\/diariotribuna.com.br\/wp-content\/uploads\/2024\/06\/NO61441.jpg\" alt=\"\" class=\"wp-image-25000\" style=\"width:531px;height:auto\" srcset=\"https:\/\/diariotribuna.com.br\/wp-content\/uploads\/2024\/06\/NO61441.jpg 600w, https:\/\/diariotribuna.com.br\/wp-content\/uploads\/2024\/06\/NO61441-300x186.jpg 300w, https:\/\/diariotribuna.com.br\/wp-content\/uploads\/2024\/06\/NO61441-356x220.jpg 356w\" sizes=\"(max-width: 600px) 100vw, 600px\" \/><figcaption class=\"wp-element-caption\"><strong>O corregedor-geral de Justi\u00e7a, Corr\u00eaa Junior, recebeu o t\u00edtulo de<\/strong><br><strong>cidad\u00e3o honor\u00e1rio de Te\u00f3filo Otoni concedido ao presidente do<\/strong><br><strong>TJMG, Jos\u00e9 Arthur Filho, por meio de iniciativa do vereador<\/strong><br><strong>Juvenal Martins de Souza Junior<\/strong><\/figcaption><\/figure>\n\n\n\n<p>\u201cO t\u00edtulo de cidad\u00e3o honor\u00e1rio \u00e9 o reconhecimento do povo de Te\u00f3filo Otoni pelo belo trabalho realizado pelo presidente Jos\u00e9 Arthur Filho \u00e0 frente do Tribunal de Justi\u00e7a. Tamb\u00e9m \u00e9 um agradecimento pelo novo pr\u00e9dio, que dar\u00e1 mais dinamismo \u00e0 Justi\u00e7a da regi\u00e3o\u201d, disse o vereador Juvenal Martins.<\/p>\n\n\n\n<p>O juiz Renzzo Giaccomo Ronchi tamb\u00e9m foi homenageado com uma placa, entregue pelos servidores da comarca, pelo trabalho \u00e0 frente da dire\u00e7\u00e3o do Foro. E ele homenageou as servidoras Poliana Sorel, Cristiane Acthschin Ribeiro, Diane Lima de Castro e Gl\u00edcia Thomaz Queiroz pelo trabalho desenvolvido na comarca. Todas receberam placas e buqu\u00eas de flores.<\/p>\n\n\n\n<figure class=\"wp-block-image size-full is-resized is-style-default\"><img loading=\"lazy\" decoding=\"async\" width=\"600\" height=\"386\" src=\"https:\/\/diariotribuna.com.br\/wp-content\/uploads\/2024\/06\/NOB2EF1.jpg\" alt=\"\" class=\"wp-image-25004\" style=\"width:526px;height:auto\" srcset=\"https:\/\/diariotribuna.com.br\/wp-content\/uploads\/2024\/06\/NOB2EF1.jpg 600w, https:\/\/diariotribuna.com.br\/wp-content\/uploads\/2024\/06\/NOB2EF1-300x193.jpg 300w\" sizes=\"(max-width: 600px) 100vw, 600px\" \/><figcaption class=\"wp-element-caption\"><strong>O juiz Renzzo Giaccomo Ronchi homenageou as servidoras<\/strong><br><strong>Cristiane Acthschin Ribeiro, Diane Lima de Castro, Gl\u00edcia<\/strong> <strong>Thomaz<\/strong><br><strong>Queiroz e Poliana Sorel pelo trabalho desenvolvido na comarca<\/strong><\/figcaption><\/figure>\n\n\n\n<p>Tamb\u00e9m foram homenageados o presidente do TJMG, Jos\u00e9 Arthur Filho; o corregedor-geral de Justi\u00e7a, Luiz Carlos Corr\u00eaa Junior; o ex-corregedor-geral de Justi\u00e7a desembargador Agostinho Gomes de Azevedo; o superintendente de Tecnologia da Informa\u00e7\u00e3o, desembargador Andr\u00e9 Leite Pra\u00e7a; e o presidente da Associa\u00e7\u00e3o dos Magistrados Mineiros, juiz Luiz Carlos Rezende e Santos, representado pelo juiz Emerson Chaves.<\/p>\n\n\n\n<p>Todos receberam placas com os seguintes dizeres: \u201cOs ju\u00edzes e servidores externam em gesto sincero a profunda gratid\u00e3o pela dedica\u00e7\u00e3o de Vossas Excel\u00eancias, prestando servi\u00e7os relevantes \u00e0 Comarca de Te\u00f3filo Otoni\u201d.<\/p>\n\n\n\n<figure class=\"wp-block-image size-full is-resized is-style-default\"><img loading=\"lazy\" decoding=\"async\" width=\"600\" height=\"386\" src=\"https:\/\/diariotribuna.com.br\/wp-content\/uploads\/2024\/06\/Not-Inauguracao-do-Forum-de-Teofilo-Otoni.-_6.jpg\" alt=\"\" class=\"wp-image-25006\" style=\"width:522px;height:auto\" srcset=\"https:\/\/diariotribuna.com.br\/wp-content\/uploads\/2024\/06\/Not-Inauguracao-do-Forum-de-Teofilo-Otoni.-_6.jpg 600w, https:\/\/diariotribuna.com.br\/wp-content\/uploads\/2024\/06\/Not-Inauguracao-do-Forum-de-Teofilo-Otoni.-_6-300x193.jpg 300w\" sizes=\"(max-width: 600px) 100vw, 600px\" \/><figcaption class=\"wp-element-caption\"><strong>O corregedor-geral de Justi\u00e7a, Luiz Carlos Corr\u00eaa Junior,<\/strong><br><strong>tamb\u00e9m foi homenageado, juntamente com demais autoridades<\/strong><\/figcaption><\/figure>\n\n\n\n<p><strong>Presen\u00e7as &#8211;<\/strong> Participaram da solenidade o corregedor-geral de Justi\u00e7a e presidente eleito para o bi\u00eanio 2024\/2026, desembargador Luiz Carlos Corr\u00eaa Junior; o diretor do Foro de Te\u00f3filo Otoni, juiz Renzzo Giaccomo Ronchi; o superintendente de Tecnologia da Informa\u00e7\u00e3o do TJMG, desembargador Andr\u00e9 Leite Pra\u00e7a; o superintendente de Obras e corregedor-geral eleito para o bi\u00eanio 2024\/2026, desembargador Est\u00eav\u00e3o Lucchesi de Carvalho; o ex-corregedor-geral de Justi\u00e7a desembargador Agostinho Gomes de Azevedo; o prefeito de Te\u00f3filo Otoni, Daniel Sucupira; e o presidente da C\u00e2mara Municipal de Te\u00f3filo Otoni, vereador Lidiomar Souza da Silva.<\/p>\n\n\n\n<p>Tamb\u00e9m estiveram presentes os ju\u00edzes filhos de Te\u00f3filo Otoni, Maritza Fabiane Lopes Rodrigues, atualmente ju\u00edza auxiliar da Corregedoria-Geral de Justi\u00e7a, e Magid Lauar; ju\u00edzes que atuam na Comarca, ju\u00edzes de comarcas da regi\u00e3o, representantes do Minist\u00e9rio P\u00fablico, Defensoria P\u00fablica, Ordem dos Advogados do Brasil &#8211; Subse\u00e7\u00e3o Te\u00f3filo Otoni, Pol\u00edcias Civil e Militar. (Diretoria Executiva de Comunica\u00e7\u00e3o, Dircom\/ Tribunal de Justi\u00e7a de Minas Gerais \u2013 TJMG\/ Cr\u00e9dito Fotos: Cec\u00edlia Pederzoli\/TJMG).<\/p>\n","protected":false},"excerpt":{"rendered":"<p>Corregedor-geral de Justi\u00e7a, desembargador Luiz Carlos Corr\u00eaa Junior, representou o presidente Jos\u00e9 Arthur Filho O corregedor-geral de Justi\u00e7a de Minas Gerais e presidente eleito para o bi\u00eanio 2024\/2026, desembargador Luiz Carlos Corr\u00eaa Junior, representou o presidente do Tribunal de Justi\u00e7a de Minas Gerais, desembargador Jos\u00e9 Arthur de Carvalho Pereira Filho, na solenidade de inaugura\u00e7\u00e3o do [&hellip;]<\/p>\n","protected":false},"author":1,"featured_media":24991,"comment_status":"open","ping_status":"open","sticky":false,"template":"","format":"standard","meta":{"rop_custom_images_group":[],"rop_custom_messages_group":[],"rop_publish_now":"initial","rop_publish_now_accounts":[],"rop_publish_now_history":[],"rop_publish_now_status":"pending","footnotes":""},"categories":[17],"tags":[6356,245,3492,75],"class_list":["post-24990","post","type-post","status-publish","format-standard","has-post-thumbnail","hentry","category-teofilootoni","tag-forum","tag-inauguracao","tag-novo-predio","tag-teofilo-otoni"],"_links":{"self":[{"href":"https:\/\/diariotribuna.com.br\/index.php?rest_route=\/wp\/v2\/posts\/24990"}],"collection":[{"href":"https:\/\/diariotribuna.com.br\/index.php?rest_route=\/wp\/v2\/posts"}],"about":[{"href":"https:\/\/diariotribuna.com.br\/index.php?rest_route=\/wp\/v2\/types\/post"}],"author":[{"embeddable":true,"href":"https:\/\/diariotribuna.com.br\/index.php?rest_route=\/wp\/v2\/users\/1"}],"replies":[{"embeddable":true,"href":"https:\/\/diariotribuna.com.br\/index.php?rest_route=%2Fwp%2Fv2%2Fcomments&post=24990"}],"version-history":[{"count":10,"href":"https:\/\/diariotribuna.com.br\/index.php?rest_route=\/wp\/v2\/posts\/24990\/revisions"}],"predecessor-version":[{"id":25012,"href":"https:\/\/diariotribuna.com.br\/index.php?rest_route=\/wp\/v2\/posts\/24990\/revisions\/25012"}],"wp:featuredmedia":[{"embeddable":true,"href":"https:\/\/diariotribuna.com.br\/index.php?rest_route=\/wp\/v2\/media\/24991"}],"wp:attachment":[{"href":"https:\/\/diariotribuna.com.br\/index.php?rest_route=%2Fwp%2Fv2%2Fmedia&parent=24990"}],"wp:term":[{"taxonomy":"category","embeddable":true,"href":"https:\/\/diariotribuna.com.br\/index.php?rest_route=%2Fwp%2Fv2%2Fcategories&post=24990"},{"taxonomy":"post_tag","embeddable":true,"href":"https:\/\/diariotribuna.com.br\/index.php?rest_route=%2Fwp%2Fv2%2Ftags&post=24990"}],"curies":[{"name":"wp","href":"https:\/\/api.w.org\/{rel}","templated":true}]}}