{"id":25018,"date":"2024-06-22T16:35:34","date_gmt":"2024-06-22T19:35:34","guid":{"rendered":"https:\/\/diariotribuna.com.br\/?p=25018"},"modified":"2024-06-29T14:43:59","modified_gmt":"2024-06-29T17:43:59","slug":"homem-mata-seu-irmao-com-golpes-de-machado-em-novo-cruzeiro","status":"publish","type":"post","link":"https:\/\/diariotribuna.com.br\/?p=25018","title":{"rendered":"Homem mata seu irm\u00e3o com golpes de machado, em Novo Cruzeiro"},"content":{"rendered":"\n<h3 class=\"wp-block-heading\"><em><strong><mark style=\"background-color:rgba(0, 0, 0, 0)\" class=\"has-inline-color has-black-color\">A Pol\u00edcia Militar prendeu o autor em flagrante; ele disse que o desentendimento foi por causa de uma leitoa<\/mark><\/strong><\/em><\/h3>\n\n\n\n<figure class=\"wp-block-image size-full is-resized is-style-default\"><img loading=\"lazy\" decoding=\"async\" width=\"650\" height=\"401\" src=\"https:\/\/diariotribuna.com.br\/wp-content\/uploads\/2024\/06\/3-3.jpg\" alt=\"\" class=\"wp-image-25022\" style=\"width:452px;height:auto\" srcset=\"https:\/\/diariotribuna.com.br\/wp-content\/uploads\/2024\/06\/3-3.jpg 650w, https:\/\/diariotribuna.com.br\/wp-content\/uploads\/2024\/06\/3-3-300x185.jpg 300w, https:\/\/diariotribuna.com.br\/wp-content\/uploads\/2024\/06\/3-3-356x220.jpg 356w\" sizes=\"(max-width: 650px) 100vw, 650px\" \/><\/figure>\n\n\n\n<p>A Pol\u00edcia Militar foi acionada para atendimento de ocorr\u00eancia de homic\u00eddio, na zona rural de Novo Cruzeiro, uma equipe foi ao local, onde <strong>H\u00e9lio Pereira da Silva, 48 anos<\/strong>, estava ca\u00eddo, e pr\u00f3ximo ao corpo dele estava um machado de cabo de madeira, com vest\u00edgio de sangue. Ao redor da resid\u00eancia tem densa mata e os militares fizeram buscas para tentar localizar o autor do crime, que \u00e9 irm\u00e3o da v\u00edtima. Segundo a PM, o rastreamento iniciou ainda no per\u00edodo noturno e perdurou at\u00e9 a manh\u00e3 deste s\u00e1bado, quando o autor foi encontrado, escondido no matagal.<\/p>\n\n\n\n<p>Segundo a pol\u00edcia, o autor disse que estava na sua casa, quando a v\u00edtima chegou, eles come\u00e7aram a discutir, porque a v\u00edtima estava lhe cobrando o valor de R$300 referente a uma leitoa. Segundo o autor, a cobran\u00e7a era indevida, pois quem teria matado a leitoa da v\u00edtima seria o seu outro irm\u00e3o. Os policiais constataram que havia uma leitoa pequena na geladeira da casa do autor. Ele disse que, durante a discuss\u00e3o, se apossou de um machado e golpeou a v\u00edtima na cabe\u00e7a. Quando a v\u00edtima caiu na sala, ainda golpeou mais uma vez para consumar o crime, depois saiu e se escondeu no mato.<\/p>\n\n\n\n<figure class=\"wp-block-image size-full is-resized is-style-default\"><img loading=\"lazy\" decoding=\"async\" width=\"600\" height=\"288\" src=\"https:\/\/diariotribuna.com.br\/wp-content\/uploads\/2024\/06\/2-4.jpg\" alt=\"\" class=\"wp-image-25023\" style=\"width:450px;height:auto\" srcset=\"https:\/\/diariotribuna.com.br\/wp-content\/uploads\/2024\/06\/2-4.jpg 600w, https:\/\/diariotribuna.com.br\/wp-content\/uploads\/2024\/06\/2-4-300x144.jpg 300w\" sizes=\"(max-width: 600px) 100vw, 600px\" \/><figcaption class=\"wp-element-caption\"><strong>A Pol\u00edcia Militar apreendeu o machado usado no crime<\/strong><\/figcaption><\/figure>\n\n\n\n<p>A pol\u00edcia informa, que foi constatado que o autor j\u00e1 tentou matar a v\u00edtima no ano de 2020. Ele foi preso em flagrante e conduzido \u00e0 delegacia de Pol\u00edcia Civil, para os procedimentos de pol\u00edcia judici\u00e1ria. Ap\u00f3s os trabalhos periciais, o corpo foi removido ao IML de Te\u00f3filo Otoni, para ser necropsiado na tarde deste s\u00e1bado (22). O crime ocorreu na noite de sexta-feira (21), a PM foi informada por volta das 3h da manh\u00e3 de s\u00e1bado, tendo o IML e per\u00edcia acionados. Equipe PMMG: capit\u00e3o C\u00e9sar Vanony, tenente Santana, sargentos George, Carvalho e Elton, soldado Alves.<\/p>\n","protected":false},"excerpt":{"rendered":"<p>A Pol\u00edcia Militar prendeu o autor em flagrante; ele disse que o desentendimento foi por causa de uma leitoa A Pol\u00edcia Militar foi acionada para atendimento de ocorr\u00eancia de homic\u00eddio, na zona rural de Novo Cruzeiro, uma equipe foi ao local, onde H\u00e9lio Pereira da Silva, 48 anos, estava ca\u00eddo, e pr\u00f3ximo ao corpo dele [&hellip;]<\/p>\n","protected":false},"author":1,"featured_media":25022,"comment_status":"open","ping_status":"open","sticky":false,"template":"","format":"standard","meta":{"rop_custom_images_group":[],"rop_custom_messages_group":[],"rop_publish_now":"initial","rop_publish_now_accounts":[],"rop_publish_now_history":[],"rop_publish_now_status":"pending","footnotes":""},"categories":[20],"tags":[6358,78,5273,149,292,76],"class_list":["post-25018","post","type-post","status-publish","format-standard","has-post-thumbnail","hentry","category-policia","tag-fratricidio","tag-homem-mata-irmao","tag-machado","tag-novo-cruzeiro","tag-policia-civil","tag-policia-militar"],"_links":{"self":[{"href":"https:\/\/diariotribuna.com.br\/index.php?rest_route=\/wp\/v2\/posts\/25018"}],"collection":[{"href":"https:\/\/diariotribuna.com.br\/index.php?rest_route=\/wp\/v2\/posts"}],"about":[{"href":"https:\/\/diariotribuna.com.br\/index.php?rest_route=\/wp\/v2\/types\/post"}],"author":[{"embeddable":true,"href":"https:\/\/diariotribuna.com.br\/index.php?rest_route=\/wp\/v2\/users\/1"}],"replies":[{"embeddable":true,"href":"https:\/\/diariotribuna.com.br\/index.php?rest_route=%2Fwp%2Fv2%2Fcomments&post=25018"}],"version-history":[{"count":5,"href":"https:\/\/diariotribuna.com.br\/index.php?rest_route=\/wp\/v2\/posts\/25018\/revisions"}],"predecessor-version":[{"id":25028,"href":"https:\/\/diariotribuna.com.br\/index.php?rest_route=\/wp\/v2\/posts\/25018\/revisions\/25028"}],"wp:featuredmedia":[{"embeddable":true,"href":"https:\/\/diariotribuna.com.br\/index.php?rest_route=\/wp\/v2\/media\/25022"}],"wp:attachment":[{"href":"https:\/\/diariotribuna.com.br\/index.php?rest_route=%2Fwp%2Fv2%2Fmedia&parent=25018"}],"wp:term":[{"taxonomy":"category","embeddable":true,"href":"https:\/\/diariotribuna.com.br\/index.php?rest_route=%2Fwp%2Fv2%2Fcategories&post=25018"},{"taxonomy":"post_tag","embeddable":true,"href":"https:\/\/diariotribuna.com.br\/index.php?rest_route=%2Fwp%2Fv2%2Ftags&post=25018"}],"curies":[{"name":"wp","href":"https:\/\/api.w.org\/{rel}","templated":true}]}}