{"id":25037,"date":"2024-06-25T21:58:31","date_gmt":"2024-06-26T00:58:31","guid":{"rendered":"https:\/\/diariotribuna.com.br\/?p=25037"},"modified":"2024-06-27T00:52:24","modified_gmt":"2024-06-27T03:52:24","slug":"ocupantes-de-veiculo-efetuaram-disparos-de-arma-de-fogo-e-feriram-duas-pessoas-no-bairro-manoel-pimenta","status":"publish","type":"post","link":"https:\/\/diariotribuna.com.br\/?p=25037","title":{"rendered":"Ocupantes de ve\u00edculo efetuaram disparos de arma de fogo e feriram duas pessoas no bairro Manoel Pimenta"},"content":{"rendered":"\n<figure class=\"wp-block-image size-full is-resized is-style-default\"><img loading=\"lazy\" decoding=\"async\" width=\"700\" height=\"417\" src=\"https:\/\/diariotribuna.com.br\/wp-content\/uploads\/2024\/06\/2ccd9dfe-db55-4a02-99a0-2689deb77c0c.jpg\" alt=\"\" class=\"wp-image-25038\" style=\"width:490px;height:auto\" srcset=\"https:\/\/diariotribuna.com.br\/wp-content\/uploads\/2024\/06\/2ccd9dfe-db55-4a02-99a0-2689deb77c0c.jpg 700w, https:\/\/diariotribuna.com.br\/wp-content\/uploads\/2024\/06\/2ccd9dfe-db55-4a02-99a0-2689deb77c0c-300x179.jpg 300w, https:\/\/diariotribuna.com.br\/wp-content\/uploads\/2024\/06\/2ccd9dfe-db55-4a02-99a0-2689deb77c0c-696x415.jpg 696w\" sizes=\"(max-width: 700px) 100vw, 700px\" \/><\/figure>\n\n\n\n<p>A Pol\u00edcia Militar recebeu informa\u00e7\u00f5es sobre disparos de arma de fogo, na manh\u00e3 desta ter\u00e7a-feira, 25 de junho, na Travessa 26, bairro Manoel Pimenta (Eucalipto), em Te\u00f3filo Otoni. As equipes foram ao local para averiguar a situa\u00e7\u00e3o. Segundo a assessora de comunica\u00e7\u00e3o do 19\u00ba Batalh\u00e3o, tenente Maiara, foi confirmado que dois indiv\u00edduos foram alvejados a tiros, nas pernas, fato configurado como les\u00f5es corporais.<\/p>\n\n\n\n<p>Ela confirmou, que recebeu informa\u00e7\u00f5es de que os autores estariam com os rostos descobertos, possibilitando suas identifica\u00e7\u00f5es, mas ainda n\u00e3o foram identificados. Confirmou tamb\u00e9m, que foram observados no local dos fatos algumas muni\u00e7\u00f5es deflagradas, de calibre 556 (fuzil). A pol\u00edcia foi informada que quatro indiv\u00edduos a bordo de um ve\u00edculo possivelmente de cor cinza, acessaram a Travessa 26, tr\u00eas desceram e efetuaram os disparos, ferindo as duas pessoas, que moram no Eucalipto.<\/p>\n\n\n\n<p>A princ\u00edpio, os dois foram socorridos por policiais militares, depois pelo Corpo de Bombeiros que os encaminharam ao hospital Santa Ros\u00e1lia. A tenente informa que as duas v\u00edtimas s\u00e3o egressas do sistema prisional, com envolvimento com tr\u00e1fico de drogas. Ela solicita a colabora\u00e7\u00e3o da sociedade, que tendo qualquer informa\u00e7\u00e3o, repassar \u00e0 Pol\u00edcia Militar pelo 190. Se n\u00e3o quiser se identificar pode ligar no 181. Ressalta-se que, na semana passada, tamb\u00e9m ocorreu situa\u00e7\u00e3o semelhante, na Avenida Jo\u00e3o XXIII, e tamb\u00e9m duas pessoas foram alvejadas a tiros. (Imagem: cedidas por Elvis Passos).<\/p>\n","protected":false},"excerpt":{"rendered":"<p>A Pol\u00edcia Militar recebeu informa\u00e7\u00f5es sobre disparos de arma de fogo, na manh\u00e3 desta ter\u00e7a-feira, 25 de junho, na Travessa 26, bairro Manoel Pimenta (Eucalipto), em Te\u00f3filo Otoni. As equipes foram ao local para averiguar a situa\u00e7\u00e3o. Segundo a assessora de comunica\u00e7\u00e3o do 19\u00ba Batalh\u00e3o, tenente Maiara, foi confirmado que dois indiv\u00edduos foram alvejados a [&hellip;]<\/p>\n","protected":false},"author":1,"featured_media":25038,"comment_status":"open","ping_status":"open","sticky":false,"template":"","format":"standard","meta":{"rop_custom_images_group":[],"rop_custom_messages_group":[],"rop_publish_now":"initial","rop_publish_now_accounts":[],"rop_publish_now_history":[],"rop_publish_now_status":"pending","footnotes":""},"categories":[20],"tags":[6361,2984,646,76,2043,75],"class_list":["post-25037","post","type-post","status-publish","format-standard","has-post-thumbnail","hentry","category-policia","tag-2-baleados","tag-eucalipto","tag-manoel-pimenta","tag-policia-militar","tag-tentativa-de-homicidio","tag-teofilo-otoni"],"_links":{"self":[{"href":"https:\/\/diariotribuna.com.br\/index.php?rest_route=\/wp\/v2\/posts\/25037"}],"collection":[{"href":"https:\/\/diariotribuna.com.br\/index.php?rest_route=\/wp\/v2\/posts"}],"about":[{"href":"https:\/\/diariotribuna.com.br\/index.php?rest_route=\/wp\/v2\/types\/post"}],"author":[{"embeddable":true,"href":"https:\/\/diariotribuna.com.br\/index.php?rest_route=\/wp\/v2\/users\/1"}],"replies":[{"embeddable":true,"href":"https:\/\/diariotribuna.com.br\/index.php?rest_route=%2Fwp%2Fv2%2Fcomments&post=25037"}],"version-history":[{"count":3,"href":"https:\/\/diariotribuna.com.br\/index.php?rest_route=\/wp\/v2\/posts\/25037\/revisions"}],"predecessor-version":[{"id":25042,"href":"https:\/\/diariotribuna.com.br\/index.php?rest_route=\/wp\/v2\/posts\/25037\/revisions\/25042"}],"wp:featuredmedia":[{"embeddable":true,"href":"https:\/\/diariotribuna.com.br\/index.php?rest_route=\/wp\/v2\/media\/25038"}],"wp:attachment":[{"href":"https:\/\/diariotribuna.com.br\/index.php?rest_route=%2Fwp%2Fv2%2Fmedia&parent=25037"}],"wp:term":[{"taxonomy":"category","embeddable":true,"href":"https:\/\/diariotribuna.com.br\/index.php?rest_route=%2Fwp%2Fv2%2Fcategories&post=25037"},{"taxonomy":"post_tag","embeddable":true,"href":"https:\/\/diariotribuna.com.br\/index.php?rest_route=%2Fwp%2Fv2%2Ftags&post=25037"}],"curies":[{"name":"wp","href":"https:\/\/api.w.org\/{rel}","templated":true}]}}