{"id":25046,"date":"2024-06-26T00:25:26","date_gmt":"2024-06-26T03:25:26","guid":{"rendered":"https:\/\/diariotribuna.com.br\/?p=25046"},"modified":"2024-06-26T09:10:09","modified_gmt":"2024-06-26T12:10:09","slug":"homem-de-27-anos-e-morto-a-tiros-dentro-de-casa-em-itaobim","status":"publish","type":"post","link":"https:\/\/diariotribuna.com.br\/?p=25046","title":{"rendered":"Homem de 27 anos \u00e9 morto a tiros dentro de casa, em Itaobim"},"content":{"rendered":"\n<p><strong><em>A v\u00edtima \u00e9 F\u00e1bio Rodrigues de Souza; ele usava tornozeleira eletr\u00f4nica<\/em><\/strong><\/p>\n\n\n\n<figure class=\"wp-block-image size-full is-resized is-style-default\"><img loading=\"lazy\" decoding=\"async\" width=\"700\" height=\"406\" src=\"https:\/\/diariotribuna.com.br\/wp-content\/uploads\/2024\/06\/giroflex-policia-1.jpg\" alt=\"\" class=\"wp-image-25047\" style=\"width:476px;height:auto\" srcset=\"https:\/\/diariotribuna.com.br\/wp-content\/uploads\/2024\/06\/giroflex-policia-1.jpg 700w, https:\/\/diariotribuna.com.br\/wp-content\/uploads\/2024\/06\/giroflex-policia-1-300x174.jpg 300w, https:\/\/diariotribuna.com.br\/wp-content\/uploads\/2024\/06\/giroflex-policia-1-696x404.jpg 696w\" sizes=\"(max-width: 700px) 100vw, 700px\" \/><figcaption class=\"wp-element-caption\"><strong>F\u00e1bio foi morto a tiros dentro de casa, em Itaobim<\/strong><\/figcaption><\/figure>\n\n\n\n<p>A Pol\u00edcia Militar foi informada do crime atrav\u00e9s do Samu que foi acionado, na madrugada desta ter\u00e7a-feira (25\/6), para comparecer \u00e0 Rua Tonico Murta, centro de Itaobim, onde estava uma pessoa atingida por disparos de arma de fogo, dentro de casa. Chegando ao local, que estava aberto, os militares viram a v\u00edtima <strong>F\u00e1bio Rodrigues de Souza, de 27 anos<\/strong>, j\u00e1 sem os sinais vitais.<\/p>\n\n\n\n<p>A per\u00edcia t\u00e9cnica da Pol\u00edcia Civil de Pedra Azul foi acionada, o perito Darlan Ezequiel esteve no local e adotou as provid\u00eancias de praxe, sendo constatadas 4 perfura\u00e7\u00f5es na v\u00edtima. \u00a0Tamb\u00e9m foram localizadas dentro do im\u00f3vel, uma pequena por\u00e7\u00e3o de coca\u00edna, uma pequena barra de maconha, uma c\u00e9dula de 5 reais e um chumbo de calibre .38, amassado.<\/p>\n\n\n\n<figure class=\"wp-block-image size-large is-resized is-style-default\"><img loading=\"lazy\" decoding=\"async\" width=\"1024\" height=\"797\" src=\"https:\/\/diariotribuna.com.br\/wp-content\/uploads\/2024\/06\/d7112725-11e7-45d8-b9e2-57811f1ff9ac-1024x797.jpg\" alt=\"\" class=\"wp-image-25048\" style=\"width:385px;height:auto\" srcset=\"https:\/\/diariotribuna.com.br\/wp-content\/uploads\/2024\/06\/d7112725-11e7-45d8-b9e2-57811f1ff9ac-1024x797.jpg 1024w, https:\/\/diariotribuna.com.br\/wp-content\/uploads\/2024\/06\/d7112725-11e7-45d8-b9e2-57811f1ff9ac-300x233.jpg 300w, https:\/\/diariotribuna.com.br\/wp-content\/uploads\/2024\/06\/d7112725-11e7-45d8-b9e2-57811f1ff9ac-768x597.jpg 768w, https:\/\/diariotribuna.com.br\/wp-content\/uploads\/2024\/06\/d7112725-11e7-45d8-b9e2-57811f1ff9ac-696x541.jpg 696w, https:\/\/diariotribuna.com.br\/wp-content\/uploads\/2024\/06\/d7112725-11e7-45d8-b9e2-57811f1ff9ac-1068x831.jpg 1068w, https:\/\/diariotribuna.com.br\/wp-content\/uploads\/2024\/06\/d7112725-11e7-45d8-b9e2-57811f1ff9ac-540x420.jpg 540w, https:\/\/diariotribuna.com.br\/wp-content\/uploads\/2024\/06\/d7112725-11e7-45d8-b9e2-57811f1ff9ac.jpg 1315w\" sizes=\"(max-width: 1024px) 100vw, 1024px\" \/><figcaption class=\"wp-element-caption\"><strong>A v\u00edtima estava usando tornozeleira eletr\u00f4nica<\/strong><\/figcaption><\/figure>\n\n\n\n<p>Segundo a PM, n\u00e3o h\u00e1 testemunha do crime, nem informa\u00e7\u00f5es de autoria, e rastreamentos continuam para tentar localizar imagens de c\u00e2meras de seguran\u00e7a que possam ajudar a elucidar o caso. E a v\u00edtima j\u00e1 cumpriu pena por tr\u00e1fico de drogas e roubo, inclusive estava usando tornozeleira eletr\u00f4nica. O corpo foi removido ao IML de Pedra Azul, para a necropsia, pelo legista Dr. Mateus, e o auxiliar Kl\u00e9cio.<\/p>\n","protected":false},"excerpt":{"rendered":"<p>A v\u00edtima \u00e9 F\u00e1bio Rodrigues de Souza; ele usava tornozeleira eletr\u00f4nica A Pol\u00edcia Militar foi informada do crime atrav\u00e9s do Samu que foi acionado, na madrugada desta ter\u00e7a-feira (25\/6), para comparecer \u00e0 Rua Tonico Murta, centro de Itaobim, onde estava uma pessoa atingida por disparos de arma de fogo, dentro de casa. Chegando ao local, [&hellip;]<\/p>\n","protected":false},"author":1,"featured_media":25047,"comment_status":"open","ping_status":"open","sticky":false,"template":"","format":"standard","meta":{"rop_custom_images_group":[],"rop_custom_messages_group":[],"rop_publish_now":"initial","rop_publish_now_accounts":[],"rop_publish_now_history":[],"rop_publish_now_status":"pending","footnotes":""},"categories":[25,20],"tags":[],"class_list":["post-25046","post","type-post","status-publish","format-standard","has-post-thumbnail","hentry","category-destaque","category-policia"],"_links":{"self":[{"href":"https:\/\/diariotribuna.com.br\/index.php?rest_route=\/wp\/v2\/posts\/25046"}],"collection":[{"href":"https:\/\/diariotribuna.com.br\/index.php?rest_route=\/wp\/v2\/posts"}],"about":[{"href":"https:\/\/diariotribuna.com.br\/index.php?rest_route=\/wp\/v2\/types\/post"}],"author":[{"embeddable":true,"href":"https:\/\/diariotribuna.com.br\/index.php?rest_route=\/wp\/v2\/users\/1"}],"replies":[{"embeddable":true,"href":"https:\/\/diariotribuna.com.br\/index.php?rest_route=%2Fwp%2Fv2%2Fcomments&post=25046"}],"version-history":[{"count":2,"href":"https:\/\/diariotribuna.com.br\/index.php?rest_route=\/wp\/v2\/posts\/25046\/revisions"}],"predecessor-version":[{"id":25054,"href":"https:\/\/diariotribuna.com.br\/index.php?rest_route=\/wp\/v2\/posts\/25046\/revisions\/25054"}],"wp:featuredmedia":[{"embeddable":true,"href":"https:\/\/diariotribuna.com.br\/index.php?rest_route=\/wp\/v2\/media\/25047"}],"wp:attachment":[{"href":"https:\/\/diariotribuna.com.br\/index.php?rest_route=%2Fwp%2Fv2%2Fmedia&parent=25046"}],"wp:term":[{"taxonomy":"category","embeddable":true,"href":"https:\/\/diariotribuna.com.br\/index.php?rest_route=%2Fwp%2Fv2%2Fcategories&post=25046"},{"taxonomy":"post_tag","embeddable":true,"href":"https:\/\/diariotribuna.com.br\/index.php?rest_route=%2Fwp%2Fv2%2Ftags&post=25046"}],"curies":[{"name":"wp","href":"https:\/\/api.w.org\/{rel}","templated":true}]}}