{"id":25050,"date":"2024-06-26T08:56:02","date_gmt":"2024-06-26T11:56:02","guid":{"rendered":"https:\/\/diariotribuna.com.br\/?p=25050"},"modified":"2024-06-28T13:29:13","modified_gmt":"2024-06-28T16:29:13","slug":"diario-tribuna-26-de-junho-de-2024-teofilo-otoni-mg","status":"publish","type":"post","link":"https:\/\/diariotribuna.com.br\/?p=25050","title":{"rendered":"Di\u00e1rio Tribuna, 26 de Junho de 2024, Te\u00f3filo Otoni &#8211; MG"},"content":{"rendered":"\n<figure class=\"wp-block-image size-full is-resized is-style-default\"><img loading=\"lazy\" decoding=\"async\" width=\"700\" height=\"1017\" src=\"https:\/\/diariotribuna.com.br\/wp-content\/uploads\/2024\/06\/d43320a2-e68f-4808-adfe-93a7ce57828d.jpg\" alt=\"\" class=\"wp-image-25052\" style=\"width:430px;height:auto\" srcset=\"https:\/\/diariotribuna.com.br\/wp-content\/uploads\/2024\/06\/d43320a2-e68f-4808-adfe-93a7ce57828d.jpg 700w, https:\/\/diariotribuna.com.br\/wp-content\/uploads\/2024\/06\/d43320a2-e68f-4808-adfe-93a7ce57828d-206x300.jpg 206w, https:\/\/diariotribuna.com.br\/wp-content\/uploads\/2024\/06\/d43320a2-e68f-4808-adfe-93a7ce57828d-696x1011.jpg 696w, https:\/\/diariotribuna.com.br\/wp-content\/uploads\/2024\/06\/d43320a2-e68f-4808-adfe-93a7ce57828d-289x420.jpg 289w\" sizes=\"(max-width: 700px) 100vw, 700px\" \/><\/figure>\n\n\n\n<h2 class=\"wp-block-heading\"><strong><strong><mark style=\"background-color:rgba(0, 0, 0, 0)\" class=\"has-inline-color has-vivid-red-color\">Acesse o link abaixo e veja a edi\u00e7\u00e3o completa do Di\u00e1rio Tribuna desta quarta-feira (26\/6)<\/mark><\/strong><\/strong><\/h2>\n\n\n\n<h2 class=\"wp-block-heading\"><a href=\"https:\/\/diariotribuna.com.br\/wp-content\/uploads\/2024\/06\/DIARIO-TRIBUNA-54-ANOS-26-JUNHO-2024.pdf\"><strong><mark style=\"background-color:rgba(0, 0, 0, 0)\" class=\"has-inline-color has-vivid-red-color\">https:\/\/diariotribuna.com.br\/wp-content\/uploads\/2024\/06\/DIARIO-TRIBUNA-54-ANOS-26-JUNHO-2024.pdf<\/mark><\/strong><\/a><\/h2>\n","protected":false},"excerpt":{"rendered":"<p>Acesse o link abaixo e veja a edi\u00e7\u00e3o completa do Di\u00e1rio Tribuna desta quarta-feira (26\/6) https:\/\/diariotribuna.com.br\/wp-content\/uploads\/2024\/06\/DIARIO-TRIBUNA-54-ANOS-26-JUNHO-2024.pdf<\/p>\n","protected":false},"author":1,"featured_media":25052,"comment_status":"open","ping_status":"open","sticky":false,"template":"","format":"standard","meta":{"rop_custom_images_group":[],"rop_custom_messages_group":[],"rop_publish_now":"initial","rop_publish_now_accounts":[],"rop_publish_now_history":[],"rop_publish_now_status":"pending","footnotes":""},"categories":[17,23],"tags":[6363,42,1010,75,867],"class_list":["post-25050","post","type-post","status-publish","format-standard","has-post-thumbnail","hentry","category-teofilootoni","category-ultimaedicao","tag-26-6-2024","tag-diario-tribuna","tag-nordeste-mineiro","tag-teofilo-otoni","tag-vale-do-mucuri"],"_links":{"self":[{"href":"https:\/\/diariotribuna.com.br\/index.php?rest_route=\/wp\/v2\/posts\/25050"}],"collection":[{"href":"https:\/\/diariotribuna.com.br\/index.php?rest_route=\/wp\/v2\/posts"}],"about":[{"href":"https:\/\/diariotribuna.com.br\/index.php?rest_route=\/wp\/v2\/types\/post"}],"author":[{"embeddable":true,"href":"https:\/\/diariotribuna.com.br\/index.php?rest_route=\/wp\/v2\/users\/1"}],"replies":[{"embeddable":true,"href":"https:\/\/diariotribuna.com.br\/index.php?rest_route=%2Fwp%2Fv2%2Fcomments&post=25050"}],"version-history":[{"count":1,"href":"https:\/\/diariotribuna.com.br\/index.php?rest_route=\/wp\/v2\/posts\/25050\/revisions"}],"predecessor-version":[{"id":25053,"href":"https:\/\/diariotribuna.com.br\/index.php?rest_route=\/wp\/v2\/posts\/25050\/revisions\/25053"}],"wp:featuredmedia":[{"embeddable":true,"href":"https:\/\/diariotribuna.com.br\/index.php?rest_route=\/wp\/v2\/media\/25052"}],"wp:attachment":[{"href":"https:\/\/diariotribuna.com.br\/index.php?rest_route=%2Fwp%2Fv2%2Fmedia&parent=25050"}],"wp:term":[{"taxonomy":"category","embeddable":true,"href":"https:\/\/diariotribuna.com.br\/index.php?rest_route=%2Fwp%2Fv2%2Fcategories&post=25050"},{"taxonomy":"post_tag","embeddable":true,"href":"https:\/\/diariotribuna.com.br\/index.php?rest_route=%2Fwp%2Fv2%2Ftags&post=25050"}],"curies":[{"name":"wp","href":"https:\/\/api.w.org\/{rel}","templated":true}]}}