{"id":25055,"date":"2024-06-26T10:49:00","date_gmt":"2024-06-26T13:49:00","guid":{"rendered":"https:\/\/diariotribuna.com.br\/?p=25055"},"modified":"2024-06-27T15:02:54","modified_gmt":"2024-06-27T18:02:54","slug":"solenidade-marca-a-inauguracao-da-reforma-da-central-de-tributos-e-protocolo-da-prefeitura-de-teofilo-otoni","status":"publish","type":"post","link":"https:\/\/diariotribuna.com.br\/?p=25055","title":{"rendered":"Solenidade marca a inaugura\u00e7\u00e3o da reforma da Central de Tributos e Protocolo da Prefeitura de Te\u00f3filo Otoni"},"content":{"rendered":"\n<h3 class=\"wp-block-heading\"><strong><em>O novo espa\u00e7o foi totalmente modernizado e climatizado, levando mais conforto aos contribuintes e aos servidores municipais<\/em><\/strong><\/h3>\n\n\n\n<figure class=\"wp-block-gallery has-nested-images columns-default is-cropped wp-block-gallery-1 is-layout-flex wp-block-gallery-is-layout-flex\">\n<figure class=\"wp-block-image size-large is-style-default\"><img loading=\"lazy\" decoding=\"async\" width=\"700\" height=\"404\" data-id=\"25074\" src=\"https:\/\/diariotribuna.com.br\/wp-content\/uploads\/2024\/06\/5-descerramento-da-placa-inaugural-4.jpg\" alt=\"\" class=\"wp-image-25074\" srcset=\"https:\/\/diariotribuna.com.br\/wp-content\/uploads\/2024\/06\/5-descerramento-da-placa-inaugural-4.jpg 700w, https:\/\/diariotribuna.com.br\/wp-content\/uploads\/2024\/06\/5-descerramento-da-placa-inaugural-4-300x173.jpg 300w, https:\/\/diariotribuna.com.br\/wp-content\/uploads\/2024\/06\/5-descerramento-da-placa-inaugural-4-696x402.jpg 696w\" sizes=\"(max-width: 700px) 100vw, 700px\" \/><\/figure>\n\n\n\n<figure class=\"wp-block-image size-large is-style-default\"><img loading=\"lazy\" decoding=\"async\" width=\"600\" height=\"363\" data-id=\"25073\" src=\"https:\/\/diariotribuna.com.br\/wp-content\/uploads\/2024\/06\/2-7.jpg\" alt=\"\" class=\"wp-image-25073\" srcset=\"https:\/\/diariotribuna.com.br\/wp-content\/uploads\/2024\/06\/2-7.jpg 600w, https:\/\/diariotribuna.com.br\/wp-content\/uploads\/2024\/06\/2-7-300x182.jpg 300w\" sizes=\"(max-width: 600px) 100vw, 600px\" \/><\/figure>\n\n\n\n<figure class=\"wp-block-image size-large is-style-default\"><img loading=\"lazy\" decoding=\"async\" width=\"600\" height=\"398\" data-id=\"25072\" src=\"https:\/\/diariotribuna.com.br\/wp-content\/uploads\/2024\/06\/8-Paulo-Sergio-representando-a-classe-2.jpg\" alt=\"\" class=\"wp-image-25072\" srcset=\"https:\/\/diariotribuna.com.br\/wp-content\/uploads\/2024\/06\/8-Paulo-Sergio-representando-a-classe-2.jpg 600w, https:\/\/diariotribuna.com.br\/wp-content\/uploads\/2024\/06\/8-Paulo-Sergio-representando-a-classe-2-300x199.jpg 300w\" sizes=\"(max-width: 600px) 100vw, 600px\" \/><\/figure>\n<\/figure>\n\n\n\n<p>A Prefeitura Municipal de Te\u00f3filo Otoni realizou solenidade na segunda-feira (24\/6), para inaugura\u00e7\u00e3o da reforma da Central de Tributos e Protocolos. O local foi todo modernizado e climatizado para os contribuintes que precisam do atendimento esperarem num espa\u00e7o mais digno e confort\u00e1vel. O espa\u00e7o chamou a aten\u00e7\u00e3o de quem participou da inaugura\u00e7\u00e3o, pelos detalhes que muitos imaginavam que jamais iriam ver numa prefeitura. Foram colocados sof\u00e1s, puffs, lumin\u00e1ria, banco estofado, plantas, dois banheiros, recep\u00e7\u00e3o para cafezinho e \u00e1gua gelada.<\/p>\n\n\n\n<pre class=\"wp-block-verse\">\u201cA prefeitura \u00e9 a casa de todos n\u00f3s. Eu acho que o papel do prefeito \u00e9 justamente esse, mostrar para as pessoas que o dinheiro p\u00fablico tem que ser bem aplicado. N\u00e3o \u00e9 porque \u00e9 servi\u00e7o p\u00fablico que tem que ser feito de qualquer jeito. A popula\u00e7\u00e3o de Te\u00f3filo Otoni merece bons ambientes, climatizados e agrad\u00e1veis\u201d, disse <strong>o prefeito de Te\u00f3filo Otoni, Daniel Sucupira<\/strong>, enfatizando que o sistema informatizado da prefeitura \u00e9 um dos mais modernos que existem, e os t\u00e9cnicos receberam esta\u00e7\u00f5es de trabalho, todas modernas e adequadas.<\/pre>\n\n\n\n<figure class=\"wp-block-gallery has-nested-images columns-default is-cropped wp-block-gallery-2 is-layout-flex wp-block-gallery-is-layout-flex\">\n<figure class=\"wp-block-image size-large is-style-default\"><img loading=\"lazy\" decoding=\"async\" width=\"600\" height=\"398\" data-id=\"25076\" src=\"https:\/\/diariotribuna.com.br\/wp-content\/uploads\/2024\/06\/13-Sala-dos-contadores.jpg\" alt=\"\" class=\"wp-image-25076\" srcset=\"https:\/\/diariotribuna.com.br\/wp-content\/uploads\/2024\/06\/13-Sala-dos-contadores.jpg 600w, https:\/\/diariotribuna.com.br\/wp-content\/uploads\/2024\/06\/13-Sala-dos-contadores-300x199.jpg 300w\" sizes=\"(max-width: 600px) 100vw, 600px\" \/><\/figure>\n\n\n\n<figure class=\"wp-block-image size-large is-style-default\"><img loading=\"lazy\" decoding=\"async\" width=\"600\" height=\"398\" data-id=\"25078\" src=\"https:\/\/diariotribuna.com.br\/wp-content\/uploads\/2024\/06\/11-Bencao-padre-Honorio.jpg\" alt=\"\" class=\"wp-image-25078\" srcset=\"https:\/\/diariotribuna.com.br\/wp-content\/uploads\/2024\/06\/11-Bencao-padre-Honorio.jpg 600w, https:\/\/diariotribuna.com.br\/wp-content\/uploads\/2024\/06\/11-Bencao-padre-Honorio-300x199.jpg 300w\" sizes=\"(max-width: 600px) 100vw, 600px\" \/><\/figure>\n\n\n\n<figure class=\"wp-block-image size-large is-style-default\"><img loading=\"lazy\" decoding=\"async\" width=\"600\" height=\"398\" data-id=\"25077\" src=\"https:\/\/diariotribuna.com.br\/wp-content\/uploads\/2024\/06\/15.jpg\" alt=\"\" class=\"wp-image-25077\" srcset=\"https:\/\/diariotribuna.com.br\/wp-content\/uploads\/2024\/06\/15.jpg 600w, https:\/\/diariotribuna.com.br\/wp-content\/uploads\/2024\/06\/15-300x199.jpg 300w\" sizes=\"(max-width: 600px) 100vw, 600px\" \/><\/figure>\n\n\n\n<figure class=\"wp-block-image size-large is-style-default\"><img loading=\"lazy\" decoding=\"async\" width=\"600\" height=\"398\" data-id=\"25075\" src=\"https:\/\/diariotribuna.com.br\/wp-content\/uploads\/2024\/06\/6-3.jpg\" alt=\"\" class=\"wp-image-25075\" srcset=\"https:\/\/diariotribuna.com.br\/wp-content\/uploads\/2024\/06\/6-3.jpg 600w, https:\/\/diariotribuna.com.br\/wp-content\/uploads\/2024\/06\/6-3-300x199.jpg 300w\" sizes=\"(max-width: 600px) 100vw, 600px\" \/><\/figure>\n\n\n\n<figure class=\"wp-block-image size-large is-style-default\"><img loading=\"lazy\" decoding=\"async\" width=\"600\" height=\"370\" data-id=\"25079\" src=\"https:\/\/diariotribuna.com.br\/wp-content\/uploads\/2024\/06\/14-Solenidade-prestigiada.jpg\" alt=\"\" class=\"wp-image-25079\" srcset=\"https:\/\/diariotribuna.com.br\/wp-content\/uploads\/2024\/06\/14-Solenidade-prestigiada.jpg 600w, https:\/\/diariotribuna.com.br\/wp-content\/uploads\/2024\/06\/14-Solenidade-prestigiada-300x185.jpg 300w, https:\/\/diariotribuna.com.br\/wp-content\/uploads\/2024\/06\/14-Solenidade-prestigiada-356x220.jpg 356w\" sizes=\"(max-width: 600px) 100vw, 600px\" \/><\/figure>\n<\/figure>\n\n\n\n<p>Sucupira ressalta que existe uma m\u00e1 impress\u00e3o de que o servi\u00e7o p\u00fablico tem que ser tocado, mas ele entende diferente, que tem que ter qualidade, porque s\u00e3o os contribuintes que fazem a diferen\u00e7a numa prefeitura municipal. \u201cPor isso que adequamos esse espa\u00e7o que est\u00e1 aqui dispon\u00edvel para a nossa comunidade\u201d. Informa ainda que, outros setores j\u00e1 foram reformados como, as secretarias de Fazenda e Educa\u00e7\u00e3o, e de recursos humanos. E outros est\u00e3o recebendo melhorias, como o gabinete e o setor de fiscaliza\u00e7\u00e3o. E ser\u00e1 criado um espa\u00e7o moderno para atender aos auxiliares de servi\u00e7os.<\/p>\n\n\n\n<p>O prefeito pontua que o pr\u00e9dio \u00e9 muito antigo, constru\u00eddo na gest\u00e3o do ent\u00e3o prefeito Wander Lister de Carvalho S\u00e1, e de l\u00e1 pra c\u00e1 n\u00e3o houve nenhuma reforma como est\u00e1 sendo feita agora. \u201cComo todos podem ver, n\u00f3s recebemos elevadores para pessoas com mobilidade reduzida. A prefeitura est\u00e1 sendo totalmente modernizada e estou muito orgulhoso\u201d. E t\u00e3o importante quanto a estrutura f\u00edsica, \u00e9 a qualidade do atendimento \u00e0s pessoas, e Sucupira afirma que isso tem. \u201cTemos servidores competentes, t\u00e9cnicos honestos, e eu sou muito orgulhoso dessa equipe. \u00c9 nesse sentido que estaremos aqui, qualificando cada vez mais esse atendimento, que n\u00e3o perde para nenhum outro, seja ele p\u00fablico ou particular, em Te\u00f3filo Otoni, ou outro lugar em Minas Gerais\u201d.<\/p>\n\n\n\n<figure class=\"wp-block-gallery has-nested-images columns-default is-cropped wp-block-gallery-3 is-layout-flex wp-block-gallery-is-layout-flex\">\n<figure class=\"wp-block-image size-large is-style-default\"><img loading=\"lazy\" decoding=\"async\" width=\"600\" height=\"365\" data-id=\"25081\" src=\"https:\/\/diariotribuna.com.br\/wp-content\/uploads\/2024\/06\/19.jpg\" alt=\"\" class=\"wp-image-25081\" srcset=\"https:\/\/diariotribuna.com.br\/wp-content\/uploads\/2024\/06\/19.jpg 600w, https:\/\/diariotribuna.com.br\/wp-content\/uploads\/2024\/06\/19-300x183.jpg 300w\" sizes=\"(max-width: 600px) 100vw, 600px\" \/><\/figure>\n\n\n\n<figure class=\"wp-block-image size-large is-style-default\"><img loading=\"lazy\" decoding=\"async\" width=\"600\" height=\"398\" data-id=\"25080\" src=\"https:\/\/diariotribuna.com.br\/wp-content\/uploads\/2024\/06\/16.jpg\" alt=\"\" class=\"wp-image-25080\" srcset=\"https:\/\/diariotribuna.com.br\/wp-content\/uploads\/2024\/06\/16.jpg 600w, https:\/\/diariotribuna.com.br\/wp-content\/uploads\/2024\/06\/16-300x199.jpg 300w\" sizes=\"(max-width: 600px) 100vw, 600px\" \/><\/figure>\n\n\n\n<figure class=\"wp-block-image size-large is-style-default\"><img loading=\"lazy\" decoding=\"async\" width=\"600\" height=\"385\" data-id=\"25084\" src=\"https:\/\/diariotribuna.com.br\/wp-content\/uploads\/2024\/06\/17.jpg\" alt=\"\" class=\"wp-image-25084\" srcset=\"https:\/\/diariotribuna.com.br\/wp-content\/uploads\/2024\/06\/17.jpg 600w, https:\/\/diariotribuna.com.br\/wp-content\/uploads\/2024\/06\/17-300x193.jpg 300w\" sizes=\"(max-width: 600px) 100vw, 600px\" \/><\/figure>\n\n\n\n<figure class=\"wp-block-image size-large is-style-default\"><img loading=\"lazy\" decoding=\"async\" width=\"600\" height=\"385\" data-id=\"25083\" src=\"https:\/\/diariotribuna.com.br\/wp-content\/uploads\/2024\/06\/18.jpg\" alt=\"\" class=\"wp-image-25083\" srcset=\"https:\/\/diariotribuna.com.br\/wp-content\/uploads\/2024\/06\/18.jpg 600w, https:\/\/diariotribuna.com.br\/wp-content\/uploads\/2024\/06\/18-300x193.jpg 300w\" sizes=\"(max-width: 600px) 100vw, 600px\" \/><\/figure>\n\n\n\n<figure class=\"wp-block-image size-large is-style-default\"><img loading=\"lazy\" decoding=\"async\" width=\"600\" height=\"398\" data-id=\"25082\" src=\"https:\/\/diariotribuna.com.br\/wp-content\/uploads\/2024\/06\/20.jpg\" alt=\"\" class=\"wp-image-25082\" srcset=\"https:\/\/diariotribuna.com.br\/wp-content\/uploads\/2024\/06\/20.jpg 600w, https:\/\/diariotribuna.com.br\/wp-content\/uploads\/2024\/06\/20-300x199.jpg 300w\" sizes=\"(max-width: 600px) 100vw, 600px\" \/><\/figure>\n\n\n\n<figure class=\"wp-block-image size-large is-style-default\"><img loading=\"lazy\" decoding=\"async\" width=\"600\" height=\"404\" data-id=\"25085\" src=\"https:\/\/diariotribuna.com.br\/wp-content\/uploads\/2024\/06\/12-Atendimento-digitalizado-VER.jpg\" alt=\"\" class=\"wp-image-25085\" srcset=\"https:\/\/diariotribuna.com.br\/wp-content\/uploads\/2024\/06\/12-Atendimento-digitalizado-VER.jpg 600w, https:\/\/diariotribuna.com.br\/wp-content\/uploads\/2024\/06\/12-Atendimento-digitalizado-VER-300x202.jpg 300w\" sizes=\"(max-width: 600px) 100vw, 600px\" \/><\/figure>\n<\/figure>\n\n\n\n<p><strong>A Secret\u00e1ria Municipal de Administra\u00e7\u00e3o e Fazenda, Katiane Lemos <\/strong>disse que est\u00e1 com a sensa\u00e7\u00e3o de dever cumprido, destacando o que sempre ouviu do prefeito \u2013 oferecer ao cidad\u00e3o o que h\u00e1 de melhor. \u201cE foi em cima disso que nossa equipe trabalhou muito\u201d. Durante a solenidade, ela prestou alguns agradecimentos. O primeiro foi para o ex-secret\u00e1rio de Planejamento Tarcirlei Brito, que devido quest\u00f5es de veda\u00e7\u00f5es eleitorais n\u00e3o p\u00f4de estar presente, mas Katiane destacou que ele ajudou na concretiza\u00e7\u00e3o desse projeto, incluindo esse investimento do programa Avan\u00e7a Mais Te\u00f3. Agradeceu tamb\u00e9m a Grazi Marinho (engenheira, paisagista), Jheyzon Moreira Dias (arquiteto) e Ezequiel Nascimento \u201cZeca\u201d (diretor de servi\u00e7os gerais). \u201cEssas foram as tr\u00eas pessoas que respiraram essa obra 24 horas\u201d, disse. Todos eles receberam uma placa de agradecimento. E na oportunidade, Katiane tamb\u00e9m foi homenageada pelo prefeito Daniel Sucupira.<\/p>\n\n\n\n<p>Em seu pronunciamento, <strong>o presidente da C\u00e2mara Municipal de Te\u00f3filo Otoni, vereador Lidiomar Souza da Silva \u2013 \u201cLidiomar da Sa\u00fade\u201d<\/strong>, destacou que esteve em outra ocasi\u00e3o em uma cidade e viu um pr\u00e9dio da prefeitura muito bonito, e pensou \u2013 \u201cporque Te\u00f3filo Otoni tamb\u00e9m n\u00e3o poderia ter\u201d. E destacou o compromisso desta administra\u00e7\u00e3o de Te\u00f3filo Otoni, o compromisso dos secret\u00e1rios e servidores, frisando que eles t\u00eam o cuidado de dar o melhor para a cidade. \u201cQuero parabenizar a administra\u00e7\u00e3o e dizer que a nossa cidade est\u00e1 feliz, e \u00e9 isso mesmo, temos que cuidar do povo. Aqui \u00e9 a casa onde passa praticamente toda a cidade, tem que ser um local de acolhida, de respeito aos nossos mun\u00edcipes\u201d.<\/p>\n\n\n\n<p><strong>O Conselheiro do CRC, Paulo S\u00e9rgio Almeida Santos, representando a classe cont\u00e1bil<\/strong> destacou que sua presen\u00e7a na solenidade foi de agradecimento a Katiane, pelas intermin\u00e1veis reuni\u00f5es realizadas, para chegar a um ambiente reservado especialmente para os contadores. Um escrit\u00f3rio montado com computador, sof\u00e1, ar condicionado, muito conforto. \u201cA gente estava acompanhando o desenvolvimento do projeto, mas n\u00e3o imagin\u00e1vamos a estrutura que estaria aqui hoje. Agrade\u00e7o em nome de todos os contadores daqui da nossa cidade. N\u00e3o s\u00f3 o atendimento f\u00edsico aqui, mas a plataforma online que est\u00e1 sendo estabelecida e ficando muito boa\u201d, disse Paulo S\u00e9rgio. As novas instala\u00e7\u00f5es receberam as b\u00ean\u00e7\u00e3os do padre Hon\u00f3rio. (<strong>Texto\/Fotos: Di\u00e1rio Tribuna<\/strong>).<\/p>\n\n\n\n<h2 class=\"wp-block-heading\"><strong><mark style=\"background-color:rgba(0, 0, 0, 0);color:#823609\" class=\"has-inline-color\">Conhe\u00e7a o novo espa\u00e7o da Central de Tributos e Protocolos da Prefeitura de Te\u00f3filo Otoni<\/mark><\/strong><\/h2>\n\n\n\n<figure class=\"wp-block-gallery has-nested-images columns-default is-cropped wp-block-gallery-4 is-layout-flex wp-block-gallery-is-layout-flex\">\n<figure class=\"wp-block-image size-large is-style-default\"><img loading=\"lazy\" decoding=\"async\" width=\"600\" height=\"375\" data-id=\"25088\" src=\"https:\/\/diariotribuna.com.br\/wp-content\/uploads\/2024\/06\/7.jpg\" alt=\"\" class=\"wp-image-25088\" srcset=\"https:\/\/diariotribuna.com.br\/wp-content\/uploads\/2024\/06\/7.jpg 600w, https:\/\/diariotribuna.com.br\/wp-content\/uploads\/2024\/06\/7-300x188.jpg 300w\" sizes=\"(max-width: 600px) 100vw, 600px\" \/><\/figure>\n\n\n\n<figure class=\"wp-block-image size-large is-style-default\"><img loading=\"lazy\" decoding=\"async\" width=\"600\" height=\"361\" data-id=\"25092\" src=\"https:\/\/diariotribuna.com.br\/wp-content\/uploads\/2024\/06\/3-4.jpg\" alt=\"\" class=\"wp-image-25092\" srcset=\"https:\/\/diariotribuna.com.br\/wp-content\/uploads\/2024\/06\/3-4.jpg 600w, https:\/\/diariotribuna.com.br\/wp-content\/uploads\/2024\/06\/3-4-300x181.jpg 300w\" sizes=\"(max-width: 600px) 100vw, 600px\" \/><\/figure>\n\n\n\n<figure class=\"wp-block-image size-large is-style-default\"><img loading=\"lazy\" decoding=\"async\" width=\"600\" height=\"383\" data-id=\"25096\" src=\"https:\/\/diariotribuna.com.br\/wp-content\/uploads\/2024\/06\/8.jpg\" alt=\"\" class=\"wp-image-25096\" srcset=\"https:\/\/diariotribuna.com.br\/wp-content\/uploads\/2024\/06\/8.jpg 600w, https:\/\/diariotribuna.com.br\/wp-content\/uploads\/2024\/06\/8-300x192.jpg 300w\" sizes=\"(max-width: 600px) 100vw, 600px\" \/><\/figure>\n\n\n\n<figure class=\"wp-block-image size-large is-style-default\"><img loading=\"lazy\" decoding=\"async\" width=\"600\" height=\"398\" data-id=\"25094\" src=\"https:\/\/diariotribuna.com.br\/wp-content\/uploads\/2024\/06\/2-8.jpg\" alt=\"\" class=\"wp-image-25094\" srcset=\"https:\/\/diariotribuna.com.br\/wp-content\/uploads\/2024\/06\/2-8.jpg 600w, https:\/\/diariotribuna.com.br\/wp-content\/uploads\/2024\/06\/2-8-300x199.jpg 300w\" sizes=\"(max-width: 600px) 100vw, 600px\" \/><\/figure>\n\n\n\n<figure class=\"wp-block-image size-large is-style-default\"><img loading=\"lazy\" decoding=\"async\" width=\"600\" height=\"374\" data-id=\"25090\" src=\"https:\/\/diariotribuna.com.br\/wp-content\/uploads\/2024\/06\/4-2.jpg\" alt=\"\" class=\"wp-image-25090\" srcset=\"https:\/\/diariotribuna.com.br\/wp-content\/uploads\/2024\/06\/4-2.jpg 600w, https:\/\/diariotribuna.com.br\/wp-content\/uploads\/2024\/06\/4-2-300x187.jpg 300w\" sizes=\"(max-width: 600px) 100vw, 600px\" \/><\/figure>\n\n\n\n<figure class=\"wp-block-image size-large is-style-default\"><img loading=\"lazy\" decoding=\"async\" width=\"600\" height=\"379\" data-id=\"25095\" src=\"https:\/\/diariotribuna.com.br\/wp-content\/uploads\/2024\/06\/1-4.jpg\" alt=\"\" class=\"wp-image-25095\" srcset=\"https:\/\/diariotribuna.com.br\/wp-content\/uploads\/2024\/06\/1-4.jpg 600w, https:\/\/diariotribuna.com.br\/wp-content\/uploads\/2024\/06\/1-4-300x190.jpg 300w\" sizes=\"(max-width: 600px) 100vw, 600px\" \/><\/figure>\n\n\n\n<figure class=\"wp-block-image size-large is-style-default\"><img loading=\"lazy\" decoding=\"async\" width=\"600\" height=\"398\" data-id=\"25091\" src=\"https:\/\/diariotribuna.com.br\/wp-content\/uploads\/2024\/06\/9.jpg\" alt=\"\" class=\"wp-image-25091\" srcset=\"https:\/\/diariotribuna.com.br\/wp-content\/uploads\/2024\/06\/9.jpg 600w, https:\/\/diariotribuna.com.br\/wp-content\/uploads\/2024\/06\/9-300x199.jpg 300w\" sizes=\"(max-width: 600px) 100vw, 600px\" \/><\/figure>\n\n\n\n<figure class=\"wp-block-image size-large is-style-default\"><img loading=\"lazy\" decoding=\"async\" width=\"600\" height=\"377\" data-id=\"25093\" src=\"https:\/\/diariotribuna.com.br\/wp-content\/uploads\/2024\/06\/5-2.jpg\" alt=\"\" class=\"wp-image-25093\" srcset=\"https:\/\/diariotribuna.com.br\/wp-content\/uploads\/2024\/06\/5-2.jpg 600w, https:\/\/diariotribuna.com.br\/wp-content\/uploads\/2024\/06\/5-2-300x189.jpg 300w\" sizes=\"(max-width: 600px) 100vw, 600px\" \/><\/figure>\n\n\n\n<figure class=\"wp-block-image size-large is-style-default\"><img loading=\"lazy\" decoding=\"async\" width=\"600\" height=\"379\" data-id=\"25089\" src=\"https:\/\/diariotribuna.com.br\/wp-content\/uploads\/2024\/06\/6-4.jpg\" alt=\"\" class=\"wp-image-25089\" srcset=\"https:\/\/diariotribuna.com.br\/wp-content\/uploads\/2024\/06\/6-4.jpg 600w, https:\/\/diariotribuna.com.br\/wp-content\/uploads\/2024\/06\/6-4-300x190.jpg 300w\" sizes=\"(max-width: 600px) 100vw, 600px\" \/><\/figure>\n<\/figure>\n","protected":false},"excerpt":{"rendered":"<p>O novo espa\u00e7o foi totalmente modernizado e climatizado, levando mais conforto aos contribuintes e aos servidores municipais A Prefeitura Municipal de Te\u00f3filo Otoni realizou solenidade na segunda-feira (24\/6), para inaugura\u00e7\u00e3o da reforma da Central de Tributos e Protocolos. O local foi todo modernizado e climatizado para os contribuintes que precisam do atendimento esperarem num espa\u00e7o [&hellip;]<\/p>\n","protected":false},"author":1,"featured_media":25056,"comment_status":"open","ping_status":"open","sticky":false,"template":"","format":"standard","meta":{"rop_custom_images_group":[],"rop_custom_messages_group":[],"rop_publish_now":"initial","rop_publish_now_accounts":[],"rop_publish_now_history":[],"rop_publish_now_status":"pending","footnotes":""},"categories":[17],"tags":[6364,245,208,1992,75],"class_list":["post-25055","post","type-post","status-publish","format-standard","has-post-thumbnail","hentry","category-teofilootoni","tag-central-de-tributos-e-protocolos","tag-inauguracao","tag-prefeitura","tag-reforma","tag-teofilo-otoni"],"_links":{"self":[{"href":"https:\/\/diariotribuna.com.br\/index.php?rest_route=\/wp\/v2\/posts\/25055"}],"collection":[{"href":"https:\/\/diariotribuna.com.br\/index.php?rest_route=\/wp\/v2\/posts"}],"about":[{"href":"https:\/\/diariotribuna.com.br\/index.php?rest_route=\/wp\/v2\/types\/post"}],"author":[{"embeddable":true,"href":"https:\/\/diariotribuna.com.br\/index.php?rest_route=\/wp\/v2\/users\/1"}],"replies":[{"embeddable":true,"href":"https:\/\/diariotribuna.com.br\/index.php?rest_route=%2Fwp%2Fv2%2Fcomments&post=25055"}],"version-history":[{"count":4,"href":"https:\/\/diariotribuna.com.br\/index.php?rest_route=\/wp\/v2\/posts\/25055\/revisions"}],"predecessor-version":[{"id":25100,"href":"https:\/\/diariotribuna.com.br\/index.php?rest_route=\/wp\/v2\/posts\/25055\/revisions\/25100"}],"wp:featuredmedia":[{"embeddable":true,"href":"https:\/\/diariotribuna.com.br\/index.php?rest_route=\/wp\/v2\/media\/25056"}],"wp:attachment":[{"href":"https:\/\/diariotribuna.com.br\/index.php?rest_route=%2Fwp%2Fv2%2Fmedia&parent=25055"}],"wp:term":[{"taxonomy":"category","embeddable":true,"href":"https:\/\/diariotribuna.com.br\/index.php?rest_route=%2Fwp%2Fv2%2Fcategories&post=25055"},{"taxonomy":"post_tag","embeddable":true,"href":"https:\/\/diariotribuna.com.br\/index.php?rest_route=%2Fwp%2Fv2%2Ftags&post=25055"}],"curies":[{"name":"wp","href":"https:\/\/api.w.org\/{rel}","templated":true}]}}