{"id":25101,"date":"2024-06-27T00:52:43","date_gmt":"2024-06-27T03:52:43","guid":{"rendered":"https:\/\/diariotribuna.com.br\/?p=25101"},"modified":"2024-06-27T00:55:54","modified_gmt":"2024-06-27T03:55:54","slug":"pecuarista-de-joaima-e-encontrado-morto-a-tiros-em-jequitinhonha","status":"publish","type":"post","link":"https:\/\/diariotribuna.com.br\/?p=25101","title":{"rendered":"Pecuarista de Joa\u00edma \u00e9 encontrado morto a tiros, em Jequitinhonha"},"content":{"rendered":"\n<figure class=\"wp-block-image size-full is-resized is-style-default\"><img loading=\"lazy\" decoding=\"async\" width=\"700\" height=\"495\" src=\"https:\/\/diariotribuna.com.br\/wp-content\/uploads\/2024\/06\/3d0f03ca-0937-4164-a307-c95c68d9fc6d.jpg\" alt=\"\" class=\"wp-image-25102\" style=\"width:414px;height:auto\" srcset=\"https:\/\/diariotribuna.com.br\/wp-content\/uploads\/2024\/06\/3d0f03ca-0937-4164-a307-c95c68d9fc6d.jpg 700w, https:\/\/diariotribuna.com.br\/wp-content\/uploads\/2024\/06\/3d0f03ca-0937-4164-a307-c95c68d9fc6d-300x212.jpg 300w, https:\/\/diariotribuna.com.br\/wp-content\/uploads\/2024\/06\/3d0f03ca-0937-4164-a307-c95c68d9fc6d-100x70.jpg 100w, https:\/\/diariotribuna.com.br\/wp-content\/uploads\/2024\/06\/3d0f03ca-0937-4164-a307-c95c68d9fc6d-696x492.jpg 696w, https:\/\/diariotribuna.com.br\/wp-content\/uploads\/2024\/06\/3d0f03ca-0937-4164-a307-c95c68d9fc6d-594x420.jpg 594w\" sizes=\"(max-width: 700px) 100vw, 700px\" \/><\/figure>\n\n\n\n<p>A Pol\u00edcia Militar foi acionada na tarde de ter\u00e7a-feira (25\/6), pelo caseiro de uma fazenda, em Jequitinhonha, para atendimento de ocorr\u00eancia de um suposto acidente de tr\u00e2nsito, e que uma motocicleta estaria na entrada da fazenda. No local, os militares constaram que tinha perfura\u00e7\u00f5es no corpo da v\u00edtima, identificada como sendo Ademir Ferreira de Jesus, 37 anos, provenientes de disparos arma de fogo. Ademir estava desaparecido desde s\u00e1bado (22).<\/p>\n\n\n\n<p>Uma testemunha disse que, h\u00e1 uns dois meses, Ademir, pecuarista que residia em Joa\u00edma, come\u00e7ou a ter comportamento estranho, deixou o cabelo e barba crescerem, come\u00e7ou a fumar, e que ao ser questionado ele n\u00e3o disse o motivo da mudan\u00e7a. A testemunha disse ainda, que h\u00e1 uns trinta dias Ademir foi seguido por um carro na estrada de Fronteira dos Vales a Joa\u00edma, e que algu\u00e9m teria jogado o carro na dire\u00e7\u00e3o a dele.<\/p>\n\n\n\n<p>Ainda, de acordo com a testemunha, na ter\u00e7a-feira (25), a esposa de Ademir foi informada que a motocicleta estava em frente \u00e0 fazenda, ap\u00f3s retirarem do local e colocar na caminhonete, a esposa retornou a Joa\u00edma e a testemunha come\u00e7ou a procurar por Ademir. Ao chegar pr\u00f3ximo a uma cerca sentiu um cheiro forte e deparou com o corpo dele ca\u00eddo atr\u00e1s de uma moita.<\/p>\n\n\n\n<p>Os militares ouviram relatos da esposa de Ademir e de outras testemunhas arroladas na ocorr\u00eancia, e foram informados que ele estaria se relacionando com outras mulheres. A per\u00edcia t\u00e9cnica da Pol\u00edcia Civil foi acionada, comparecendo o perito Darlan Ezequiel, que ap\u00f3s realizar seus trabalhos, o corpo da v\u00edtima foi removido ao IML de Pedra Azul para ser necropsiado pelo m\u00e9dico legista, Dr. Mateus, auxiliado por Kl\u00e9cio. O perito recolheu no local, 5 cartuchos deflagrados e 1 intacto de calibre 38, 1 proj\u00e9til de calibre indeterminado. At\u00e9 o fechamento da ocorr\u00eancia, autores do crime n\u00e3o foram identificados.<\/p>\n","protected":false},"excerpt":{"rendered":"<p>A Pol\u00edcia Militar foi acionada na tarde de ter\u00e7a-feira (25\/6), pelo caseiro de uma fazenda, em Jequitinhonha, para atendimento de ocorr\u00eancia de um suposto acidente de tr\u00e2nsito, e que uma motocicleta estaria na entrada da fazenda. No local, os militares constaram que tinha perfura\u00e7\u00f5es no corpo da v\u00edtima, identificada como sendo Ademir Ferreira de Jesus, [&hellip;]<\/p>\n","protected":false},"author":1,"featured_media":25102,"comment_status":"open","ping_status":"open","sticky":false,"template":"","format":"standard","meta":{"rop_custom_images_group":[],"rop_custom_messages_group":[],"rop_publish_now":"initial","rop_publish_now_accounts":[],"rop_publish_now_history":[],"rop_publish_now_status":"pending","footnotes":""},"categories":[25,20,1],"tags":[6365,107,297,76,1137],"class_list":["post-25101","post","type-post","status-publish","format-standard","has-post-thumbnail","hentry","category-destaque","category-policia","category-sem-categoria","tag-ademir","tag-homicidio","tag-jequitinhonha","tag-policia-militar","tag-zona-rural"],"_links":{"self":[{"href":"https:\/\/diariotribuna.com.br\/index.php?rest_route=\/wp\/v2\/posts\/25101"}],"collection":[{"href":"https:\/\/diariotribuna.com.br\/index.php?rest_route=\/wp\/v2\/posts"}],"about":[{"href":"https:\/\/diariotribuna.com.br\/index.php?rest_route=\/wp\/v2\/types\/post"}],"author":[{"embeddable":true,"href":"https:\/\/diariotribuna.com.br\/index.php?rest_route=\/wp\/v2\/users\/1"}],"replies":[{"embeddable":true,"href":"https:\/\/diariotribuna.com.br\/index.php?rest_route=%2Fwp%2Fv2%2Fcomments&post=25101"}],"version-history":[{"count":1,"href":"https:\/\/diariotribuna.com.br\/index.php?rest_route=\/wp\/v2\/posts\/25101\/revisions"}],"predecessor-version":[{"id":25103,"href":"https:\/\/diariotribuna.com.br\/index.php?rest_route=\/wp\/v2\/posts\/25101\/revisions\/25103"}],"wp:featuredmedia":[{"embeddable":true,"href":"https:\/\/diariotribuna.com.br\/index.php?rest_route=\/wp\/v2\/media\/25102"}],"wp:attachment":[{"href":"https:\/\/diariotribuna.com.br\/index.php?rest_route=%2Fwp%2Fv2%2Fmedia&parent=25101"}],"wp:term":[{"taxonomy":"category","embeddable":true,"href":"https:\/\/diariotribuna.com.br\/index.php?rest_route=%2Fwp%2Fv2%2Fcategories&post=25101"},{"taxonomy":"post_tag","embeddable":true,"href":"https:\/\/diariotribuna.com.br\/index.php?rest_route=%2Fwp%2Fv2%2Ftags&post=25101"}],"curies":[{"name":"wp","href":"https:\/\/api.w.org\/{rel}","templated":true}]}}