{"id":25111,"date":"2024-06-28T00:28:12","date_gmt":"2024-06-28T03:28:12","guid":{"rendered":"https:\/\/diariotribuna.com.br\/?p=25111"},"modified":"2024-06-28T13:41:39","modified_gmt":"2024-06-28T16:41:39","slug":"pm-prende-homens-que-sequestraram-aluno-em-porta-de-escola-em-catuji","status":"publish","type":"post","link":"https:\/\/diariotribuna.com.br\/?p=25111","title":{"rendered":"PM prende homens que sequestraram aluno em porta de escola em Catuji"},"content":{"rendered":"\n<figure class=\"wp-block-image size-full is-resized is-style-default\"><img loading=\"lazy\" decoding=\"async\" width=\"700\" height=\"430\" src=\"https:\/\/diariotribuna.com.br\/wp-content\/uploads\/2024\/06\/66fbb2d0-0acc-46be-b58f-29152200aeb0.jpg\" alt=\"\" class=\"wp-image-25112\" style=\"width:486px;height:auto\" srcset=\"https:\/\/diariotribuna.com.br\/wp-content\/uploads\/2024\/06\/66fbb2d0-0acc-46be-b58f-29152200aeb0.jpg 700w, https:\/\/diariotribuna.com.br\/wp-content\/uploads\/2024\/06\/66fbb2d0-0acc-46be-b58f-29152200aeb0-300x184.jpg 300w, https:\/\/diariotribuna.com.br\/wp-content\/uploads\/2024\/06\/66fbb2d0-0acc-46be-b58f-29152200aeb0-356x220.jpg 356w, https:\/\/diariotribuna.com.br\/wp-content\/uploads\/2024\/06\/66fbb2d0-0acc-46be-b58f-29152200aeb0-696x428.jpg 696w, https:\/\/diariotribuna.com.br\/wp-content\/uploads\/2024\/06\/66fbb2d0-0acc-46be-b58f-29152200aeb0-684x420.jpg 684w\" sizes=\"(max-width: 700px) 100vw, 700px\" \/><figcaption class=\"wp-element-caption\"><strong>No dia anterior, a v\u00edtima furtou a motocicleta de um dos<br>autores do sequestro, em Ecoporanga\/ES<\/strong><\/figcaption><\/figure>\n\n\n\n<p>Na ter\u00e7a-feira (25\/6), o diretor da Escola Estadual Dr. Ciro Maciel, na cidade de Catuji, ligou para a Pol\u00edcia Militar informando que um aluno tinha sido sequestrado por tr\u00eas indiv\u00edduos na porta dessa escola. Ap\u00f3s apresentar um v\u00eddeo aos policiais, um dos autores foi reconhecido, segundo a PM, contumaz na pr\u00e1tica de crimes diversos.<\/p>\n\n\n\n<p>Foi feito rastreamento e o autor reconhecido no v\u00eddeo foi encontrado junto com outro comparsa. Os dois foram presos em flagrante e confessaram ter ajudado a sequestrar o aluno, que foi levado para Atal\u00e9ia. Eles disseram que, no dia anterior, a v\u00edtima furtou juntamente com um comparsa, uma motocicleta, em Ecoporanga, no Esp\u00edrito Santo, e a abandonou em Atal\u00e9ia, e teria que dar conta dessa moto.<\/p>\n\n\n\n<p>Os militares de Catuji fizeram contato com os de Atal\u00e9ia, repassaram informa\u00e7\u00f5es sobre a localiza\u00e7\u00e3o da motocicleta furtada, e ap\u00f3s cercar a regi\u00e3o, a equipe de Atal\u00e9ia conseguiu localizar a moto, e tamb\u00e9m prender o outro autor do sequestro \u2013 que \u00e9 o dono da moto, e resgatar a v\u00edtima, menor de idade.<\/p>\n\n\n\n<p>O tenente Vicenzo confirma que o dono da moto contratou duas pessoas em Catuji para sequestrar o menor. \u201cEle fretou um t\u00e1xi, deslocou at\u00e9 Catuji, contratou indiv\u00edduos ligados \u00e0 criminalidade naquela cidade, todos com extensa ficha criminal, para que eles sequestrassem o menor na escola, ele foi colocado dentro do Fiat P\u00e1lio de cor preta, e deslocaram para Atal\u00e9ia\u201d, disse o tenente.<\/p>\n\n\n\n<p>Os tr\u00eas presos foram conduzidos \u00e0 delegacia de Pol\u00edcia Civil para as medidas de pol\u00edcia judici\u00e1ria. O tenente recomenda \u00e0s v\u00edtimas de crime a n\u00e3o fazerem \u201cjusti\u00e7a com as pr\u00f3prias m\u00e3os\u201d, o correto \u00e9 procurar a Pol\u00edcia Militar.&nbsp;<strong>Equipe Catuj\u00ed:<\/strong>&nbsp;sargentos Paulo Silva e Neto, soldado Guimar\u00e3es. (Tenente Paulo Viana, comandante).&nbsp;<strong>Equipe Atal\u00e9ia:<\/strong>&nbsp;tenente Vicenzo, sargento Leonardo, soldado Diego. (Tenente Vicenzo, comandante).<\/p>\n","protected":false},"excerpt":{"rendered":"<p>Na ter\u00e7a-feira (25\/6), o diretor da Escola Estadual Dr. Ciro Maciel, na cidade de Catuji, ligou para a Pol\u00edcia Militar informando que um aluno tinha sido sequestrado por tr\u00eas indiv\u00edduos na porta dessa escola. Ap\u00f3s apresentar um v\u00eddeo aos policiais, um dos autores foi reconhecido, segundo a PM, contumaz na pr\u00e1tica de crimes diversos. Foi [&hellip;]<\/p>\n","protected":false},"author":1,"featured_media":25112,"comment_status":"open","ping_status":"open","sticky":false,"template":"","format":"standard","meta":{"rop_custom_images_group":[],"rop_custom_messages_group":[],"rop_publish_now":"initial","rop_publish_now_accounts":[],"rop_publish_now_history":[],"rop_publish_now_status":"pending","footnotes":""},"categories":[20],"tags":[6369,6368,986,188,76,4540],"class_list":["post-25111","post","type-post","status-publish","format-standard","has-post-thumbnail","hentry","category-policia","tag-catuji-mg","tag-ecoporanga-es","tag-furto","tag-menor","tag-policia-militar","tag-sequestro"],"_links":{"self":[{"href":"https:\/\/diariotribuna.com.br\/index.php?rest_route=\/wp\/v2\/posts\/25111"}],"collection":[{"href":"https:\/\/diariotribuna.com.br\/index.php?rest_route=\/wp\/v2\/posts"}],"about":[{"href":"https:\/\/diariotribuna.com.br\/index.php?rest_route=\/wp\/v2\/types\/post"}],"author":[{"embeddable":true,"href":"https:\/\/diariotribuna.com.br\/index.php?rest_route=\/wp\/v2\/users\/1"}],"replies":[{"embeddable":true,"href":"https:\/\/diariotribuna.com.br\/index.php?rest_route=%2Fwp%2Fv2%2Fcomments&post=25111"}],"version-history":[{"count":1,"href":"https:\/\/diariotribuna.com.br\/index.php?rest_route=\/wp\/v2\/posts\/25111\/revisions"}],"predecessor-version":[{"id":25113,"href":"https:\/\/diariotribuna.com.br\/index.php?rest_route=\/wp\/v2\/posts\/25111\/revisions\/25113"}],"wp:featuredmedia":[{"embeddable":true,"href":"https:\/\/diariotribuna.com.br\/index.php?rest_route=\/wp\/v2\/media\/25112"}],"wp:attachment":[{"href":"https:\/\/diariotribuna.com.br\/index.php?rest_route=%2Fwp%2Fv2%2Fmedia&parent=25111"}],"wp:term":[{"taxonomy":"category","embeddable":true,"href":"https:\/\/diariotribuna.com.br\/index.php?rest_route=%2Fwp%2Fv2%2Fcategories&post=25111"},{"taxonomy":"post_tag","embeddable":true,"href":"https:\/\/diariotribuna.com.br\/index.php?rest_route=%2Fwp%2Fv2%2Ftags&post=25111"}],"curies":[{"name":"wp","href":"https:\/\/api.w.org\/{rel}","templated":true}]}}