{"id":25132,"date":"2024-06-29T14:43:25","date_gmt":"2024-06-29T17:43:25","guid":{"rendered":"https:\/\/diariotribuna.com.br\/?p=25132"},"modified":"2024-06-29T14:43:25","modified_gmt":"2024-06-29T17:43:25","slug":"jovem-de-25-anos-morre-em-grave-acidente-na-br-116-em-teofilo-otoni","status":"publish","type":"post","link":"https:\/\/diariotribuna.com.br\/?p=25132","title":{"rendered":"Jovem de 25 anos morre em grave acidente na BR 116, em Te\u00f3filo Otoni"},"content":{"rendered":"\n<figure class=\"wp-block-image size-full is-resized is-style-default\"><img loading=\"lazy\" decoding=\"async\" width=\"700\" height=\"547\" src=\"https:\/\/diariotribuna.com.br\/wp-content\/uploads\/2024\/06\/412761335_6846895275424080_2645422449842136230_n.jpg\" alt=\"\" class=\"wp-image-25133\" style=\"width:404px;height:auto\" srcset=\"https:\/\/diariotribuna.com.br\/wp-content\/uploads\/2024\/06\/412761335_6846895275424080_2645422449842136230_n.jpg 700w, https:\/\/diariotribuna.com.br\/wp-content\/uploads\/2024\/06\/412761335_6846895275424080_2645422449842136230_n-300x234.jpg 300w, https:\/\/diariotribuna.com.br\/wp-content\/uploads\/2024\/06\/412761335_6846895275424080_2645422449842136230_n-696x544.jpg 696w, https:\/\/diariotribuna.com.br\/wp-content\/uploads\/2024\/06\/412761335_6846895275424080_2645422449842136230_n-537x420.jpg 537w\" sizes=\"(max-width: 700px) 100vw, 700px\" \/><\/figure>\n\n\n\n<p>O grave acidente ocorreu na madrugada deste s\u00e1bado (29\/6), por volta de 1h, na rodovia Santos Dumont (BR 116), Km 258, zona rural de Te\u00f3filo Otoni. O Corpo de Bombeiros foi acionado pela Pol\u00edcia Rodovi\u00e1ria Federal e uma equipe foi ao local, onde ocorreu uma colis\u00e3o entre um autom\u00f3vel Fiat Strada e um caminh\u00e3o Mercedes.<\/p>\n\n\n\n<p>Os bombeiros fizeram uma an\u00e1lise no local, e verificaram que havia uma v\u00edtima em \u00f3bito presa \u00e0s ferragens no Fiat Strada. Uma equipe do Samu tamb\u00e9m esteve no local e socorreu duas v\u00edtimas de ferimentos e as conduziu a hospital da cidade, sendo o motorista do caminh\u00e3o e o passageiro do autom\u00f3vel. A v\u00edtima fatal, condutor do autom\u00f3vel, \u00e9 <strong>Igor Silva Nascimento, 25 anos<\/strong>, personal training, que residia em Te\u00f3filo Otoni.<\/p>\n\n\n\n<p>Ap\u00f3s os trabalhos da per\u00edcia t\u00e9cnica da Pol\u00edcia Civil, os bombeiros fizeram o desencarceramento da v\u00edtima fatal. O corpo foi removido ao IML para a necropsia \u2013 perito Ramon, agente do IML Kelvin, com suporte de Raydan. Os trabalhos referentes ao acidente ficaram a cargo da Pol\u00edcia Rodovi\u00e1ria Federal.<\/p>\n","protected":false},"excerpt":{"rendered":"<p>O grave acidente ocorreu na madrugada deste s\u00e1bado (29\/6), por volta de 1h, na rodovia Santos Dumont (BR 116), Km 258, zona rural de Te\u00f3filo Otoni. O Corpo de Bombeiros foi acionado pela Pol\u00edcia Rodovi\u00e1ria Federal e uma equipe foi ao local, onde ocorreu uma colis\u00e3o entre um autom\u00f3vel Fiat Strada e um caminh\u00e3o Mercedes. [&hellip;]<\/p>\n","protected":false},"author":1,"featured_media":25133,"comment_status":"open","ping_status":"open","sticky":false,"template":"","format":"standard","meta":{"rop_custom_images_group":[],"rop_custom_messages_group":[],"rop_publish_now":"initial","rop_publish_now_accounts":[],"rop_publish_now_history":[],"rop_publish_now_status":"pending","footnotes":""},"categories":[25,18],"tags":[125,1382,6371,75,3991,1137],"class_list":["post-25132","post","type-post","status-publish","format-standard","has-post-thumbnail","hentry","category-destaque","category-regiao","tag-acidente","tag-br-116-2","tag-igor-nascimento","tag-teofilo-otoni","tag-vitima-fatal-2","tag-zona-rural"],"_links":{"self":[{"href":"https:\/\/diariotribuna.com.br\/index.php?rest_route=\/wp\/v2\/posts\/25132"}],"collection":[{"href":"https:\/\/diariotribuna.com.br\/index.php?rest_route=\/wp\/v2\/posts"}],"about":[{"href":"https:\/\/diariotribuna.com.br\/index.php?rest_route=\/wp\/v2\/types\/post"}],"author":[{"embeddable":true,"href":"https:\/\/diariotribuna.com.br\/index.php?rest_route=\/wp\/v2\/users\/1"}],"replies":[{"embeddable":true,"href":"https:\/\/diariotribuna.com.br\/index.php?rest_route=%2Fwp%2Fv2%2Fcomments&post=25132"}],"version-history":[{"count":1,"href":"https:\/\/diariotribuna.com.br\/index.php?rest_route=\/wp\/v2\/posts\/25132\/revisions"}],"predecessor-version":[{"id":25134,"href":"https:\/\/diariotribuna.com.br\/index.php?rest_route=\/wp\/v2\/posts\/25132\/revisions\/25134"}],"wp:featuredmedia":[{"embeddable":true,"href":"https:\/\/diariotribuna.com.br\/index.php?rest_route=\/wp\/v2\/media\/25133"}],"wp:attachment":[{"href":"https:\/\/diariotribuna.com.br\/index.php?rest_route=%2Fwp%2Fv2%2Fmedia&parent=25132"}],"wp:term":[{"taxonomy":"category","embeddable":true,"href":"https:\/\/diariotribuna.com.br\/index.php?rest_route=%2Fwp%2Fv2%2Fcategories&post=25132"},{"taxonomy":"post_tag","embeddable":true,"href":"https:\/\/diariotribuna.com.br\/index.php?rest_route=%2Fwp%2Fv2%2Ftags&post=25132"}],"curies":[{"name":"wp","href":"https:\/\/api.w.org\/{rel}","templated":true}]}}