{"id":25135,"date":"2024-06-30T23:30:12","date_gmt":"2024-07-01T02:30:12","guid":{"rendered":"https:\/\/diariotribuna.com.br\/?p=25135"},"modified":"2024-06-30T23:52:32","modified_gmt":"2024-07-01T02:52:32","slug":"comandante-do-19o-bpm-realiza-solenidade-em-comemoracao-ao-dia-do-veterano","status":"publish","type":"post","link":"https:\/\/diariotribuna.com.br\/?p=25135","title":{"rendered":"Comandante do 19\u00ba BPM realiza solenidade em comemora\u00e7\u00e3o ao Dia do Veterano"},"content":{"rendered":"\n<figure class=\"wp-block-image size-full is-resized is-style-default\"><img loading=\"lazy\" decoding=\"async\" width=\"700\" height=\"465\" src=\"https:\/\/diariotribuna.com.br\/wp-content\/uploads\/2024\/06\/4b85da43-1406-4fa0-bb5b-cf4e7ed91725.jpg\" alt=\"\" class=\"wp-image-25136\" style=\"width:558px;height:auto\" srcset=\"https:\/\/diariotribuna.com.br\/wp-content\/uploads\/2024\/06\/4b85da43-1406-4fa0-bb5b-cf4e7ed91725.jpg 700w, https:\/\/diariotribuna.com.br\/wp-content\/uploads\/2024\/06\/4b85da43-1406-4fa0-bb5b-cf4e7ed91725-300x199.jpg 300w, https:\/\/diariotribuna.com.br\/wp-content\/uploads\/2024\/06\/4b85da43-1406-4fa0-bb5b-cf4e7ed91725-696x462.jpg 696w, https:\/\/diariotribuna.com.br\/wp-content\/uploads\/2024\/06\/4b85da43-1406-4fa0-bb5b-cf4e7ed91725-632x420.jpg 632w\" sizes=\"(max-width: 700px) 100vw, 700px\" \/><\/figure>\n\n\n\n<p>Na manh\u00e3 de sexta-feira (28\/6\/2024), o comandante do 19\u00b0 Batalh\u00e3o de Pol\u00edcia Militar, tenente coronel Welington da Silva Campos, realizou solenidade em comemora\u00e7\u00e3o ao Dia do Veterano, concess\u00e3o das Medalhas de M\u00e9rito Militar Grau Ouro, Prata e Bronze, concess\u00e3o da Medalha Dever Cumprido e Medalha do M\u00e9rito Tenente Coronel Jo\u00e3o Batista de Assis, e entrega do Pr\u00eamio Guardi\u00f5es do Mucuri.<\/p>\n\n\n\n<p>A\u00a0<strong>Medalha Dever Cumprido,<\/strong>\u00a0objetiva homenagear militares que completaram 30 anos de servi\u00e7o \u00e0 corpora\u00e7\u00e3o e agora est\u00e3o na reserva ou reforma. A\u00a0<strong>Medalha Tenente-Coronel Jo\u00e3o Batista de Assis<\/strong>\u00a0destina-se a agraciar os Bombeiros Militares, bem como personalidades e institui\u00e7\u00f5es que tenham prestado servi\u00e7os relevantes \u00e0 Uni\u00e3o dos Militares e ao CBMMG. A\u00a0<strong>Medalha de M\u00e9rito Militar\u00a0<\/strong>\u00e9 concedida aos policiais militares que cumpriram longos per\u00edodos de servi\u00e7o sem sofrer puni\u00e7\u00f5es disciplinares. O tempo de carreira sem puni\u00e7\u00f5es \u00e9 um dos crit\u00e9rios fundamentais.<\/p>\n\n\n\n<figure class=\"wp-block-gallery has-nested-images columns-2 is-cropped wp-block-gallery-1 is-layout-flex wp-block-gallery-is-layout-flex\">\n<figure class=\"wp-block-image size-large is-style-default\"><img loading=\"lazy\" decoding=\"async\" width=\"1024\" height=\"643\" data-id=\"25159\" src=\"https:\/\/diariotribuna.com.br\/wp-content\/uploads\/2024\/06\/7-2-1024x643.jpg\" alt=\"\" class=\"wp-image-25159\" srcset=\"https:\/\/diariotribuna.com.br\/wp-content\/uploads\/2024\/06\/7-2-1024x643.jpg 1024w, https:\/\/diariotribuna.com.br\/wp-content\/uploads\/2024\/06\/7-2-300x188.jpg 300w, https:\/\/diariotribuna.com.br\/wp-content\/uploads\/2024\/06\/7-2-768x482.jpg 768w, https:\/\/diariotribuna.com.br\/wp-content\/uploads\/2024\/06\/7-2-696x437.jpg 696w, https:\/\/diariotribuna.com.br\/wp-content\/uploads\/2024\/06\/7-2-1068x671.jpg 1068w, https:\/\/diariotribuna.com.br\/wp-content\/uploads\/2024\/06\/7-2-669x420.jpg 669w, https:\/\/diariotribuna.com.br\/wp-content\/uploads\/2024\/06\/7-2.jpg 1392w\" sizes=\"(max-width: 1024px) 100vw, 1024px\" \/><\/figure>\n\n\n\n<figure class=\"wp-block-image size-large is-style-default\"><img loading=\"lazy\" decoding=\"async\" width=\"600\" height=\"414\" data-id=\"25155\" src=\"https:\/\/diariotribuna.com.br\/wp-content\/uploads\/2024\/06\/8-2.jpg\" alt=\"\" class=\"wp-image-25155\" srcset=\"https:\/\/diariotribuna.com.br\/wp-content\/uploads\/2024\/06\/8-2.jpg 600w, https:\/\/diariotribuna.com.br\/wp-content\/uploads\/2024\/06\/8-2-300x207.jpg 300w, https:\/\/diariotribuna.com.br\/wp-content\/uploads\/2024\/06\/8-2-100x70.jpg 100w, https:\/\/diariotribuna.com.br\/wp-content\/uploads\/2024\/06\/8-2-218x150.jpg 218w\" sizes=\"(max-width: 600px) 100vw, 600px\" \/><\/figure>\n\n\n\n<figure class=\"wp-block-image size-large is-style-default\"><img loading=\"lazy\" decoding=\"async\" width=\"600\" height=\"366\" data-id=\"25156\" src=\"https:\/\/diariotribuna.com.br\/wp-content\/uploads\/2024\/06\/6-6.jpg\" alt=\"\" class=\"wp-image-25156\" srcset=\"https:\/\/diariotribuna.com.br\/wp-content\/uploads\/2024\/06\/6-6.jpg 600w, https:\/\/diariotribuna.com.br\/wp-content\/uploads\/2024\/06\/6-6-300x183.jpg 300w\" sizes=\"(max-width: 600px) 100vw, 600px\" \/><\/figure>\n\n\n\n<figure class=\"wp-block-image size-large is-style-default\"><img loading=\"lazy\" decoding=\"async\" width=\"600\" height=\"450\" data-id=\"25158\" src=\"https:\/\/diariotribuna.com.br\/wp-content\/uploads\/2024\/06\/4-6.jpg\" alt=\"\" class=\"wp-image-25158\" srcset=\"https:\/\/diariotribuna.com.br\/wp-content\/uploads\/2024\/06\/4-6.jpg 600w, https:\/\/diariotribuna.com.br\/wp-content\/uploads\/2024\/06\/4-6-300x225.jpg 300w, https:\/\/diariotribuna.com.br\/wp-content\/uploads\/2024\/06\/4-6-80x60.jpg 80w, https:\/\/diariotribuna.com.br\/wp-content\/uploads\/2024\/06\/4-6-265x198.jpg 265w, https:\/\/diariotribuna.com.br\/wp-content\/uploads\/2024\/06\/4-6-560x420.jpg 560w\" sizes=\"(max-width: 600px) 100vw, 600px\" \/><\/figure>\n\n\n\n<figure class=\"wp-block-image size-large is-style-default\"><img loading=\"lazy\" decoding=\"async\" width=\"600\" height=\"395\" data-id=\"25160\" src=\"https:\/\/diariotribuna.com.br\/wp-content\/uploads\/2024\/06\/9-2.jpg\" alt=\"\" class=\"wp-image-25160\" srcset=\"https:\/\/diariotribuna.com.br\/wp-content\/uploads\/2024\/06\/9-2.jpg 600w, https:\/\/diariotribuna.com.br\/wp-content\/uploads\/2024\/06\/9-2-300x198.jpg 300w\" sizes=\"(max-width: 600px) 100vw, 600px\" \/><\/figure>\n\n\n\n<figure class=\"wp-block-image size-large is-style-default\"><img loading=\"lazy\" decoding=\"async\" width=\"600\" height=\"362\" data-id=\"25157\" src=\"https:\/\/diariotribuna.com.br\/wp-content\/uploads\/2024\/06\/5-5.jpg\" alt=\"\" class=\"wp-image-25157\" srcset=\"https:\/\/diariotribuna.com.br\/wp-content\/uploads\/2024\/06\/5-5.jpg 600w, https:\/\/diariotribuna.com.br\/wp-content\/uploads\/2024\/06\/5-5-300x181.jpg 300w\" sizes=\"(max-width: 600px) 100vw, 600px\" \/><\/figure>\n<\/figure>\n\n\n\n<p>Na oportunidade, concedeu tamb\u00e9m o Pr\u00eamio \u201cGuardi\u00f5es do Mucuri\u201d, que tem o prop\u00f3sito de prestigiar aqueles que se destacaram por seus not\u00e1veis servi\u00e7os \u00e0 Seguran\u00e7a P\u00fablica, na \u00e1rea sob a responsabilidade do 19\u00ba BPM. O Pr\u00eamio \u201cGuardi\u00f5es do Mucuri\u201d \u00e9 uma demonstra\u00e7\u00e3o do compromisso da Unidade que n\u00e3o apenas celebra o profissionalismo e dedica\u00e7\u00e3o dos policiais militares, mas tamb\u00e9m refor\u00e7a o papel fundamental que desempenham na promo\u00e7\u00e3o da seguran\u00e7a e da ordem p\u00fablica em nossa regi\u00e3o.<\/p>\n\n\n\n<figure class=\"wp-block-image size-full is-style-default\"><img loading=\"lazy\" decoding=\"async\" width=\"600\" height=\"341\" src=\"https:\/\/diariotribuna.com.br\/wp-content\/uploads\/2024\/06\/cb0d96fa-bae5-4fe1-a32d-357b268d16b6.jpg\" alt=\"\" class=\"wp-image-25147\" srcset=\"https:\/\/diariotribuna.com.br\/wp-content\/uploads\/2024\/06\/cb0d96fa-bae5-4fe1-a32d-357b268d16b6.jpg 600w, https:\/\/diariotribuna.com.br\/wp-content\/uploads\/2024\/06\/cb0d96fa-bae5-4fe1-a32d-357b268d16b6-300x171.jpg 300w\" sizes=\"(max-width: 600px) 100vw, 600px\" \/><\/figure>\n\n\n\n<p>Tamb\u00e9m foram agraciados no decorrer da solenidade os colaboradores benem\u00e9ritos, pessoas e entidades que atuam em parceria com a institui\u00e7\u00e3o, na busca cont\u00ednua pela paz social e melhoria da qualidade de vida da comunidade. Na ocasi\u00e3o, o coronel Aleixo, comandante da 15\u00aa Regi\u00e3o de Pol\u00edcia Militar, assim como o tenente-Coronel Campos, comandante do 19\u00b0 Batalh\u00e3o de Pol\u00edcia Militar, destacaram a import\u00e2ncia de homenagear os her\u00f3is do passado, militares veteranos, filhos de Minas, que dedicaram suas vidas \u00e0 bicenten\u00e1ria Pol\u00edcia Militar de Minas Gerais.<\/p>\n\n\n\n<figure class=\"wp-block-gallery has-nested-images columns-default is-cropped wp-block-gallery-2 is-layout-flex wp-block-gallery-is-layout-flex\">\n<figure class=\"wp-block-image size-large is-style-default\"><img loading=\"lazy\" decoding=\"async\" width=\"600\" height=\"800\" data-id=\"25144\" src=\"https:\/\/diariotribuna.com.br\/wp-content\/uploads\/2024\/06\/3-7.jpg\" alt=\"\" class=\"wp-image-25144\" srcset=\"https:\/\/diariotribuna.com.br\/wp-content\/uploads\/2024\/06\/3-7.jpg 600w, https:\/\/diariotribuna.com.br\/wp-content\/uploads\/2024\/06\/3-7-225x300.jpg 225w, https:\/\/diariotribuna.com.br\/wp-content\/uploads\/2024\/06\/3-7-315x420.jpg 315w\" sizes=\"(max-width: 600px) 100vw, 600px\" \/><\/figure>\n\n\n\n<figure class=\"wp-block-image size-large is-style-default\"><img loading=\"lazy\" decoding=\"async\" width=\"600\" height=\"633\" data-id=\"25146\" src=\"https:\/\/diariotribuna.com.br\/wp-content\/uploads\/2024\/06\/1-7.jpg\" alt=\"\" class=\"wp-image-25146\" srcset=\"https:\/\/diariotribuna.com.br\/wp-content\/uploads\/2024\/06\/1-7.jpg 600w, https:\/\/diariotribuna.com.br\/wp-content\/uploads\/2024\/06\/1-7-284x300.jpg 284w, https:\/\/diariotribuna.com.br\/wp-content\/uploads\/2024\/06\/1-7-398x420.jpg 398w\" sizes=\"(max-width: 600px) 100vw, 600px\" \/><\/figure>\n\n\n\n<figure class=\"wp-block-image size-large is-style-default\"><img loading=\"lazy\" decoding=\"async\" width=\"600\" height=\"800\" data-id=\"25145\" src=\"https:\/\/diariotribuna.com.br\/wp-content\/uploads\/2024\/06\/2-11.jpg\" alt=\"\" class=\"wp-image-25145\" srcset=\"https:\/\/diariotribuna.com.br\/wp-content\/uploads\/2024\/06\/2-11.jpg 600w, https:\/\/diariotribuna.com.br\/wp-content\/uploads\/2024\/06\/2-11-225x300.jpg 225w, https:\/\/diariotribuna.com.br\/wp-content\/uploads\/2024\/06\/2-11-315x420.jpg 315w\" sizes=\"(max-width: 600px) 100vw, 600px\" \/><\/figure>\n<\/figure>\n\n\n\n<p>Nesse cen\u00e1rio, \u00e9 importante ressaltar a a\u00e7\u00e3o do comando do 19\u00b0 BPM, em promover a valoriza\u00e7\u00e3o dos militares com a entrega de distintivos de veteranos. Ademais, em harmonia com o \u201cPlano Elo de Honra\u201d, estabelecido pelo comando da institui\u00e7\u00e3o, produziu-se uma Galeria de Militares Veteranos da Unidade, de modo a valorizar e homenagear os homens e mulheres que contribu\u00edram com a Pol\u00edcia Militar de Minas Gerais. (Informa\u00e7\u00f5es\/Fotos: assessoria de comunica\u00e7\u00e3o\/ 19\u00ba BPM).<\/p>\n\n\n\n<figure class=\"wp-block-gallery has-nested-images columns-2 is-cropped wp-block-gallery-3 is-layout-flex wp-block-gallery-is-layout-flex\">\n<figure class=\"wp-block-image size-large is-style-default\"><img loading=\"lazy\" decoding=\"async\" width=\"600\" height=\"430\" data-id=\"25163\" src=\"https:\/\/diariotribuna.com.br\/wp-content\/uploads\/2024\/06\/12.jpg\" alt=\"\" class=\"wp-image-25163\" srcset=\"https:\/\/diariotribuna.com.br\/wp-content\/uploads\/2024\/06\/12.jpg 600w, https:\/\/diariotribuna.com.br\/wp-content\/uploads\/2024\/06\/12-300x215.jpg 300w, https:\/\/diariotribuna.com.br\/wp-content\/uploads\/2024\/06\/12-586x420.jpg 586w\" sizes=\"(max-width: 600px) 100vw, 600px\" \/><\/figure>\n\n\n\n<figure class=\"wp-block-image size-large is-style-default\"><img loading=\"lazy\" decoding=\"async\" width=\"600\" height=\"383\" data-id=\"25164\" src=\"https:\/\/diariotribuna.com.br\/wp-content\/uploads\/2024\/06\/13.jpg\" alt=\"\" class=\"wp-image-25164\" srcset=\"https:\/\/diariotribuna.com.br\/wp-content\/uploads\/2024\/06\/13.jpg 600w, https:\/\/diariotribuna.com.br\/wp-content\/uploads\/2024\/06\/13-300x192.jpg 300w\" sizes=\"(max-width: 600px) 100vw, 600px\" \/><\/figure>\n\n\n\n<figure class=\"wp-block-image size-large is-style-default\"><img loading=\"lazy\" decoding=\"async\" width=\"1024\" height=\"622\" data-id=\"25166\" src=\"https:\/\/diariotribuna.com.br\/wp-content\/uploads\/2024\/06\/14-1024x622.jpg\" alt=\"\" class=\"wp-image-25166\" srcset=\"https:\/\/diariotribuna.com.br\/wp-content\/uploads\/2024\/06\/14-1024x622.jpg 1024w, https:\/\/diariotribuna.com.br\/wp-content\/uploads\/2024\/06\/14-300x182.jpg 300w, https:\/\/diariotribuna.com.br\/wp-content\/uploads\/2024\/06\/14-768x467.jpg 768w, https:\/\/diariotribuna.com.br\/wp-content\/uploads\/2024\/06\/14-696x423.jpg 696w, https:\/\/diariotribuna.com.br\/wp-content\/uploads\/2024\/06\/14-1068x649.jpg 1068w, https:\/\/diariotribuna.com.br\/wp-content\/uploads\/2024\/06\/14-691x420.jpg 691w, https:\/\/diariotribuna.com.br\/wp-content\/uploads\/2024\/06\/14.jpg 1501w\" sizes=\"(max-width: 1024px) 100vw, 1024px\" \/><\/figure>\n\n\n\n<figure class=\"wp-block-image size-large is-style-default\"><img loading=\"lazy\" decoding=\"async\" width=\"600\" height=\"360\" data-id=\"25161\" src=\"https:\/\/diariotribuna.com.br\/wp-content\/uploads\/2024\/06\/10-1.jpg\" alt=\"\" class=\"wp-image-25161\" srcset=\"https:\/\/diariotribuna.com.br\/wp-content\/uploads\/2024\/06\/10-1.jpg 600w, https:\/\/diariotribuna.com.br\/wp-content\/uploads\/2024\/06\/10-1-300x180.jpg 300w\" sizes=\"(max-width: 600px) 100vw, 600px\" \/><\/figure>\n\n\n\n<figure class=\"wp-block-image size-large is-style-default\"><img loading=\"lazy\" decoding=\"async\" width=\"600\" height=\"372\" data-id=\"25165\" src=\"https:\/\/diariotribuna.com.br\/wp-content\/uploads\/2024\/06\/11.jpg\" alt=\"\" class=\"wp-image-25165\" srcset=\"https:\/\/diariotribuna.com.br\/wp-content\/uploads\/2024\/06\/11.jpg 600w, https:\/\/diariotribuna.com.br\/wp-content\/uploads\/2024\/06\/11-300x186.jpg 300w, https:\/\/diariotribuna.com.br\/wp-content\/uploads\/2024\/06\/11-356x220.jpg 356w\" sizes=\"(max-width: 600px) 100vw, 600px\" \/><\/figure>\n\n\n\n<figure class=\"wp-block-image size-large is-style-default\"><img loading=\"lazy\" decoding=\"async\" width=\"600\" height=\"366\" data-id=\"25167\" src=\"https:\/\/diariotribuna.com.br\/wp-content\/uploads\/2024\/06\/15-1.jpg\" alt=\"\" class=\"wp-image-25167\" srcset=\"https:\/\/diariotribuna.com.br\/wp-content\/uploads\/2024\/06\/15-1.jpg 600w, https:\/\/diariotribuna.com.br\/wp-content\/uploads\/2024\/06\/15-1-300x183.jpg 300w\" sizes=\"(max-width: 600px) 100vw, 600px\" \/><\/figure>\n<\/figure>\n\n\n\n<div style=\"height:12px\" aria-hidden=\"true\" class=\"wp-block-spacer\"><\/div>\n\n\n\n<figure class=\"wp-block-image size-full is-resized is-style-default\"><img loading=\"lazy\" decoding=\"async\" width=\"600\" height=\"401\" src=\"https:\/\/diariotribuna.com.br\/wp-content\/uploads\/2024\/06\/17-2.jpg\" alt=\"\" class=\"wp-image-25168\" style=\"width:660px;height:auto\" srcset=\"https:\/\/diariotribuna.com.br\/wp-content\/uploads\/2024\/06\/17-2.jpg 600w, https:\/\/diariotribuna.com.br\/wp-content\/uploads\/2024\/06\/17-2-300x201.jpg 300w\" sizes=\"(max-width: 600px) 100vw, 600px\" \/><\/figure>\n","protected":false},"excerpt":{"rendered":"<p>Na manh\u00e3 de sexta-feira (28\/6\/2024), o comandante do 19\u00b0 Batalh\u00e3o de Pol\u00edcia Militar, tenente coronel Welington da Silva Campos, realizou solenidade em comemora\u00e7\u00e3o ao Dia do Veterano, concess\u00e3o das Medalhas de M\u00e9rito Militar Grau Ouro, Prata e Bronze, concess\u00e3o da Medalha Dever Cumprido e Medalha do M\u00e9rito Tenente Coronel Jo\u00e3o Batista de Assis, e entrega [&hellip;]<\/p>\n","protected":false},"author":1,"featured_media":25136,"comment_status":"open","ping_status":"open","sticky":false,"template":"","format":"standard","meta":{"rop_custom_images_group":[],"rop_custom_messages_group":[],"rop_publish_now":"initial","rop_publish_now_accounts":[],"rop_publish_now_history":[],"rop_publish_now_status":"pending","footnotes":""},"categories":[19],"tags":[941,1084,76,75,6031],"class_list":["post-25135","post","type-post","status-publish","format-standard","has-post-thumbnail","hentry","category-gerais","tag-19o-batalhao","tag-homenagem","tag-policia-militar","tag-teofilo-otoni","tag-veteranos"],"_links":{"self":[{"href":"https:\/\/diariotribuna.com.br\/index.php?rest_route=\/wp\/v2\/posts\/25135"}],"collection":[{"href":"https:\/\/diariotribuna.com.br\/index.php?rest_route=\/wp\/v2\/posts"}],"about":[{"href":"https:\/\/diariotribuna.com.br\/index.php?rest_route=\/wp\/v2\/types\/post"}],"author":[{"embeddable":true,"href":"https:\/\/diariotribuna.com.br\/index.php?rest_route=\/wp\/v2\/users\/1"}],"replies":[{"embeddable":true,"href":"https:\/\/diariotribuna.com.br\/index.php?rest_route=%2Fwp%2Fv2%2Fcomments&post=25135"}],"version-history":[{"count":3,"href":"https:\/\/diariotribuna.com.br\/index.php?rest_route=\/wp\/v2\/posts\/25135\/revisions"}],"predecessor-version":[{"id":25169,"href":"https:\/\/diariotribuna.com.br\/index.php?rest_route=\/wp\/v2\/posts\/25135\/revisions\/25169"}],"wp:featuredmedia":[{"embeddable":true,"href":"https:\/\/diariotribuna.com.br\/index.php?rest_route=\/wp\/v2\/media\/25136"}],"wp:attachment":[{"href":"https:\/\/diariotribuna.com.br\/index.php?rest_route=%2Fwp%2Fv2%2Fmedia&parent=25135"}],"wp:term":[{"taxonomy":"category","embeddable":true,"href":"https:\/\/diariotribuna.com.br\/index.php?rest_route=%2Fwp%2Fv2%2Fcategories&post=25135"},{"taxonomy":"post_tag","embeddable":true,"href":"https:\/\/diariotribuna.com.br\/index.php?rest_route=%2Fwp%2Fv2%2Ftags&post=25135"}],"curies":[{"name":"wp","href":"https:\/\/api.w.org\/{rel}","templated":true}]}}