{"id":25573,"date":"2024-08-01T19:58:53","date_gmt":"2024-08-01T22:58:53","guid":{"rendered":"https:\/\/diariotribuna.com.br\/?p=25573"},"modified":"2024-08-02T09:28:46","modified_gmt":"2024-08-02T12:28:46","slug":"advogado-oswaldo-vieira-emite-nota-a-imprensa","status":"publish","type":"post","link":"https:\/\/diariotribuna.com.br\/?p=25573","title":{"rendered":"Advogado Oswaldo Vieira emite nota \u00e0 imprensa"},"content":{"rendered":"\n<p>Ap\u00f3s Lucas Miglio (MDB) anunciar sua desist\u00eancia como pr\u00e9-candidato ao cargo de prefeito de Te\u00f3filo Otoni, durante conven\u00e7\u00e3o do seu partido realizada na noite desta quinta-feira (1\/8\/2024), o Dr. Oswaldo Vieira (NOVO) emitiu nota \u00e0 imprensa, comentando a decis\u00e3o, j\u00e1 que seu nome foi escolhido como pr\u00e9-candidato a vice-prefeito, durante conven\u00e7\u00e3o do NOVO, realizada no s\u00e1bado (27\/7\/2024), em Te\u00f3filo Otoni, compondo chapa com Lucas Miglio. <strong>VEJA ABAIXO A NOTA NA \u00cdNTEGRA:<\/strong><\/p>\n\n\n\n<figure class=\"wp-block-image size-full is-resized is-style-default\"><img loading=\"lazy\" decoding=\"async\" width=\"650\" height=\"446\" src=\"https:\/\/diariotribuna.com.br\/wp-content\/uploads\/2024\/08\/22141312_232274323968429_2864922220767697414_n.jpg\" alt=\"\" class=\"wp-image-25574\" style=\"width:486px;height:auto\" srcset=\"https:\/\/diariotribuna.com.br\/wp-content\/uploads\/2024\/08\/22141312_232274323968429_2864922220767697414_n.jpg 650w, https:\/\/diariotribuna.com.br\/wp-content\/uploads\/2024\/08\/22141312_232274323968429_2864922220767697414_n-300x206.jpg 300w, https:\/\/diariotribuna.com.br\/wp-content\/uploads\/2024\/08\/22141312_232274323968429_2864922220767697414_n-100x70.jpg 100w, https:\/\/diariotribuna.com.br\/wp-content\/uploads\/2024\/08\/22141312_232274323968429_2864922220767697414_n-218x150.jpg 218w, https:\/\/diariotribuna.com.br\/wp-content\/uploads\/2024\/08\/22141312_232274323968429_2864922220767697414_n-612x420.jpg 612w\" sizes=\"(max-width: 650px) 100vw, 650px\" \/><figcaption class=\"wp-element-caption\"><strong>Advogado Oswaldo da Silva Vieira<\/strong><\/figcaption><\/figure>\n\n\n\n<h2 class=\"wp-block-heading has-text-align-center\"><strong>NOTA \u00c0 IMPRENSA<\/strong><\/h2>\n\n\n\n<p>Conforme amplamente divulgado pelos \u00f3rg\u00e3os de imprensa de Te\u00f3filo Otoni, e difundido em grupos de redes sociais da INTERNET, no dia 27\/07\/2024 os convencionais do partido NOVO em Te\u00f3filo Otoni, decidiram por maioria de votos acatar a PROPOSTA DO DIRET\u00d3RIO ESTADUAL, apresentada com o fim de hipotecar apoio \u00e0 candidatura do SR LUCAS MIGLIO, pr\u00e9-candidato pelo MDB a Prefeito de Te\u00f3filo Otoni, cuja proposta continha ainda a indica\u00e7\u00e3o do DR OSWALDO VIEIRA, para o cargo de VICE-PREFEITO, caso o Sr LUCAS MIGLIO permanecesse no prop\u00f3sito de consolidar a sua candidatura na conven\u00e7\u00e3o do MDB.<\/p>\n\n\n\n<p>Importa salientar que o Partido NOVO em Te\u00f3filo Otoni\/MG, desde o in\u00edcio da forma\u00e7\u00e3o da sua Comiss\u00e3o Provis\u00f3ria sempre esteve fiel apoiando a pr\u00e9-candidatura do Dr. JEFERSON BOTELHO a prefeito de Te\u00f3filo Otoni\/MG, aprovado em todas as fases do processo seletivo do Partido NOVO, inclusive participando ativamente de cursos de gest\u00e3o p\u00fablica municipal em S\u00e3o Paulo, mas por delibera\u00e7\u00e3o \u00fanica do Partido NOVO, lamentavelmente esse pleito n\u00e3o foi efetivado.<\/p>\n\n\n\n<p>Destarte, necess\u00e1rio enfatizar que o apoio do NOVO ao pr\u00e9-candidato LUCAS MIGLIO, decorreu de solicita\u00e7\u00e3o realizada pelo mencionado pr\u00e9-candidato do MDB, por ocasi\u00e3o de conversa\u00e7\u00f5es conduzidas pelo candidato junto \u00e0s dire\u00e7\u00f5es estaduais dos dois partidos aqui mencionados, as quais ocorreram antes do incidente de sa\u00fade ao qual esteve acometido o SR LUCAS MIGLIO.<\/p>\n\n\n\n<p>TODAVIA, no per\u00edodo que sucedeu a decis\u00e3o dos convencionais do partido NOVO em Te\u00f3filo Otoni, qual seja entre os dias 27\/07\/2024 e 01\/08\/2024, n\u00e3o houve da parte do pr\u00e9-candidato LUCAS M\u00cdGLIO e tampouco da parte das dire\u00e7\u00f5es dos dois partidos, quaisquer conversa\u00e7\u00f5es com o signat\u00e1rio desta nota, cuja circunst\u00e2ncia indicaram a aus\u00eancia de interesse ou condi\u00e7\u00f5es de concretizar a delibera\u00e7\u00e3o havida na conven\u00e7\u00e3o municipal do partido NOVO.<\/p>\n\n\n\n<p>Em face do comunicado da desist\u00eancia do SR LUCAS MIGLIO \u00e0 candidatura antes pleiteada, agrade\u00e7o a todos que me confiaram a representatividade do partido NOVO para uma almejada COLIGA\u00c7\u00c3O, o que fizeram com o prop\u00f3sito do qual comungamos, qual seja de tornar realidade o sonho por uma cidade mais pr\u00f3spera, digna dos ideais do seu fundador Te\u00f3filo Benedito Ottoni.<\/p>\n\n\n\n<p class=\"has-text-align-center\"><strong>Te\u00f3filo Otoni, 01 de agosto de 2024<\/strong><\/p>\n\n\n\n<p class=\"has-text-align-center\"><strong>OSWALDO DA SILVA VIEIRA<\/strong><\/p>\n\n\n\n<p class=\"has-text-align-center\"><strong>Advogado<\/strong><\/p>\n\n\n\n<p class=\"has-text-align-center\"><strong>Filiado ao partido NOVO<\/strong><\/p>\n\n\n\n<p>(Nota assinada digitalmente)<\/p>\n","protected":false},"excerpt":{"rendered":"<p>Ap\u00f3s Lucas Miglio (MDB) anunciar sua desist\u00eancia como pr\u00e9-candidato ao cargo de prefeito de Te\u00f3filo Otoni, durante conven\u00e7\u00e3o do seu partido realizada na noite desta quinta-feira (1\/8\/2024), o Dr. Oswaldo Vieira (NOVO) emitiu nota \u00e0 imprensa, comentando a decis\u00e3o, j\u00e1 que seu nome foi escolhido como pr\u00e9-candidato a vice-prefeito, durante conven\u00e7\u00e3o do NOVO, realizada no [&hellip;]<\/p>\n","protected":false},"author":1,"featured_media":25574,"comment_status":"open","ping_status":"open","sticky":false,"template":"","format":"standard","meta":{"rop_custom_images_group":[],"rop_custom_messages_group":[],"rop_publish_now":"initial","rop_publish_now_accounts":[],"rop_publish_now_history":[],"rop_publish_now_status":"pending","footnotes":""},"categories":[25,21],"tags":[2097,5858,5441,6462,75],"class_list":["post-25573","post","type-post","status-publish","format-standard","has-post-thumbnail","hentry","category-destaque","category-politica","tag-desistencia","tag-eleicoes-2024","tag-lucas-miglio","tag-nota-a-imprensa","tag-teofilo-otoni"],"_links":{"self":[{"href":"https:\/\/diariotribuna.com.br\/index.php?rest_route=\/wp\/v2\/posts\/25573"}],"collection":[{"href":"https:\/\/diariotribuna.com.br\/index.php?rest_route=\/wp\/v2\/posts"}],"about":[{"href":"https:\/\/diariotribuna.com.br\/index.php?rest_route=\/wp\/v2\/types\/post"}],"author":[{"embeddable":true,"href":"https:\/\/diariotribuna.com.br\/index.php?rest_route=\/wp\/v2\/users\/1"}],"replies":[{"embeddable":true,"href":"https:\/\/diariotribuna.com.br\/index.php?rest_route=%2Fwp%2Fv2%2Fcomments&post=25573"}],"version-history":[{"count":3,"href":"https:\/\/diariotribuna.com.br\/index.php?rest_route=\/wp\/v2\/posts\/25573\/revisions"}],"predecessor-version":[{"id":25579,"href":"https:\/\/diariotribuna.com.br\/index.php?rest_route=\/wp\/v2\/posts\/25573\/revisions\/25579"}],"wp:featuredmedia":[{"embeddable":true,"href":"https:\/\/diariotribuna.com.br\/index.php?rest_route=\/wp\/v2\/media\/25574"}],"wp:attachment":[{"href":"https:\/\/diariotribuna.com.br\/index.php?rest_route=%2Fwp%2Fv2%2Fmedia&parent=25573"}],"wp:term":[{"taxonomy":"category","embeddable":true,"href":"https:\/\/diariotribuna.com.br\/index.php?rest_route=%2Fwp%2Fv2%2Fcategories&post=25573"},{"taxonomy":"post_tag","embeddable":true,"href":"https:\/\/diariotribuna.com.br\/index.php?rest_route=%2Fwp%2Fv2%2Ftags&post=25573"}],"curies":[{"name":"wp","href":"https:\/\/api.w.org\/{rel}","templated":true}]}}