{"id":25577,"date":"2024-08-02T09:35:51","date_gmt":"2024-08-02T12:35:51","guid":{"rendered":"https:\/\/diariotribuna.com.br\/?p=25577"},"modified":"2024-08-05T10:20:41","modified_gmt":"2024-08-05T13:20:41","slug":"diario-tribuna-2-de-agosto-de-2024-teofilo-otoni-mg","status":"publish","type":"post","link":"https:\/\/diariotribuna.com.br\/?p=25577","title":{"rendered":"Di\u00e1rio Tribuna, 2 de Agosto de 2024, Te\u00f3filo Otoni &#8211; MG"},"content":{"rendered":"\n<figure class=\"wp-block-image size-full is-resized is-style-default\"><img loading=\"lazy\" decoding=\"async\" width=\"692\" height=\"997\" src=\"https:\/\/diariotribuna.com.br\/wp-content\/uploads\/2024\/08\/27dcff29-e766-4076-be2b-a2ee05978d02.jpg\" alt=\"\" class=\"wp-image-25580\" style=\"width:403px;height:auto\" srcset=\"https:\/\/diariotribuna.com.br\/wp-content\/uploads\/2024\/08\/27dcff29-e766-4076-be2b-a2ee05978d02.jpg 692w, https:\/\/diariotribuna.com.br\/wp-content\/uploads\/2024\/08\/27dcff29-e766-4076-be2b-a2ee05978d02-208x300.jpg 208w, https:\/\/diariotribuna.com.br\/wp-content\/uploads\/2024\/08\/27dcff29-e766-4076-be2b-a2ee05978d02-292x420.jpg 292w\" sizes=\"(max-width: 692px) 100vw, 692px\" \/><\/figure>\n\n\n\n<h2 class=\"wp-block-heading\"><strong><mark style=\"background-color:rgba(0, 0, 0, 0)\" class=\"has-inline-color has-vivid-red-color\">Acesse o link abaixo e veja a edi\u00e7\u00e3o completa do Di\u00e1rio Tribuna desta sexta-feira (2\/8)<\/mark><\/strong><\/h2>\n\n\n\n<h2 class=\"wp-block-heading\"><a href=\"https:\/\/diariotribuna.com.br\/wp-content\/uploads\/2024\/08\/DIARIO-TRIBUNA-54-ANOS-02-AGOSTO-2024.pdf\"><strong><mark style=\"background-color:rgba(0, 0, 0, 0)\" class=\"has-inline-color has-vivid-red-color\">https:\/\/diariotribuna.com.br\/wp-content\/uploads\/2024\/08\/DIARIO-TRIBUNA-54-ANOS-02-AGOSTO-2024.pdf<\/mark><\/strong><\/a><\/h2>\n","protected":false},"excerpt":{"rendered":"<p>Acesse o link abaixo e veja a edi\u00e7\u00e3o completa do Di\u00e1rio Tribuna desta sexta-feira (2\/8) https:\/\/diariotribuna.com.br\/wp-content\/uploads\/2024\/08\/DIARIO-TRIBUNA-54-ANOS-02-AGOSTO-2024.pdf<\/p>\n","protected":false},"author":1,"featured_media":25580,"comment_status":"open","ping_status":"open","sticky":false,"template":"","format":"standard","meta":{"rop_custom_images_group":[],"rop_custom_messages_group":[],"rop_publish_now":"initial","rop_publish_now_accounts":[],"rop_publish_now_history":[],"rop_publish_now_status":"pending","footnotes":""},"categories":[17,23],"tags":[6463,42,1010,75,867],"class_list":["post-25577","post","type-post","status-publish","format-standard","has-post-thumbnail","hentry","category-teofilootoni","category-ultimaedicao","tag-2-8-2024","tag-diario-tribuna","tag-nordeste-mineiro","tag-teofilo-otoni","tag-vale-do-mucuri"],"_links":{"self":[{"href":"https:\/\/diariotribuna.com.br\/index.php?rest_route=\/wp\/v2\/posts\/25577"}],"collection":[{"href":"https:\/\/diariotribuna.com.br\/index.php?rest_route=\/wp\/v2\/posts"}],"about":[{"href":"https:\/\/diariotribuna.com.br\/index.php?rest_route=\/wp\/v2\/types\/post"}],"author":[{"embeddable":true,"href":"https:\/\/diariotribuna.com.br\/index.php?rest_route=\/wp\/v2\/users\/1"}],"replies":[{"embeddable":true,"href":"https:\/\/diariotribuna.com.br\/index.php?rest_route=%2Fwp%2Fv2%2Fcomments&post=25577"}],"version-history":[{"count":1,"href":"https:\/\/diariotribuna.com.br\/index.php?rest_route=\/wp\/v2\/posts\/25577\/revisions"}],"predecessor-version":[{"id":25581,"href":"https:\/\/diariotribuna.com.br\/index.php?rest_route=\/wp\/v2\/posts\/25577\/revisions\/25581"}],"wp:featuredmedia":[{"embeddable":true,"href":"https:\/\/diariotribuna.com.br\/index.php?rest_route=\/wp\/v2\/media\/25580"}],"wp:attachment":[{"href":"https:\/\/diariotribuna.com.br\/index.php?rest_route=%2Fwp%2Fv2%2Fmedia&parent=25577"}],"wp:term":[{"taxonomy":"category","embeddable":true,"href":"https:\/\/diariotribuna.com.br\/index.php?rest_route=%2Fwp%2Fv2%2Fcategories&post=25577"},{"taxonomy":"post_tag","embeddable":true,"href":"https:\/\/diariotribuna.com.br\/index.php?rest_route=%2Fwp%2Fv2%2Ftags&post=25577"}],"curies":[{"name":"wp","href":"https:\/\/api.w.org\/{rel}","templated":true}]}}