{"id":25820,"date":"2024-08-14T21:28:17","date_gmt":"2024-08-15T00:28:17","guid":{"rendered":"https:\/\/diariotribuna.com.br\/?p=25820"},"modified":"2024-08-14T21:28:17","modified_gmt":"2024-08-15T00:28:17","slug":"pm-de-meio-ambiente-de-almenara-recupera-moto-roubada-e-prende-autores-do-crime","status":"publish","type":"post","link":"https:\/\/diariotribuna.com.br\/?p=25820","title":{"rendered":"PM de Meio Ambiente de Almenara recupera moto roubada e prende autores do crime"},"content":{"rendered":"\n<h3 class=\"wp-block-heading\"><em><strong>As equipes n\u00e3o est\u00e3o dando tr\u00e9gua \u00e0 criminalidade; recuperando ve\u00edculos, tirando armas de fogo, drogas e foragidos de circula\u00e7\u00e3o<\/strong><\/em><\/h3>\n\n\n\n<figure class=\"wp-block-image size-full is-resized is-style-default\"><img loading=\"lazy\" decoding=\"async\" width=\"700\" height=\"409\" src=\"https:\/\/diariotribuna.com.br\/wp-content\/uploads\/2024\/08\/14e3c19a-9bad-4c9c-93cf-6573c2daf06f.jpg\" alt=\"\" class=\"wp-image-25821\" style=\"width:529px;height:auto\" srcset=\"https:\/\/diariotribuna.com.br\/wp-content\/uploads\/2024\/08\/14e3c19a-9bad-4c9c-93cf-6573c2daf06f.jpg 700w, https:\/\/diariotribuna.com.br\/wp-content\/uploads\/2024\/08\/14e3c19a-9bad-4c9c-93cf-6573c2daf06f-300x175.jpg 300w, https:\/\/diariotribuna.com.br\/wp-content\/uploads\/2024\/08\/14e3c19a-9bad-4c9c-93cf-6573c2daf06f-696x407.jpg 696w\" sizes=\"(max-width: 700px) 100vw, 700px\" \/><\/figure>\n\n\n\n<p>O comandante da Pol\u00edcia Militar de Meio Ambiente do Vale do Jequitinhonha, tenente Heberth Dias informou que, durante patrulhamento t\u00edpico de meio ambiente, nesta quarta-feira (14\/8), na Avenida Minas Gerais, sentido \u00e0 zona rural do munic\u00edpio de Almenara, os policiais avistaram uma motocicleta Honda\/CG Titan ex, emplacamento em Belo Horizonte\/MG.<\/p>\n\n\n\n<p>Ap\u00f3s consulta no sistema informatizado, constataram que o ve\u00edculo possui registro de queixa de roubo. Durante o patrulhamento, os policiais conseguiram localizar dois envolvidos, sendo G.P.S. e V.S., que foram presos e conduzidos \u00e0 delegacia de Pol\u00edcia Covil da comarca de Almenara, sendo que, V.S. tem passagem por recepta\u00e7\u00e3o.<\/p>\n\n\n\n<p>Os dados de um terceiro envolvido, N.A.A., foram localizados ap\u00f3s consulta no sistema informatizado, sendo constatado que ele possui passagem por roubo, roubo \u00e0 m\u00e3o armada, tr\u00e1fico de entorpecentes e porte ilegal de arma de fogo. O ve\u00edculo recuperado foi encaminhado ao p\u00e1tio conveniado do Detran, em Almenara. Equipe: sargentos Avilmar e Colares, cabo Israel. (Informa\u00e7\u00f5es\/Fotos: tenente Heberth Dias, comandante da PM de Meio Ambiente do Vale do Jequitinhonha).<\/p>\n\n\n\n<figure class=\"wp-block-image size-full is-resized is-style-default\"><img loading=\"lazy\" decoding=\"async\" width=\"700\" height=\"419\" src=\"https:\/\/diariotribuna.com.br\/wp-content\/uploads\/2024\/08\/9f6f9db2-0102-4692-8df8-00535502cc61.jpg\" alt=\"\" class=\"wp-image-25822\" style=\"width:553px;height:auto\" srcset=\"https:\/\/diariotribuna.com.br\/wp-content\/uploads\/2024\/08\/9f6f9db2-0102-4692-8df8-00535502cc61.jpg 700w, https:\/\/diariotribuna.com.br\/wp-content\/uploads\/2024\/08\/9f6f9db2-0102-4692-8df8-00535502cc61-300x180.jpg 300w, https:\/\/diariotribuna.com.br\/wp-content\/uploads\/2024\/08\/9f6f9db2-0102-4692-8df8-00535502cc61-696x417.jpg 696w\" sizes=\"(max-width: 700px) 100vw, 700px\" \/><figcaption class=\"wp-element-caption\"><strong>Veiculo recuperado foi encaminhado a um p\u00e1tio conveniado em Almenara<\/strong><\/figcaption><\/figure>\n","protected":false},"excerpt":{"rendered":"<p>As equipes n\u00e3o est\u00e3o dando tr\u00e9gua \u00e0 criminalidade; recuperando ve\u00edculos, tirando armas de fogo, drogas e foragidos de circula\u00e7\u00e3o O comandante da Pol\u00edcia Militar de Meio Ambiente do Vale do Jequitinhonha, tenente Heberth Dias informou que, durante patrulhamento t\u00edpico de meio ambiente, nesta quarta-feira (14\/8), na Avenida Minas Gerais, sentido \u00e0 zona rural do munic\u00edpio [&hellip;]<\/p>\n","protected":false},"author":1,"featured_media":25821,"comment_status":"open","ping_status":"open","sticky":false,"template":"","format":"standard","meta":{"rop_custom_images_group":[],"rop_custom_messages_group":[],"rop_publish_now":"initial","rop_publish_now_accounts":[],"rop_publish_now_history":[],"rop_publish_now_status":"pending","footnotes":""},"categories":[20],"tags":[1734,110,6499,6459],"class_list":["post-25820","post","type-post","status-publish","format-standard","has-post-thumbnail","hentry","category-policia","tag-2-presos","tag-almenara","tag-moto-roubada-recuperada","tag-pm-meio-ambiente"],"_links":{"self":[{"href":"https:\/\/diariotribuna.com.br\/index.php?rest_route=\/wp\/v2\/posts\/25820"}],"collection":[{"href":"https:\/\/diariotribuna.com.br\/index.php?rest_route=\/wp\/v2\/posts"}],"about":[{"href":"https:\/\/diariotribuna.com.br\/index.php?rest_route=\/wp\/v2\/types\/post"}],"author":[{"embeddable":true,"href":"https:\/\/diariotribuna.com.br\/index.php?rest_route=\/wp\/v2\/users\/1"}],"replies":[{"embeddable":true,"href":"https:\/\/diariotribuna.com.br\/index.php?rest_route=%2Fwp%2Fv2%2Fcomments&post=25820"}],"version-history":[{"count":1,"href":"https:\/\/diariotribuna.com.br\/index.php?rest_route=\/wp\/v2\/posts\/25820\/revisions"}],"predecessor-version":[{"id":25823,"href":"https:\/\/diariotribuna.com.br\/index.php?rest_route=\/wp\/v2\/posts\/25820\/revisions\/25823"}],"wp:featuredmedia":[{"embeddable":true,"href":"https:\/\/diariotribuna.com.br\/index.php?rest_route=\/wp\/v2\/media\/25821"}],"wp:attachment":[{"href":"https:\/\/diariotribuna.com.br\/index.php?rest_route=%2Fwp%2Fv2%2Fmedia&parent=25820"}],"wp:term":[{"taxonomy":"category","embeddable":true,"href":"https:\/\/diariotribuna.com.br\/index.php?rest_route=%2Fwp%2Fv2%2Fcategories&post=25820"},{"taxonomy":"post_tag","embeddable":true,"href":"https:\/\/diariotribuna.com.br\/index.php?rest_route=%2Fwp%2Fv2%2Ftags&post=25820"}],"curies":[{"name":"wp","href":"https:\/\/api.w.org\/{rel}","templated":true}]}}