{"id":25829,"date":"2024-08-15T11:15:02","date_gmt":"2024-08-15T14:15:02","guid":{"rendered":"https:\/\/diariotribuna.com.br\/?p=25829"},"modified":"2024-08-15T21:03:41","modified_gmt":"2024-08-16T00:03:41","slug":"homem-que-hostilizou-funcionarias-da-fiemg-em-reuniao-na-almg-se-retrata-em-audiencia","status":"publish","type":"post","link":"https:\/\/diariotribuna.com.br\/?p=25829","title":{"rendered":"Homem que hostilizou funcion\u00e1rias da FIEMG em reuni\u00e3o na ALMG se retrata em audi\u00eancia"},"content":{"rendered":"\n<h3 class=\"wp-block-heading\"><strong><em>Imagens divulgadas pela FIEMG na \u00e9poca dos fatos mostram o momento dos insultos<\/em><\/strong><\/h3>\n\n\n\n<figure class=\"wp-block-image size-full is-resized is-style-default\"><img loading=\"lazy\" decoding=\"async\" width=\"700\" height=\"435\" src=\"https:\/\/diariotribuna.com.br\/wp-content\/uploads\/2024\/08\/sedefiemgbh.jpg\" alt=\"\" class=\"wp-image-25830\" style=\"width:471px;height:auto\" srcset=\"https:\/\/diariotribuna.com.br\/wp-content\/uploads\/2024\/08\/sedefiemgbh.jpg 700w, https:\/\/diariotribuna.com.br\/wp-content\/uploads\/2024\/08\/sedefiemgbh-300x186.jpg 300w, https:\/\/diariotribuna.com.br\/wp-content\/uploads\/2024\/08\/sedefiemgbh-356x220.jpg 356w, https:\/\/diariotribuna.com.br\/wp-content\/uploads\/2024\/08\/sedefiemgbh-696x433.jpg 696w, https:\/\/diariotribuna.com.br\/wp-content\/uploads\/2024\/08\/sedefiemgbh-676x420.jpg 676w\" sizes=\"(max-width: 700px) 100vw, 700px\" \/><\/figure>\n\n\n\n<p>O homem que ofendeu duas funcion\u00e1rias da FIEMG durante uma reuni\u00e3o na Assembleia Legislativa, em mar\u00e7o deste ano, retratou-se com as v\u00edtimas na quarta-feira (14\/8). Durante audi\u00eancia preliminar realizada no Tribunal de Justi\u00e7a de Minas Gerais, Gustavo Tostes Gazzinelli, autor dos insultos, reconheceu que os xingamentos proferidos n\u00e3o devem ser dirigidos a nenhuma pessoa, em qualquer situa\u00e7\u00e3o. \u201cEu, Gustavo Tostes Gazzinelli, venho atrav\u00e9s do processo n\u00b0 5092723-04.2024.8.13.0024, em decorr\u00eancia da audi\u00eancia de concilia\u00e7\u00e3o, me retrato pelos dizeres pronunciados no dia 07 de mar\u00e7o de 2024, em face de Erika Morreale Diniz e Edith Alves Muls, no qual pelo calor da discuss\u00e3o, proferi contra elas os seguintes xingamentos \u201csafada\u201d e vagabunda\u201d. De maneira a qual, retrato e digo que tais xingamentos n\u00e3o est\u00e3o corretos e n\u00e3o devem ser dirigidos a nenhuma pessoa em qualquer situa\u00e7\u00e3o. Sendo apenas dito, pelo calor da emo\u00e7\u00e3o. Reitero o meu pedido de desculpas \u00e0s querelantes e respectivas fam\u00edlias\u201d.<\/p>\n\n\n\n<p>Diante do pedido de desculpas, as v\u00edtimas retiraram a queixa contra o infrator. \u201cEm face da retrata\u00e7\u00e3o ora apresentada, as querelantes concedem o \u201cperd\u00e3o do ofendido\u201d pugnando pela extin\u00e7\u00e3o da punibilidade com base no art. 107, inc. V do OF, renunciando o querelante \u00e3 Queixa Crime.\u201d<\/p>\n\n\n\n<p><strong>Agress\u00e3o na ALMG &#8211;<\/strong> No dia 7 de mar\u00e7o de 2024, enquanto participavam de uma audi\u00eancia p\u00fablica que discutia a regulamenta\u00e7\u00e3o do Decreto n\u00ba 48.747\/2023, que trata sobre a Pol\u00edtica Estadual de Seguran\u00e7a de Barragens, Edith Alves Muls, gerente de&nbsp; Comunica\u00e7\u00e3o Interna da Federa\u00e7\u00e3o, e Erika Morreale Diniz, superintendente da \u00e1rea de Desenvolvimento da Ind\u00fastria e Recursos Humanos da entidade, foram impedidas de se pronunciar e tornaram-se alvos de xingamentos proferidos por parte do p\u00fablico presente nas galerias da Assembleia Legislativa de Minas Gerais. Na ocasi\u00e3o, Gustavo Gazzinelli n\u00e3o foi repreendido por nenhum dos parlamentares que participavam da reuni\u00e3o, incluindo a deputada estadual Beatriz Cerqueira, do PT, que presidia a audi\u00eancia. A situa\u00e7\u00e3o gerou tumulto e constrangimento aos participantes.<\/p>\n\n\n\n<p>Imagens divulgadas pela FIEMG na \u00e9poca dos fatos mostram o momento das agress\u00f5es verbais. Na ocasi\u00e3o, a Federa\u00e7\u00e3o divulgou uma nota prestando solidariedade \u00e0s funcion\u00e1rias e repudiando a postura dos deputados que comp\u00f5em a Comiss\u00e3o de Administra\u00e7\u00e3o P\u00fablica da ALMG. Clique neste link: <a href=\"https:\/\/www.fiemg.com.br\/wp-content\/uploads\/2024\/08\/14.08.2024-11h30-Sala-02-5092723-04.2024.8.13.0024-1-1-2.pdf\">14.08.2024-11h30-Sala-02-5092723-04.2024.8.13.0024-1-1-2.pdf (fiemg.com.br)<\/a> e confira a decis\u00e3o na \u00edntegra. (Informa\u00e7\u00f5es: FIEMG\/ Cr\u00e9dito foto: FIEMG).<\/p>\n","protected":false},"excerpt":{"rendered":"<p>Imagens divulgadas pela FIEMG na \u00e9poca dos fatos mostram o momento dos insultos O homem que ofendeu duas funcion\u00e1rias da FIEMG durante uma reuni\u00e3o na Assembleia Legislativa, em mar\u00e7o deste ano, retratou-se com as v\u00edtimas na quarta-feira (14\/8). Durante audi\u00eancia preliminar realizada no Tribunal de Justi\u00e7a de Minas Gerais, Gustavo Tostes Gazzinelli, autor dos insultos, [&hellip;]<\/p>\n","protected":false},"author":1,"featured_media":25830,"comment_status":"open","ping_status":"open","sticky":false,"template":"","format":"standard","meta":{"rop_custom_images_group":[],"rop_custom_messages_group":[],"rop_publish_now":"initial","rop_publish_now_accounts":[],"rop_publish_now_history":[],"rop_publish_now_status":"pending","footnotes":""},"categories":[19],"tags":[82,6502,6501,6503],"class_list":["post-25829","post","type-post","status-publish","format-standard","has-post-thumbnail","hentry","category-gerais","tag-fiemg","tag-funcionarias","tag-hostilizar","tag-retratacao-em-audiencia"],"_links":{"self":[{"href":"https:\/\/diariotribuna.com.br\/index.php?rest_route=\/wp\/v2\/posts\/25829"}],"collection":[{"href":"https:\/\/diariotribuna.com.br\/index.php?rest_route=\/wp\/v2\/posts"}],"about":[{"href":"https:\/\/diariotribuna.com.br\/index.php?rest_route=\/wp\/v2\/types\/post"}],"author":[{"embeddable":true,"href":"https:\/\/diariotribuna.com.br\/index.php?rest_route=\/wp\/v2\/users\/1"}],"replies":[{"embeddable":true,"href":"https:\/\/diariotribuna.com.br\/index.php?rest_route=%2Fwp%2Fv2%2Fcomments&post=25829"}],"version-history":[{"count":1,"href":"https:\/\/diariotribuna.com.br\/index.php?rest_route=\/wp\/v2\/posts\/25829\/revisions"}],"predecessor-version":[{"id":25831,"href":"https:\/\/diariotribuna.com.br\/index.php?rest_route=\/wp\/v2\/posts\/25829\/revisions\/25831"}],"wp:featuredmedia":[{"embeddable":true,"href":"https:\/\/diariotribuna.com.br\/index.php?rest_route=\/wp\/v2\/media\/25830"}],"wp:attachment":[{"href":"https:\/\/diariotribuna.com.br\/index.php?rest_route=%2Fwp%2Fv2%2Fmedia&parent=25829"}],"wp:term":[{"taxonomy":"category","embeddable":true,"href":"https:\/\/diariotribuna.com.br\/index.php?rest_route=%2Fwp%2Fv2%2Fcategories&post=25829"},{"taxonomy":"post_tag","embeddable":true,"href":"https:\/\/diariotribuna.com.br\/index.php?rest_route=%2Fwp%2Fv2%2Ftags&post=25829"}],"curies":[{"name":"wp","href":"https:\/\/api.w.org\/{rel}","templated":true}]}}