{"id":25839,"date":"2024-08-15T21:37:27","date_gmt":"2024-08-16T00:37:27","guid":{"rendered":"https:\/\/diariotribuna.com.br\/?p=25839"},"modified":"2024-08-15T22:12:32","modified_gmt":"2024-08-16T01:12:32","slug":"chefe-da-policia-civil-de-minas-visita-teofilo-otoni-para-o-lancamento-do-programa-de-governo-chame-a-frida","status":"publish","type":"post","link":"https:\/\/diariotribuna.com.br\/?p=25839","title":{"rendered":"Chefe da Pol\u00edcia Civil de Minas visita Te\u00f3filo Otoni para o lan\u00e7amento do programa de Governo \u201cChame a Frida\u201d"},"content":{"rendered":"\n<h3 class=\"wp-block-heading\"><em><strong>A dra. Let\u00edcia Gamboge estava acompanhada dos secret\u00e1rios Gustavo Valadares e Al\u00ea Portela, e do deputado estadual Neilando Pimenta<\/strong><\/em><\/h3>\n\n\n\n<figure class=\"wp-block-image size-full is-resized is-style-default\"><img loading=\"lazy\" decoding=\"async\" width=\"700\" height=\"394\" src=\"https:\/\/diariotribuna.com.br\/wp-content\/uploads\/2024\/08\/Romulo-II.jpg\" alt=\"\" class=\"wp-image-25840\" style=\"width:558px;height:auto\" srcset=\"https:\/\/diariotribuna.com.br\/wp-content\/uploads\/2024\/08\/Romulo-II.jpg 700w, https:\/\/diariotribuna.com.br\/wp-content\/uploads\/2024\/08\/Romulo-II-300x169.jpg 300w, https:\/\/diariotribuna.com.br\/wp-content\/uploads\/2024\/08\/Romulo-II-696x392.jpg 696w\" sizes=\"(max-width: 700px) 100vw, 700px\" \/><figcaption class=\"wp-element-caption\"><strong>Lan\u00e7amento do programa &#8220;Chame a Frida&#8221;, na delegacia de Te\u00f3filo Otoni<\/strong><\/figcaption><\/figure>\n\n\n\n<p>O 15\u00ba Departamento de Pol\u00edcia Civil, sediado em Te\u00f3filo Otoni recebeu, na tarde de ter\u00e7a-feira (13\/8), a visita da chefe de Pol\u00edcia de Minas Gerais, dra Let\u00edcia Gamboge; o secret\u00e1rio de Governo, Gustavo Valadares; a secret\u00e1ria de Desenvolvimento Social, Al\u00ea Portella; e o deputado estadual, Neilando Pimenta, para o lan\u00e7amento do programa de Governo \u201cChame a Frida\u201d.<\/p>\n\n\n\n<figure class=\"wp-block-image size-full is-resized is-style-default\"><img loading=\"lazy\" decoding=\"async\" width=\"650\" height=\"361\" src=\"https:\/\/diariotribuna.com.br\/wp-content\/uploads\/2024\/08\/3-6.jpg\" alt=\"\" class=\"wp-image-25844\" style=\"width:559px;height:auto\" srcset=\"https:\/\/diariotribuna.com.br\/wp-content\/uploads\/2024\/08\/3-6.jpg 650w, https:\/\/diariotribuna.com.br\/wp-content\/uploads\/2024\/08\/3-6-300x167.jpg 300w\" sizes=\"(max-width: 650px) 100vw, 650px\" \/><\/figure>\n\n\n\n<p>Na oportunidade o secret\u00e1rio Gustavo Valadares anunciou um aporte de dois milh\u00f5es de reais para a reforma do pr\u00e9dio da antiga cadeia p\u00fablica, im\u00f3vel que est\u00e1 abandonado h\u00e1 mais de 15 anos e deteriorado, onde ser\u00e1 instalada a Delegacia Especializada do Atendimento \u00e0 Mulher (DEAM), quando tamb\u00e9m o deputado Neilando Pimento anunciou um aporte de quinhentos mil reais para aquisi\u00e7\u00e3o dos m\u00f3veis da nova unidade.<\/p>\n\n\n\n<p>A chefe da Pol\u00edcia Civil de Minas, dra. Let\u00edcia Gamboje ressalta que, com esse importante an\u00fancio do Governo de Minas, a PCMG ter\u00e1 uma estrutura muito mais ampliada, o que \u00e9 uma preocupa\u00e7\u00e3o da institui\u00e7\u00e3o, por isso tem enviado efetivo para Te\u00f3filo Otoni, para que possa ampliar o atendimento a todas as mulheres v\u00edtimas de viol\u00eancia dom\u00e9stica e familiar. Dra. Let\u00edcia explica que, \u201cChame a Frida\u201d \u00e9 uma assistente virtual que poder\u00e1 ser acionada atrav\u00e9s de um n\u00famero telef\u00f4nico, que est\u00e1 sendo difundido por meio de QR Code. \u201cA gente pede que haja envolvimento, tanto da imprensa, como de toda comunidade, para a difus\u00e3o desse n\u00famero, meio a qual a mulher poder\u00e1 acionar a Pol\u00edcia Civil, acionar a Patrulha de Preven\u00e7\u00e3o \u00e0 Viol\u00eancia Dom\u00e9stica, e obter orienta\u00e7\u00e3o para o combate \u00e0 viol\u00eancia contra a mulher\u201d, disse e delegada.<\/p>\n\n\n\n<figure class=\"wp-block-image size-full is-resized is-style-default\"><img loading=\"lazy\" decoding=\"async\" width=\"650\" height=\"378\" src=\"https:\/\/diariotribuna.com.br\/wp-content\/uploads\/2024\/08\/2-6.jpg\" alt=\"\" class=\"wp-image-25845\" style=\"width:568px;height:auto\" srcset=\"https:\/\/diariotribuna.com.br\/wp-content\/uploads\/2024\/08\/2-6.jpg 650w, https:\/\/diariotribuna.com.br\/wp-content\/uploads\/2024\/08\/2-6-300x174.jpg 300w\" sizes=\"(max-width: 650px) 100vw, 650px\" \/><figcaption class=\"wp-element-caption\"><strong>Chefe do 15\u00ba Departamento de Pol\u00edcia Civil, dr. R\u00f4mulo Quintino; Delegado Regional, dr. Amaury Albuquerque; demais servidores da PCMG de Te\u00f3filo Otoni recepcionaram a dra Let\u00edcia, secret\u00e1rios Gustavo Valadares e Al\u00ea Portela, e o deputado Neilando Pimenta<\/strong><\/figcaption><\/figure>\n\n\n\n<p>O secret\u00e1rio Gustavo Valadares destacou a import\u00e2ncia do projeto \u201cChame a Frida\u201d e da sua satisfa\u00e7\u00e3o de estar presente nesse momento importante para a cidade e regi\u00e3o, o an\u00fancio de investimento de dois milh\u00f5es de reais para a constru\u00e7\u00e3o da DEAM, onde funcionava a cadeia, na \u00e1rea central da cidade. Informou que j\u00e1 est\u00e1 finalizando a parte do projeto, para ent\u00e3o trazer o recurso. Questionado sobre a previs\u00e3o do in\u00edcio das obras, disse que no final do primeiro semestre de 2025. \u201cMas o dinheiro, isso \u00e9 importante que a gente deixe claro, os dois milh\u00f5es de reais, j\u00e1 est\u00e3o assegurados para a destina\u00e7\u00e3o da obra o que \u00e9 mais importante\u201d, afirmou.<\/p>\n\n\n\n<figure class=\"wp-block-image size-full is-resized is-style-default\"><img loading=\"lazy\" decoding=\"async\" width=\"650\" height=\"366\" src=\"https:\/\/diariotribuna.com.br\/wp-content\/uploads\/2024\/08\/4-3.jpg\" alt=\"\" class=\"wp-image-25846\" style=\"width:575px;height:auto\" srcset=\"https:\/\/diariotribuna.com.br\/wp-content\/uploads\/2024\/08\/4-3.jpg 650w, https:\/\/diariotribuna.com.br\/wp-content\/uploads\/2024\/08\/4-3-300x169.jpg 300w\" sizes=\"(max-width: 650px) 100vw, 650px\" \/><figcaption class=\"wp-element-caption\"><strong>Visita ao pr\u00e9dio da antiga cadeia p\u00fablica onde ser\u00e1 constru\u00edda a DEAM (Delegacia Especializada em Atendimento \u00e0 Mulher)<\/strong><\/figcaption><\/figure>\n\n\n\n<p>A delegada titular da DEAM em Te\u00f3filo Otoni, dra. Herta Coimbra frisa a sua satisfa\u00e7\u00e3o por estar sendo lan\u00e7ada mais uma ferramenta em defesa da mulher, no ano em que a Lei Maria da Penha completa 18 anos. Ela fala do chatbot \u201cChame a Frida\u201d \u2013 aplicativo virtual. Baixando o QR Code, as mulheres v\u00e3o poder, de forma remota, solicitar todos os servi\u00e7os de atendimento no combate \u00e0 viol\u00eancia dom\u00e9stica e familiar. Poder\u00e1 solicitar inclusive a presen\u00e7a de for\u00e7a policial, ou agendamento de medidas protetivas. <strong>\u201cChame a Frida\u201d: contato pelo WhatsApp em Te\u00f3filo Otoni, no n\u00famero (33) 98422-4686.<\/strong><\/p>\n\n\n\n<figure class=\"wp-block-image size-full is-resized is-style-default\"><img loading=\"lazy\" decoding=\"async\" width=\"600\" height=\"839\" src=\"https:\/\/diariotribuna.com.br\/wp-content\/uploads\/2024\/08\/cb5cf2a3-21d4-4415-b676-86c0e320378d.jpg\" alt=\"\" class=\"wp-image-25843\" style=\"width:429px;height:auto\" srcset=\"https:\/\/diariotribuna.com.br\/wp-content\/uploads\/2024\/08\/cb5cf2a3-21d4-4415-b676-86c0e320378d.jpg 600w, https:\/\/diariotribuna.com.br\/wp-content\/uploads\/2024\/08\/cb5cf2a3-21d4-4415-b676-86c0e320378d-215x300.jpg 215w, https:\/\/diariotribuna.com.br\/wp-content\/uploads\/2024\/08\/cb5cf2a3-21d4-4415-b676-86c0e320378d-300x420.jpg 300w\" sizes=\"(max-width: 600px) 100vw, 600px\" \/><\/figure>\n","protected":false},"excerpt":{"rendered":"<p>A dra. Let\u00edcia Gamboge estava acompanhada dos secret\u00e1rios Gustavo Valadares e Al\u00ea Portela, e do deputado estadual Neilando Pimenta O 15\u00ba Departamento de Pol\u00edcia Civil, sediado em Te\u00f3filo Otoni recebeu, na tarde de ter\u00e7a-feira (13\/8), a visita da chefe de Pol\u00edcia de Minas Gerais, dra Let\u00edcia Gamboge; o secret\u00e1rio de Governo, Gustavo Valadares; a secret\u00e1ria [&hellip;]<\/p>\n","protected":false},"author":1,"featured_media":25840,"comment_status":"open","ping_status":"open","sticky":false,"template":"","format":"standard","meta":{"rop_custom_images_group":[],"rop_custom_messages_group":[],"rop_publish_now":"initial","rop_publish_now_accounts":[],"rop_publish_now_history":[],"rop_publish_now_status":"pending","footnotes":""},"categories":[25,19],"tags":[6505,357,292,75],"class_list":["post-25839","post","type-post","status-publish","format-standard","has-post-thumbnail","hentry","category-destaque","category-gerais","tag-chame-a-frida","tag-governo-de-minas","tag-policia-civil","tag-teofilo-otoni"],"_links":{"self":[{"href":"https:\/\/diariotribuna.com.br\/index.php?rest_route=\/wp\/v2\/posts\/25839"}],"collection":[{"href":"https:\/\/diariotribuna.com.br\/index.php?rest_route=\/wp\/v2\/posts"}],"about":[{"href":"https:\/\/diariotribuna.com.br\/index.php?rest_route=\/wp\/v2\/types\/post"}],"author":[{"embeddable":true,"href":"https:\/\/diariotribuna.com.br\/index.php?rest_route=\/wp\/v2\/users\/1"}],"replies":[{"embeddable":true,"href":"https:\/\/diariotribuna.com.br\/index.php?rest_route=%2Fwp%2Fv2%2Fcomments&post=25839"}],"version-history":[{"count":7,"href":"https:\/\/diariotribuna.com.br\/index.php?rest_route=\/wp\/v2\/posts\/25839\/revisions"}],"predecessor-version":[{"id":25853,"href":"https:\/\/diariotribuna.com.br\/index.php?rest_route=\/wp\/v2\/posts\/25839\/revisions\/25853"}],"wp:featuredmedia":[{"embeddable":true,"href":"https:\/\/diariotribuna.com.br\/index.php?rest_route=\/wp\/v2\/media\/25840"}],"wp:attachment":[{"href":"https:\/\/diariotribuna.com.br\/index.php?rest_route=%2Fwp%2Fv2%2Fmedia&parent=25839"}],"wp:term":[{"taxonomy":"category","embeddable":true,"href":"https:\/\/diariotribuna.com.br\/index.php?rest_route=%2Fwp%2Fv2%2Fcategories&post=25839"},{"taxonomy":"post_tag","embeddable":true,"href":"https:\/\/diariotribuna.com.br\/index.php?rest_route=%2Fwp%2Fv2%2Ftags&post=25839"}],"curies":[{"name":"wp","href":"https:\/\/api.w.org\/{rel}","templated":true}]}}