{"id":25865,"date":"2024-08-18T00:36:22","date_gmt":"2024-08-18T03:36:22","guid":{"rendered":"https:\/\/diariotribuna.com.br\/?p=25865"},"modified":"2024-08-18T00:36:22","modified_gmt":"2024-08-18T03:36:22","slug":"policia-militar-prende-autor-de-triplo-homicidio-ocorrido-em-ataleia-em-2023","status":"publish","type":"post","link":"https:\/\/diariotribuna.com.br\/?p=25865","title":{"rendered":"Pol\u00edcia Militar prende autor de triplo homic\u00eddio ocorrido em Atal\u00e9ia, em 2023"},"content":{"rendered":"\n<figure class=\"wp-block-image size-full is-resized is-style-default\"><img loading=\"lazy\" decoding=\"async\" width=\"700\" height=\"544\" src=\"https:\/\/diariotribuna.com.br\/wp-content\/uploads\/2024\/08\/3bba26f5-54fd-4751-a6f3-fbb091dc14d3.jpg\" alt=\"\" class=\"wp-image-25866\" style=\"width:460px;height:auto\" srcset=\"https:\/\/diariotribuna.com.br\/wp-content\/uploads\/2024\/08\/3bba26f5-54fd-4751-a6f3-fbb091dc14d3.jpg 700w, https:\/\/diariotribuna.com.br\/wp-content\/uploads\/2024\/08\/3bba26f5-54fd-4751-a6f3-fbb091dc14d3-300x233.jpg 300w, https:\/\/diariotribuna.com.br\/wp-content\/uploads\/2024\/08\/3bba26f5-54fd-4751-a6f3-fbb091dc14d3-696x541.jpg 696w, https:\/\/diariotribuna.com.br\/wp-content\/uploads\/2024\/08\/3bba26f5-54fd-4751-a6f3-fbb091dc14d3-540x420.jpg 540w\" sizes=\"(max-width: 700px) 100vw, 700px\" \/><\/figure>\n\n\n\n<p>A Pol\u00edcia Militar realizou uma opera\u00e7\u00e3o neste s\u00e1bado (17\/8) para a captura de um foragido da justi\u00e7a no distrito de Tipiti, munic\u00edpio de Atal\u00e9ia. Segundo a PM, o alvo era considerado de alta periculosidade, pois al\u00e9m de ter cometido um crime b\u00e1rbaro, ceifando tr\u00eas vidas, em agosto de 2023, informa\u00e7\u00f5es apontavam que ele andava de posse de uma arma de fogo na \u00e1rea rural do distrito, causando intranquilidade aos moradores.<\/p>\n\n\n\n<p>O tenente Vicenzo informa que, diante de muita insist\u00eancia e com a colabora\u00e7\u00e3o de um informante, as equipes policiais conseguiram prend\u00ea-lo, al\u00e9m de apreender uma arma de fogo. O cerco iniciou-se \u00e0s 2h da manh\u00e3 deste s\u00e1bado, e a pris\u00e3o ocorreu no in\u00edcio da manh\u00e3. \u201cAp\u00f3s a pris\u00e3o, a popula\u00e7\u00e3o de Tipiti saudou as equipes policiais presentes, aliviada com a retirada do seio da sociedade, de um indiv\u00edduo que tanto mal causou no local\u201d, disse o tenente.<\/p>\n\n\n\n<p>O preso e a arma de fogo apreendida foram encaminhados para a delegacia de Pol\u00edcia Civil, para os procedimentos de pol\u00edcia judici\u00e1ria. Equipe: sargento Rhis, cabo Diego Anselmo, cabo H\u00edtalo (discente CEFS), soldado Macedo, soldado Maia (discente CFSD). Planejamento e contato com o informante, tenente Vicenzo. (Informa\u00e7\u00f5es\/Foto: PMMG\/ Tenente Vicenzo\/ Atal\u00e9ia).<\/p>\n","protected":false},"excerpt":{"rendered":"<p>A Pol\u00edcia Militar realizou uma opera\u00e7\u00e3o neste s\u00e1bado (17\/8) para a captura de um foragido da justi\u00e7a no distrito de Tipiti, munic\u00edpio de Atal\u00e9ia. Segundo a PM, o alvo era considerado de alta periculosidade, pois al\u00e9m de ter cometido um crime b\u00e1rbaro, ceifando tr\u00eas vidas, em agosto de 2023, informa\u00e7\u00f5es apontavam que ele andava de [&hellip;]<\/p>\n","protected":false},"author":1,"featured_media":25866,"comment_status":"open","ping_status":"open","sticky":false,"template":"","format":"standard","meta":{"rop_custom_images_group":[],"rop_custom_messages_group":[],"rop_publish_now":"initial","rop_publish_now_accounts":[],"rop_publish_now_history":[],"rop_publish_now_status":"pending","footnotes":""},"categories":[25,20],"tags":[1529,4410,81,76,6508,4710],"class_list":["post-25865","post","type-post","status-publish","format-standard","has-post-thumbnail","hentry","category-destaque","category-policia","tag-ataleia-2","tag-captura","tag-foragido","tag-policia-militar","tag-tipiti","tag-triplo-homicidio"],"_links":{"self":[{"href":"https:\/\/diariotribuna.com.br\/index.php?rest_route=\/wp\/v2\/posts\/25865"}],"collection":[{"href":"https:\/\/diariotribuna.com.br\/index.php?rest_route=\/wp\/v2\/posts"}],"about":[{"href":"https:\/\/diariotribuna.com.br\/index.php?rest_route=\/wp\/v2\/types\/post"}],"author":[{"embeddable":true,"href":"https:\/\/diariotribuna.com.br\/index.php?rest_route=\/wp\/v2\/users\/1"}],"replies":[{"embeddable":true,"href":"https:\/\/diariotribuna.com.br\/index.php?rest_route=%2Fwp%2Fv2%2Fcomments&post=25865"}],"version-history":[{"count":1,"href":"https:\/\/diariotribuna.com.br\/index.php?rest_route=\/wp\/v2\/posts\/25865\/revisions"}],"predecessor-version":[{"id":25867,"href":"https:\/\/diariotribuna.com.br\/index.php?rest_route=\/wp\/v2\/posts\/25865\/revisions\/25867"}],"wp:featuredmedia":[{"embeddable":true,"href":"https:\/\/diariotribuna.com.br\/index.php?rest_route=\/wp\/v2\/media\/25866"}],"wp:attachment":[{"href":"https:\/\/diariotribuna.com.br\/index.php?rest_route=%2Fwp%2Fv2%2Fmedia&parent=25865"}],"wp:term":[{"taxonomy":"category","embeddable":true,"href":"https:\/\/diariotribuna.com.br\/index.php?rest_route=%2Fwp%2Fv2%2Fcategories&post=25865"},{"taxonomy":"post_tag","embeddable":true,"href":"https:\/\/diariotribuna.com.br\/index.php?rest_route=%2Fwp%2Fv2%2Ftags&post=25865"}],"curies":[{"name":"wp","href":"https:\/\/api.w.org\/{rel}","templated":true}]}}