{"id":26220,"date":"2024-09-07T10:55:48","date_gmt":"2024-09-07T13:55:48","guid":{"rendered":"https:\/\/diariotribuna.com.br\/?p=26220"},"modified":"2024-09-07T10:56:25","modified_gmt":"2024-09-07T13:56:25","slug":"crianca-morre-afogada-apos-cair-em-piscina-em-aracuai","status":"publish","type":"post","link":"https:\/\/diariotribuna.com.br\/?p=26220","title":{"rendered":"Crian\u00e7a morre afogada ap\u00f3s cair em piscina, em Ara\u00e7ua\u00ed"},"content":{"rendered":"\n<figure class=\"wp-block-image size-full is-resized is-style-default\"><img loading=\"lazy\" decoding=\"async\" width=\"700\" height=\"387\" src=\"https:\/\/diariotribuna.com.br\/wp-content\/uploads\/2024\/09\/Imagem-do-WhatsApp-de-2024-09-07-as-10.50.49_100c8804.jpg\" alt=\"\" class=\"wp-image-26221\" style=\"width:440px;height:auto\" srcset=\"https:\/\/diariotribuna.com.br\/wp-content\/uploads\/2024\/09\/Imagem-do-WhatsApp-de-2024-09-07-as-10.50.49_100c8804.jpg 700w, https:\/\/diariotribuna.com.br\/wp-content\/uploads\/2024\/09\/Imagem-do-WhatsApp-de-2024-09-07-as-10.50.49_100c8804-300x166.jpg 300w, https:\/\/diariotribuna.com.br\/wp-content\/uploads\/2024\/09\/Imagem-do-WhatsApp-de-2024-09-07-as-10.50.49_100c8804-696x385.jpg 696w\" sizes=\"(max-width: 700px) 100vw, 700px\" \/><\/figure>\n\n\n\n<p>Segundo o Corpo de Bombeiros, na quinta-feira, 5 de setembro, por volta das 16h, dois vizinhos, visivelmente aflitos, chegaram \u00e0quela unidade levando uma crian\u00e7a de aproximadamente 4 anos que havia se afogado em uma piscina, em Ara\u00e7ua\u00ed. Ao avaliar a crian\u00e7a, os bombeiros agiram com rapidez e precis\u00e3o, pois ela apresentava cianose e estava em parada cardiorrespirat\u00f3ria (que consiste na perda da fun\u00e7\u00e3o card\u00edaca, respira\u00e7\u00e3o e consci\u00eancia).<\/p>\n\n\n\n<p>Os bombeiros iniciaram imediatamente as manobras de ressuscita\u00e7\u00e3o, utilizando oxig\u00eanio, desfibrilador e outros equipamentos essenciais de atendimento pr\u00e9-hospitalar. Com as manobras de ressuscita\u00e7\u00e3o em andamento, a crian\u00e7a, um menino, foi cuidadosamente transportado para o Hospital S\u00e3o Vicente de Paulo a bordo da Unidade de Resgate, ambul\u00e2ncia do Corpo de Bombeiros.<\/p>\n\n\n\n<p>Os bombeiros ressaltam que, o transporte foi feito com a maior urg\u00eancia poss\u00edvel, enquanto os socorristas continuavam a prestar os cuidados necess\u00e1rios. Mas, infelizmente, apesar dos esfor\u00e7os da equipe de emerg\u00eancia e dos m\u00e9dicos do hospital, a crian\u00e7a n\u00e3o resistiu e faleceu. O fato aconteceu na resid\u00eancia da fam\u00edlia da crian\u00e7a. (Informa\u00e7\u00f5es: assessoria de comunica\u00e7\u00e3o do CBMMG de Ara\u00e7ua\u00ed\/ Foto: Ilustrativa, CBMMG Ara\u00e7ua\u00ed).<\/p>\n","protected":false},"excerpt":{"rendered":"<p>Segundo o Corpo de Bombeiros, na quinta-feira, 5 de setembro, por volta das 16h, dois vizinhos, visivelmente aflitos, chegaram \u00e0quela unidade levando uma crian\u00e7a de aproximadamente 4 anos que havia se afogado em uma piscina, em Ara\u00e7ua\u00ed. Ao avaliar a crian\u00e7a, os bombeiros agiram com rapidez e precis\u00e3o, pois ela apresentava cianose e estava em [&hellip;]<\/p>\n","protected":false},"author":1,"featured_media":26221,"comment_status":"open","ping_status":"open","sticky":false,"template":"","format":"standard","meta":{"rop_custom_images_group":[],"rop_custom_messages_group":[],"rop_publish_now":"initial","rop_publish_now_accounts":[],"rop_publish_now_history":[],"rop_publish_now_status":"pending","footnotes":""},"categories":[25,18],"tags":[380,382,6589,1476,4580],"class_list":["post-26220","post","type-post","status-publish","format-standard","has-post-thumbnail","hentry","category-destaque","category-regiao","tag-aracuai","tag-corpo-de-bombeiros","tag-crianca-afogada","tag-obito","tag-piscina"],"_links":{"self":[{"href":"https:\/\/diariotribuna.com.br\/index.php?rest_route=\/wp\/v2\/posts\/26220"}],"collection":[{"href":"https:\/\/diariotribuna.com.br\/index.php?rest_route=\/wp\/v2\/posts"}],"about":[{"href":"https:\/\/diariotribuna.com.br\/index.php?rest_route=\/wp\/v2\/types\/post"}],"author":[{"embeddable":true,"href":"https:\/\/diariotribuna.com.br\/index.php?rest_route=\/wp\/v2\/users\/1"}],"replies":[{"embeddable":true,"href":"https:\/\/diariotribuna.com.br\/index.php?rest_route=%2Fwp%2Fv2%2Fcomments&post=26220"}],"version-history":[{"count":1,"href":"https:\/\/diariotribuna.com.br\/index.php?rest_route=\/wp\/v2\/posts\/26220\/revisions"}],"predecessor-version":[{"id":26222,"href":"https:\/\/diariotribuna.com.br\/index.php?rest_route=\/wp\/v2\/posts\/26220\/revisions\/26222"}],"wp:featuredmedia":[{"embeddable":true,"href":"https:\/\/diariotribuna.com.br\/index.php?rest_route=\/wp\/v2\/media\/26221"}],"wp:attachment":[{"href":"https:\/\/diariotribuna.com.br\/index.php?rest_route=%2Fwp%2Fv2%2Fmedia&parent=26220"}],"wp:term":[{"taxonomy":"category","embeddable":true,"href":"https:\/\/diariotribuna.com.br\/index.php?rest_route=%2Fwp%2Fv2%2Fcategories&post=26220"},{"taxonomy":"post_tag","embeddable":true,"href":"https:\/\/diariotribuna.com.br\/index.php?rest_route=%2Fwp%2Fv2%2Ftags&post=26220"}],"curies":[{"name":"wp","href":"https:\/\/api.w.org\/{rel}","templated":true}]}}