{"id":26223,"date":"2024-09-07T11:02:51","date_gmt":"2024-09-07T14:02:51","guid":{"rendered":"https:\/\/diariotribuna.com.br\/?p=26223"},"modified":"2024-09-07T11:02:52","modified_gmt":"2024-09-07T14:02:52","slug":"policia-civil-deflagra-operacao-colheita-e-apreende-150-pedras-de-crack-em-medina","status":"publish","type":"post","link":"https:\/\/diariotribuna.com.br\/?p=26223","title":{"rendered":"Pol\u00edcia Civil deflagra opera\u00e7\u00e3o Colheita e apreende 150 pedras de crack, em Medina"},"content":{"rendered":"\n<figure class=\"wp-block-image size-full is-resized is-style-default\"><img loading=\"lazy\" decoding=\"async\" width=\"604\" height=\"332\" src=\"https:\/\/diariotribuna.com.br\/wp-content\/uploads\/2024\/09\/0e766b19-c076-445e-832d-4fdaf5109c6b-1.jpg\" alt=\"\" class=\"wp-image-26226\" style=\"width:473px;height:auto\" srcset=\"https:\/\/diariotribuna.com.br\/wp-content\/uploads\/2024\/09\/0e766b19-c076-445e-832d-4fdaf5109c6b-1.jpg 604w, https:\/\/diariotribuna.com.br\/wp-content\/uploads\/2024\/09\/0e766b19-c076-445e-832d-4fdaf5109c6b-1-300x165.jpg 300w\" sizes=\"(max-width: 604px) 100vw, 604px\" \/><\/figure>\n\n\n\n<p>A Pol\u00edcia Civil realizou a opera\u00e7\u00e3o denominada \u201cColheita\u201d, na ter\u00e7a-feira (3\/9), com o objetivo de combater o tr\u00e1fico de drogas na cidade de Medina, na regi\u00e3o do Jequitinhonha. Segundo o delegado Thiago Carvalho, ap\u00f3s um trabalho de intelig\u00eancia da equipe da delegacia de Medina, os policiais identificaram a exist\u00eancia de entorpecentes escondidos em uma \u00e1rea de campo, na zona rural da cidade.<\/p>\n\n\n\n<p>Os policiais foram at\u00e9 o local para averigua\u00e7\u00e3o, e ap\u00f3s um trabalho de varredura no terreno, de dif\u00edcil acesso, localizaram um compartimento oculto, onde estavam armazenadas cerca de 150 pedras de crack, prontas para distribui\u00e7\u00e3o. Os entorpecentes foram encaminhados \u00e0 delegacia para medidas de pol\u00edcia judici\u00e1ria. Segundo a Pol\u00edcia Civil, ningu\u00e9m foi preso, mas as investiga\u00e7\u00f5es continuam. (Informa\u00e7\u00f5es\/Fotos: PCMG, dr. Thiago Carvalho).<\/p>\n\n\n\n<figure class=\"wp-block-image size-full is-resized is-style-default\"><img loading=\"lazy\" decoding=\"async\" width=\"700\" height=\"939\" src=\"https:\/\/diariotribuna.com.br\/wp-content\/uploads\/2024\/09\/73ca4bb5-5b66-4e54-8087-4935c65a0316-3.jpg\" alt=\"\" class=\"wp-image-26229\" style=\"width:256px;height:auto\" srcset=\"https:\/\/diariotribuna.com.br\/wp-content\/uploads\/2024\/09\/73ca4bb5-5b66-4e54-8087-4935c65a0316-3.jpg 700w, https:\/\/diariotribuna.com.br\/wp-content\/uploads\/2024\/09\/73ca4bb5-5b66-4e54-8087-4935c65a0316-3-224x300.jpg 224w, https:\/\/diariotribuna.com.br\/wp-content\/uploads\/2024\/09\/73ca4bb5-5b66-4e54-8087-4935c65a0316-3-696x934.jpg 696w, https:\/\/diariotribuna.com.br\/wp-content\/uploads\/2024\/09\/73ca4bb5-5b66-4e54-8087-4935c65a0316-3-313x420.jpg 313w\" sizes=\"(max-width: 700px) 100vw, 700px\" \/><\/figure>\n","protected":false},"excerpt":{"rendered":"<p>A Pol\u00edcia Civil realizou a opera\u00e7\u00e3o denominada \u201cColheita\u201d, na ter\u00e7a-feira (3\/9), com o objetivo de combater o tr\u00e1fico de drogas na cidade de Medina, na regi\u00e3o do Jequitinhonha. Segundo o delegado Thiago Carvalho, ap\u00f3s um trabalho de intelig\u00eancia da equipe da delegacia de Medina, os policiais identificaram a exist\u00eancia de entorpecentes escondidos em uma \u00e1rea [&hellip;]<\/p>\n","protected":false},"author":1,"featured_media":26226,"comment_status":"open","ping_status":"open","sticky":false,"template":"","format":"standard","meta":{"rop_custom_images_group":[],"rop_custom_messages_group":[],"rop_publish_now":"initial","rop_publish_now_accounts":[],"rop_publish_now_history":[],"rop_publish_now_status":"pending","footnotes":""},"categories":[20],"tags":[5376,79,6590,292],"class_list":["post-26223","post","type-post","status-publish","format-standard","has-post-thumbnail","hentry","category-policia","tag-crack","tag-medina","tag-operacao-colheita","tag-policia-civil"],"_links":{"self":[{"href":"https:\/\/diariotribuna.com.br\/index.php?rest_route=\/wp\/v2\/posts\/26223"}],"collection":[{"href":"https:\/\/diariotribuna.com.br\/index.php?rest_route=\/wp\/v2\/posts"}],"about":[{"href":"https:\/\/diariotribuna.com.br\/index.php?rest_route=\/wp\/v2\/types\/post"}],"author":[{"embeddable":true,"href":"https:\/\/diariotribuna.com.br\/index.php?rest_route=\/wp\/v2\/users\/1"}],"replies":[{"embeddable":true,"href":"https:\/\/diariotribuna.com.br\/index.php?rest_route=%2Fwp%2Fv2%2Fcomments&post=26223"}],"version-history":[{"count":1,"href":"https:\/\/diariotribuna.com.br\/index.php?rest_route=\/wp\/v2\/posts\/26223\/revisions"}],"predecessor-version":[{"id":26230,"href":"https:\/\/diariotribuna.com.br\/index.php?rest_route=\/wp\/v2\/posts\/26223\/revisions\/26230"}],"wp:featuredmedia":[{"embeddable":true,"href":"https:\/\/diariotribuna.com.br\/index.php?rest_route=\/wp\/v2\/media\/26226"}],"wp:attachment":[{"href":"https:\/\/diariotribuna.com.br\/index.php?rest_route=%2Fwp%2Fv2%2Fmedia&parent=26223"}],"wp:term":[{"taxonomy":"category","embeddable":true,"href":"https:\/\/diariotribuna.com.br\/index.php?rest_route=%2Fwp%2Fv2%2Fcategories&post=26223"},{"taxonomy":"post_tag","embeddable":true,"href":"https:\/\/diariotribuna.com.br\/index.php?rest_route=%2Fwp%2Fv2%2Ftags&post=26223"}],"curies":[{"name":"wp","href":"https:\/\/api.w.org\/{rel}","templated":true}]}}