{"id":26231,"date":"2024-09-07T23:57:19","date_gmt":"2024-09-08T02:57:19","guid":{"rendered":"https:\/\/diariotribuna.com.br\/?p=26231"},"modified":"2024-09-09T18:47:42","modified_gmt":"2024-09-09T21:47:42","slug":"policia-militar-registra-acidente-entre-carro-e-ciclista-em-itambacuri","status":"publish","type":"post","link":"https:\/\/diariotribuna.com.br\/?p=26231","title":{"rendered":"Pol\u00edcia Militar registra acidente entre carro e ciclista em Itambacuri"},"content":{"rendered":"\n<p><em><strong><em>A ciclista transportava uma crian\u00e7a de 3 anos; tenente Reinaldo Martins faz um alerta<\/em><\/strong><\/em><\/p>\n\n\n\n<figure class=\"wp-block-image size-full is-resized is-style-default\"><img loading=\"lazy\" decoding=\"async\" width=\"700\" height=\"452\" src=\"https:\/\/diariotribuna.com.br\/wp-content\/uploads\/2024\/09\/78f1a8b3-804b-44f7-9090-6ae48727f361.jpg\" alt=\"\" class=\"wp-image-26232\" style=\"width:436px;height:auto\" srcset=\"https:\/\/diariotribuna.com.br\/wp-content\/uploads\/2024\/09\/78f1a8b3-804b-44f7-9090-6ae48727f361.jpg 700w, https:\/\/diariotribuna.com.br\/wp-content\/uploads\/2024\/09\/78f1a8b3-804b-44f7-9090-6ae48727f361-300x194.jpg 300w, https:\/\/diariotribuna.com.br\/wp-content\/uploads\/2024\/09\/78f1a8b3-804b-44f7-9090-6ae48727f361-696x449.jpg 696w, https:\/\/diariotribuna.com.br\/wp-content\/uploads\/2024\/09\/78f1a8b3-804b-44f7-9090-6ae48727f361-650x420.jpg 650w\" sizes=\"(max-width: 700px) 100vw, 700px\" \/><\/figure>\n\n\n\n<p>A Pol\u00edcia Militar foi acionada no hospital Nossa Senhora dos Anjos, em Itambacuri, na sexta-feira (6\/9), para atender um acidente de tr\u00e2nsito envolvendo um ve\u00edculo Fiat Linea e uma bicicleta. Segundo o tenente Reinaldo Martins, na institui\u00e7\u00e3o de sa\u00fade a mulher queixava-se de dores no p\u00e9. \u201cFelizmente a crian\u00e7a de 3 anos n\u00e3o teve ferimentos, por\u00e9m o resultado poderia ser diferente\u201d, disse.<\/p>\n\n\n\n<p>Na vers\u00e3o do condutor do autom\u00f3vel, ele trafegava pela rua Doutor Jo\u00e3o Ant\u00f4nio, cruzamento com a rua Francisco Bessa, quando surgiu a bicicleta pela contram\u00e3o de dire\u00e7\u00e3o, n\u00e3o sendo poss\u00edvel desviar-se e aconteceu a colis\u00e3o que derrubou a mulher e a crian\u00e7a, que foram socorridas pelo pr\u00f3prio motorista. Segundo a ciclista, ela havia tentado desviar-se de um buraco, abalroou no carro e caiu.<\/p>\n\n\n\n<p>\u201cEssa ocorr\u00eancia reacende uma alerta, pois Itambacuri a exemplo de outras cidades da regi\u00e3o, possui um fluxo intenso de bicicletas, inclusive sendo utilizadas por estudantes crian\u00e7as e adolescentes, indo e voltando das escolas, por idosos, bem como no transporte de crian\u00e7as e at\u00e9 mesmo beb\u00eas muito pequenos\u201d, ressalta o tenente, enfatizando que, \u201cacidentes com crian\u00e7as podem causar les\u00f5es grav\u00edssimas devido a sua fragilidade, podendo provocar fraturas ou mesmo a morte caso batam com a cabe\u00e7a ao ch\u00e3o\u201d.<\/p>\n\n\n\n<p>O tenente destaca que, tem notado um costume de muitos ciclistas trafegarem pela contram\u00e3o, nas cal\u00e7adas, n\u00e3o observarem a prefer\u00eancia nos cruzamentos, atravessarem as vias sem olhar para os lados, dentre outras manobras muito perigosas. Alerta que, os ciclistas n\u00e3o podem trafegar de qualquer maneira sem se preocuparem com a seguran\u00e7a, acreditando que as caracter\u00edsticas da cidade de Itambacuri, plana e de baixa velocidade, v\u00e3o evitar acidentes graves. \u201cOcorr\u00eancias com ciclistas e pedestres podem incapacitar as v\u00edtimas por v\u00e1rios meses e muitas delas sequer conseguem se recuperar totalmente\u201d.<\/p>\n\n\n\n<p><strong>Ele faz um alerta e um pedido \u00e0s fam\u00edlias de Itambacuri e das demais cidades da regi\u00e3o. <\/strong>\u201cRedobrem os cuidados quando utilizarem as bicicletas. Preocupem-se com a sua seguran\u00e7a e dos demais. Sabemos que no tr\u00e2nsito os ve\u00edculos maiores s\u00e3o respons\u00e1veis pelos menores, os automotores pelos ciclistas e todos pelos pedestres. Mas lembrem-se que os ciclistas e os pedestres s\u00e3o os mais prejudicados nos sinistros\u201d, pontuou.<\/p>\n\n\n\n<p><strong>Outro pedido especial ele faz \u00e0queles que transportam crian\u00e7as, principalmente os beb\u00eas. <\/strong>\u201cBusquem formas de adquirir capacetes e outros equipamentos de seguran\u00e7a. Escolham hor\u00e1rios e ruas com menor fluxo, n\u00e3o transitem pela contram\u00e3o, sempre parem nos cruzamentos e atravessem somente na certeza de que os motoristas de ambas as dire\u00e7\u00f5es sinalizaram a sua prefer\u00eancia. Adotem a dire\u00e7\u00e3o defensiva, afinal est\u00e3o transportando o bem mais precioso e que deve ser protegido, que s\u00e3o as crian\u00e7as\u201d. (Tenente Reinaldo Martins, comandante do 1\u00ba Pelot\u00e3o\/ 155\u00aa Companhia de Itambacuri\/ Comandante da Companhia: Capit\u00e3o John\/ WhatsApp PM Itambacuri 3511-1190).<\/p>\n","protected":false},"excerpt":{"rendered":"<p>A ciclista transportava uma crian\u00e7a de 3 anos; tenente Reinaldo Martins faz um alerta A Pol\u00edcia Militar foi acionada no hospital Nossa Senhora dos Anjos, em Itambacuri, na sexta-feira (6\/9), para atender um acidente de tr\u00e2nsito envolvendo um ve\u00edculo Fiat Linea e uma bicicleta. Segundo o tenente Reinaldo Martins, na institui\u00e7\u00e3o de sa\u00fade a mulher [&hellip;]<\/p>\n","protected":false},"author":1,"featured_media":26232,"comment_status":"open","ping_status":"open","sticky":false,"template":"","format":"standard","meta":{"rop_custom_images_group":[],"rop_custom_messages_group":[],"rop_publish_now":"initial","rop_publish_now_accounts":[],"rop_publish_now_history":[],"rop_publish_now_status":"pending","footnotes":""},"categories":[18],"tags":[6591,688,96,76],"class_list":["post-26231","post","type-post","status-publish","format-standard","has-post-thumbnail","hentry","category-regiao","tag-carro-x-bicicleta","tag-colisao","tag-itambacuri","tag-policia-militar"],"_links":{"self":[{"href":"https:\/\/diariotribuna.com.br\/index.php?rest_route=\/wp\/v2\/posts\/26231"}],"collection":[{"href":"https:\/\/diariotribuna.com.br\/index.php?rest_route=\/wp\/v2\/posts"}],"about":[{"href":"https:\/\/diariotribuna.com.br\/index.php?rest_route=\/wp\/v2\/types\/post"}],"author":[{"embeddable":true,"href":"https:\/\/diariotribuna.com.br\/index.php?rest_route=\/wp\/v2\/users\/1"}],"replies":[{"embeddable":true,"href":"https:\/\/diariotribuna.com.br\/index.php?rest_route=%2Fwp%2Fv2%2Fcomments&post=26231"}],"version-history":[{"count":2,"href":"https:\/\/diariotribuna.com.br\/index.php?rest_route=\/wp\/v2\/posts\/26231\/revisions"}],"predecessor-version":[{"id":26235,"href":"https:\/\/diariotribuna.com.br\/index.php?rest_route=\/wp\/v2\/posts\/26231\/revisions\/26235"}],"wp:featuredmedia":[{"embeddable":true,"href":"https:\/\/diariotribuna.com.br\/index.php?rest_route=\/wp\/v2\/media\/26232"}],"wp:attachment":[{"href":"https:\/\/diariotribuna.com.br\/index.php?rest_route=%2Fwp%2Fv2%2Fmedia&parent=26231"}],"wp:term":[{"taxonomy":"category","embeddable":true,"href":"https:\/\/diariotribuna.com.br\/index.php?rest_route=%2Fwp%2Fv2%2Fcategories&post=26231"},{"taxonomy":"post_tag","embeddable":true,"href":"https:\/\/diariotribuna.com.br\/index.php?rest_route=%2Fwp%2Fv2%2Ftags&post=26231"}],"curies":[{"name":"wp","href":"https:\/\/api.w.org\/{rel}","templated":true}]}}