{"id":26236,"date":"2024-09-08T23:58:20","date_gmt":"2024-09-09T02:58:20","guid":{"rendered":"https:\/\/diariotribuna.com.br\/?p=26236"},"modified":"2024-09-08T23:59:32","modified_gmt":"2024-09-09T02:59:32","slug":"justica-federal-de-teofilo-otoni-promove-visitas-institucionais-em-aracuai-e-medina","status":"publish","type":"post","link":"https:\/\/diariotribuna.com.br\/?p=26236","title":{"rendered":"Justi\u00e7a Federal de Te\u00f3filo Otoni promove visitas institucionais em Ara\u00e7ua\u00ed e Medina"},"content":{"rendered":"\n<figure class=\"wp-block-gallery has-nested-images columns-default is-cropped wp-block-gallery-1 is-layout-flex wp-block-gallery-is-layout-flex\">\n<figure class=\"wp-block-image size-large is-style-default\"><img loading=\"lazy\" decoding=\"async\" width=\"700\" height=\"426\" data-id=\"26239\" src=\"https:\/\/diariotribuna.com.br\/wp-content\/uploads\/2024\/09\/4-2.jpg\" alt=\"\" class=\"wp-image-26239\" srcset=\"https:\/\/diariotribuna.com.br\/wp-content\/uploads\/2024\/09\/4-2.jpg 700w, https:\/\/diariotribuna.com.br\/wp-content\/uploads\/2024\/09\/4-2-300x183.jpg 300w, https:\/\/diariotribuna.com.br\/wp-content\/uploads\/2024\/09\/4-2-696x424.jpg 696w, https:\/\/diariotribuna.com.br\/wp-content\/uploads\/2024\/09\/4-2-690x420.jpg 690w\" sizes=\"(max-width: 700px) 100vw, 700px\" \/><\/figure>\n\n\n\n<figure class=\"wp-block-image size-large is-style-default\"><img loading=\"lazy\" decoding=\"async\" width=\"700\" height=\"429\" data-id=\"26241\" src=\"https:\/\/diariotribuna.com.br\/wp-content\/uploads\/2024\/09\/5-1.jpg\" alt=\"\" class=\"wp-image-26241\" srcset=\"https:\/\/diariotribuna.com.br\/wp-content\/uploads\/2024\/09\/5-1.jpg 700w, https:\/\/diariotribuna.com.br\/wp-content\/uploads\/2024\/09\/5-1-300x184.jpg 300w, https:\/\/diariotribuna.com.br\/wp-content\/uploads\/2024\/09\/5-1-696x427.jpg 696w, https:\/\/diariotribuna.com.br\/wp-content\/uploads\/2024\/09\/5-1-685x420.jpg 685w\" sizes=\"(max-width: 700px) 100vw, 700px\" \/><\/figure>\n\n\n\n<figure class=\"wp-block-image size-large is-style-default\"><img loading=\"lazy\" decoding=\"async\" width=\"700\" height=\"441\" data-id=\"26238\" src=\"https:\/\/diariotribuna.com.br\/wp-content\/uploads\/2024\/09\/3-1.jpg\" alt=\"\" class=\"wp-image-26238\" srcset=\"https:\/\/diariotribuna.com.br\/wp-content\/uploads\/2024\/09\/3-1.jpg 700w, https:\/\/diariotribuna.com.br\/wp-content\/uploads\/2024\/09\/3-1-300x189.jpg 300w, https:\/\/diariotribuna.com.br\/wp-content\/uploads\/2024\/09\/3-1-696x438.jpg 696w, https:\/\/diariotribuna.com.br\/wp-content\/uploads\/2024\/09\/3-1-667x420.jpg 667w\" sizes=\"(max-width: 700px) 100vw, 700px\" \/><\/figure>\n\n\n\n<figure class=\"wp-block-image size-large is-style-default\"><img loading=\"lazy\" decoding=\"async\" width=\"700\" height=\"447\" data-id=\"26240\" src=\"https:\/\/diariotribuna.com.br\/wp-content\/uploads\/2024\/09\/2-4.jpg\" alt=\"\" class=\"wp-image-26240\" srcset=\"https:\/\/diariotribuna.com.br\/wp-content\/uploads\/2024\/09\/2-4.jpg 700w, https:\/\/diariotribuna.com.br\/wp-content\/uploads\/2024\/09\/2-4-300x192.jpg 300w, https:\/\/diariotribuna.com.br\/wp-content\/uploads\/2024\/09\/2-4-696x444.jpg 696w, https:\/\/diariotribuna.com.br\/wp-content\/uploads\/2024\/09\/2-4-658x420.jpg 658w\" sizes=\"(max-width: 700px) 100vw, 700px\" \/><\/figure>\n\n\n\n<figure class=\"wp-block-image size-large is-style-default\"><img loading=\"lazy\" decoding=\"async\" width=\"700\" height=\"435\" data-id=\"26242\" src=\"https:\/\/diariotribuna.com.br\/wp-content\/uploads\/2024\/09\/1-3.jpg\" alt=\"\" class=\"wp-image-26242\" srcset=\"https:\/\/diariotribuna.com.br\/wp-content\/uploads\/2024\/09\/1-3.jpg 700w, https:\/\/diariotribuna.com.br\/wp-content\/uploads\/2024\/09\/1-3-300x186.jpg 300w, https:\/\/diariotribuna.com.br\/wp-content\/uploads\/2024\/09\/1-3-356x220.jpg 356w, https:\/\/diariotribuna.com.br\/wp-content\/uploads\/2024\/09\/1-3-696x433.jpg 696w, https:\/\/diariotribuna.com.br\/wp-content\/uploads\/2024\/09\/1-3-676x420.jpg 676w\" sizes=\"(max-width: 700px) 100vw, 700px\" \/><\/figure>\n<\/figure>\n\n\n\n<p>A Justi\u00e7a Federal realizou nos dias 28 e 29 de agosto, visitas institucionais \u00e0s cidades de Ara\u00e7ua\u00ed e Medina, no Vale do Jequitinhonha, com o principal prop\u00f3sito de inspecionar fisicamente as condi\u00e7\u00f5es de funcionamento das Unidades Avan\u00e7adas de Atendimento da Subse\u00e7\u00e3o Judici\u00e1ria de Te\u00f3filo Otoni.<\/p>\n\n\n\n<p>A oportunidade do encontro se mostrou surpreendente no sentido de ouvir pessoalmente os advogados, servidores, peritos judiciais, autoridades locais, bem como relatos de jurisdicionados atendidos nesses locais, engrandecendo o direito fundamental de acesso ao Poder Judici\u00e1rio. A busca pelo aperfei\u00e7oamento dos servi\u00e7os prestados e o refor\u00e7o das parcerias institucionais s\u00e3o indispens\u00e1veis o devido funcionamento e manuten\u00e7\u00e3o do programa que leva Justi\u00e7a Federal para al\u00e9m da sede f\u00edsica na cidade de Te\u00f3filo Otoni.<\/p>\n\n\n\n<figure class=\"wp-block-gallery has-nested-images columns-default is-cropped wp-block-gallery-2 is-layout-flex wp-block-gallery-is-layout-flex\">\n<figure class=\"wp-block-image size-large is-style-default\"><img loading=\"lazy\" decoding=\"async\" width=\"700\" height=\"461\" data-id=\"26250\" src=\"https:\/\/diariotribuna.com.br\/wp-content\/uploads\/2024\/09\/8-2.jpg\" alt=\"\" class=\"wp-image-26250\" srcset=\"https:\/\/diariotribuna.com.br\/wp-content\/uploads\/2024\/09\/8-2.jpg 700w, https:\/\/diariotribuna.com.br\/wp-content\/uploads\/2024\/09\/8-2-300x198.jpg 300w, https:\/\/diariotribuna.com.br\/wp-content\/uploads\/2024\/09\/8-2-696x458.jpg 696w, https:\/\/diariotribuna.com.br\/wp-content\/uploads\/2024\/09\/8-2-638x420.jpg 638w\" sizes=\"(max-width: 700px) 100vw, 700px\" \/><\/figure>\n\n\n\n<figure class=\"wp-block-image size-large is-style-default\"><img loading=\"lazy\" decoding=\"async\" width=\"600\" height=\"341\" data-id=\"26251\" src=\"https:\/\/diariotribuna.com.br\/wp-content\/uploads\/2024\/09\/9-2.jpg\" alt=\"\" class=\"wp-image-26251\" srcset=\"https:\/\/diariotribuna.com.br\/wp-content\/uploads\/2024\/09\/9-2.jpg 600w, https:\/\/diariotribuna.com.br\/wp-content\/uploads\/2024\/09\/9-2-300x171.jpg 300w\" sizes=\"(max-width: 600px) 100vw, 600px\" \/><\/figure>\n\n\n\n<figure class=\"wp-block-image size-large is-style-default\"><img loading=\"lazy\" decoding=\"async\" width=\"700\" height=\"452\" data-id=\"26252\" src=\"https:\/\/diariotribuna.com.br\/wp-content\/uploads\/2024\/09\/10-1.jpg\" alt=\"\" class=\"wp-image-26252\" srcset=\"https:\/\/diariotribuna.com.br\/wp-content\/uploads\/2024\/09\/10-1.jpg 700w, https:\/\/diariotribuna.com.br\/wp-content\/uploads\/2024\/09\/10-1-300x194.jpg 300w, https:\/\/diariotribuna.com.br\/wp-content\/uploads\/2024\/09\/10-1-696x449.jpg 696w, https:\/\/diariotribuna.com.br\/wp-content\/uploads\/2024\/09\/10-1-650x420.jpg 650w\" sizes=\"(max-width: 700px) 100vw, 700px\" \/><\/figure>\n\n\n\n<figure class=\"wp-block-image size-large is-style-default\"><img loading=\"lazy\" decoding=\"async\" width=\"700\" height=\"389\" data-id=\"26254\" src=\"https:\/\/diariotribuna.com.br\/wp-content\/uploads\/2024\/09\/6-1.jpg\" alt=\"\" class=\"wp-image-26254\" srcset=\"https:\/\/diariotribuna.com.br\/wp-content\/uploads\/2024\/09\/6-1.jpg 700w, https:\/\/diariotribuna.com.br\/wp-content\/uploads\/2024\/09\/6-1-300x167.jpg 300w, https:\/\/diariotribuna.com.br\/wp-content\/uploads\/2024\/09\/6-1-696x387.jpg 696w\" sizes=\"(max-width: 700px) 100vw, 700px\" \/><\/figure>\n\n\n\n<figure class=\"wp-block-image size-large is-style-default\"><img loading=\"lazy\" decoding=\"async\" width=\"700\" height=\"438\" data-id=\"26253\" src=\"https:\/\/diariotribuna.com.br\/wp-content\/uploads\/2024\/09\/7-1.jpg\" alt=\"\" class=\"wp-image-26253\" srcset=\"https:\/\/diariotribuna.com.br\/wp-content\/uploads\/2024\/09\/7-1.jpg 700w, https:\/\/diariotribuna.com.br\/wp-content\/uploads\/2024\/09\/7-1-300x188.jpg 300w, https:\/\/diariotribuna.com.br\/wp-content\/uploads\/2024\/09\/7-1-696x435.jpg 696w, https:\/\/diariotribuna.com.br\/wp-content\/uploads\/2024\/09\/7-1-671x420.jpg 671w\" sizes=\"(max-width: 700px) 100vw, 700px\" \/><\/figure>\n<\/figure>\n\n\n\n<p>O juiz federal, dr. Ant\u00f4nio L\u00facio T\u00falio de Oliviera Barbosa e a Diretora de Secretaria, Emanuela Martins, ora em substitui\u00e7\u00e3o, expuseram \u00e0s autoridades e comunidade jur\u00eddica os resultados atualizados obtidos em cada uma das unidades, de Ara\u00e7ua\u00ed e Medina, revelando por exemplo a finaliza\u00e7\u00e3o de mais de 90% dos casos que v\u00e3o sendo continuamente apresentados \u00e0 Justi\u00e7a Federal.<\/p>\n\n\n\n<p>A parceria, pioneira em Te\u00f3filo Otoni, hoje encontra-se regulamentada pelo Conselho Nacional de Justi\u00e7a (CNJ) atrav\u00e9s da Resolu\u00e7\u00e3o 508\/2023 e Resolu\u00e7\u00e3o n\u00ba 2 do Tribunal Regional Federal da 6\u00aa Regi\u00e3o. (Informa\u00e7\u00f5es\/Fotos: Subse\u00e7\u00e3o Judici\u00e1ria de Te\u00f3filo Otoni).<\/p>\n","protected":false},"excerpt":{"rendered":"<p>A Justi\u00e7a Federal realizou nos dias 28 e 29 de agosto, visitas institucionais \u00e0s cidades de Ara\u00e7ua\u00ed e Medina, no Vale do Jequitinhonha, com o principal prop\u00f3sito de inspecionar fisicamente as condi\u00e7\u00f5es de funcionamento das Unidades Avan\u00e7adas de Atendimento da Subse\u00e7\u00e3o Judici\u00e1ria de Te\u00f3filo Otoni. A oportunidade do encontro se mostrou surpreendente no sentido de [&hellip;]<\/p>\n","protected":false},"author":1,"featured_media":26253,"comment_status":"open","ping_status":"open","sticky":false,"template":"","format":"standard","meta":{"rop_custom_images_group":[],"rop_custom_messages_group":[],"rop_publish_now":"initial","rop_publish_now_accounts":[],"rop_publish_now_history":[],"rop_publish_now_status":"pending","footnotes":""},"categories":[31],"tags":[380,4916,79,75,6592],"class_list":["post-26236","post","type-post","status-publish","format-standard","has-post-thumbnail","hentry","category-juridico","tag-aracuai","tag-justica-federal","tag-medina","tag-teofilo-otoni","tag-visitas-institucionais"],"_links":{"self":[{"href":"https:\/\/diariotribuna.com.br\/index.php?rest_route=\/wp\/v2\/posts\/26236"}],"collection":[{"href":"https:\/\/diariotribuna.com.br\/index.php?rest_route=\/wp\/v2\/posts"}],"about":[{"href":"https:\/\/diariotribuna.com.br\/index.php?rest_route=\/wp\/v2\/types\/post"}],"author":[{"embeddable":true,"href":"https:\/\/diariotribuna.com.br\/index.php?rest_route=\/wp\/v2\/users\/1"}],"replies":[{"embeddable":true,"href":"https:\/\/diariotribuna.com.br\/index.php?rest_route=%2Fwp%2Fv2%2Fcomments&post=26236"}],"version-history":[{"count":1,"href":"https:\/\/diariotribuna.com.br\/index.php?rest_route=\/wp\/v2\/posts\/26236\/revisions"}],"predecessor-version":[{"id":26255,"href":"https:\/\/diariotribuna.com.br\/index.php?rest_route=\/wp\/v2\/posts\/26236\/revisions\/26255"}],"wp:featuredmedia":[{"embeddable":true,"href":"https:\/\/diariotribuna.com.br\/index.php?rest_route=\/wp\/v2\/media\/26253"}],"wp:attachment":[{"href":"https:\/\/diariotribuna.com.br\/index.php?rest_route=%2Fwp%2Fv2%2Fmedia&parent=26236"}],"wp:term":[{"taxonomy":"category","embeddable":true,"href":"https:\/\/diariotribuna.com.br\/index.php?rest_route=%2Fwp%2Fv2%2Fcategories&post=26236"},{"taxonomy":"post_tag","embeddable":true,"href":"https:\/\/diariotribuna.com.br\/index.php?rest_route=%2Fwp%2Fv2%2Ftags&post=26236"}],"curies":[{"name":"wp","href":"https:\/\/api.w.org\/{rel}","templated":true}]}}