{"id":26881,"date":"2024-10-12T12:59:22","date_gmt":"2024-10-12T15:59:22","guid":{"rendered":"https:\/\/diariotribuna.com.br\/?p=26881"},"modified":"2024-10-12T13:00:21","modified_gmt":"2024-10-12T16:00:21","slug":"queda-de-helicoptero-dos-bombeiros-em-ouro-preto-governo-de-minas-emite-nota-a-imprensa","status":"publish","type":"post","link":"https:\/\/diariotribuna.com.br\/?p=26881","title":{"rendered":"Queda de helic\u00f3ptero dos Bombeiros em Ouro Preto: Governo de Minas emite nota \u00e0 imprensa"},"content":{"rendered":"\n<p><strong><em>Comunicado emitido pelo Governo de Minas \u00e0s 11h25 deste s\u00e1bado, 12 de outubro de 2024<\/em><\/strong><\/p>\n\n\n\n<figure class=\"wp-block-image size-full is-resized is-style-default\"><img loading=\"lazy\" decoding=\"async\" width=\"700\" height=\"434\" src=\"https:\/\/diariotribuna.com.br\/wp-content\/uploads\/2024\/10\/Captura-de-tela-2024-10-12-124049.png\" alt=\"\" class=\"wp-image-26882\" style=\"width:561px;height:auto\" srcset=\"https:\/\/diariotribuna.com.br\/wp-content\/uploads\/2024\/10\/Captura-de-tela-2024-10-12-124049.png 700w, https:\/\/diariotribuna.com.br\/wp-content\/uploads\/2024\/10\/Captura-de-tela-2024-10-12-124049-300x186.png 300w, https:\/\/diariotribuna.com.br\/wp-content\/uploads\/2024\/10\/Captura-de-tela-2024-10-12-124049-356x220.png 356w, https:\/\/diariotribuna.com.br\/wp-content\/uploads\/2024\/10\/Captura-de-tela-2024-10-12-124049-696x432.png 696w, https:\/\/diariotribuna.com.br\/wp-content\/uploads\/2024\/10\/Captura-de-tela-2024-10-12-124049-677x420.png 677w\" sizes=\"(max-width: 700px) 100vw, 700px\" \/><figcaption class=\"wp-element-caption\"><strong>V\u00edtimas do acidente a\u00e9reo em Ouro Preto &#8211; MG (Foto: Divulga\u00e7\u00e3o)<\/strong><\/figcaption><\/figure>\n\n\n\n<p>\u00c9 com profundo pesar que o\u00a0<a href=\"http:\/\/www.mg.gov.br\/\" target=\"_blank\" rel=\"noreferrer noopener\">Governo de Minas Gerais<\/a>\u00a0comunica que ir\u00e1 decretar <strong>luto oficial de tr\u00eas dias em raz\u00e3o de tr\u00e1gico acidente ocorrido em Ouro Preto<\/strong>, na regi\u00e3o Central do Estado, que resultou na perda irrepar\u00e1vel de quatro militares do\u00a0<a href=\"http:\/\/www.bombeiros.mg.gov.br\/\" target=\"_blank\" rel=\"noreferrer noopener\">Corpo de Bombeiros Militar de Minas Gerais (CBMMG)<\/a>\u00a0e de dois socorristas do Servi\u00e7o de Atendimento M\u00f3vel de Urg\u00eancia (SAMU) que dedicaram suas vidas ao servi\u00e7o p\u00fablico e \u00e0 prote\u00e7\u00e3o dos mineiros. No momento do acidente, os seis participavam da busca de uma aeronave monomotor que havia ca\u00eddo nessa sexta-feira (11\/10).<\/p>\n\n\n\n<pre class=\"wp-block-verse\"><strong>A tripula\u00e7\u00e3o da aeronave era integrada pelo capit\u00e3o Wilker, tenente Victor, sargento Wellerson, sargento Gabriel, m\u00e9dico Rodrigo Trindade e o enfermeiro Bruno Sud\u00e1rio.<\/strong><\/pre>\n\n\n\n<p>Neste momento de consterna\u00e7\u00e3o, Minas Gerais se solidariza com as fam\u00edlias, amigos e colegas de trabalho dessas valorosas vidas que partiram de forma abrupta. Que suas trajet\u00f3rias de coragem sejam lembradas e honradas para sempre. Que o conforto e a for\u00e7a alcancem a todos os que foram atingidos por essa trag\u00e9dia.&nbsp;<\/p>\n\n\n\n<p>O Governo de Minas informa que presta todo o apoio necess\u00e1rio \u00e0s fam\u00edlias e continuar\u00e1 a trabalhar incansavelmente para o resgate das v\u00edtimas e apoio nas investiga\u00e7\u00f5es. Por meio\u00a0de canais oficiais, o governador Romeu Zema e o vice-governador\u00a0Professor Mateus lamentaram a tr\u00e1gica perda da equipe neste acidente, enquanto cumpriam nobre miss\u00e3o de resgate em Ouro Preto.<\/p>\n\n\n\n<p><em><strong>&#8220;Minha solidariedade e ora\u00e7\u00f5es est\u00e3o com os familiares e amigos nesse momento t\u00e3o dif\u00edcil&#8221;<\/strong>, disse o governador. <strong>&#8220;Minas em luto por tr\u00eas dias. Meus sentimentos \u00e0s fam\u00edlias. For\u00e7a e ora\u00e7\u00e3o a todos&#8221;<\/strong>, refor\u00e7ou Professor Mateus.<\/em><\/p>\n","protected":false},"excerpt":{"rendered":"<p>Comunicado emitido pelo Governo de Minas \u00e0s 11h25 deste s\u00e1bado, 12 de outubro de 2024 \u00c9 com profundo pesar que o\u00a0Governo de Minas Gerais\u00a0comunica que ir\u00e1 decretar luto oficial de tr\u00eas dias em raz\u00e3o de tr\u00e1gico acidente ocorrido em Ouro Preto, na regi\u00e3o Central do Estado, que resultou na perda irrepar\u00e1vel de quatro militares do\u00a0Corpo [&hellip;]<\/p>\n","protected":false},"author":1,"featured_media":26882,"comment_status":"open","ping_status":"open","sticky":false,"template":"","format":"standard","meta":{"rop_custom_images_group":[],"rop_custom_messages_group":[],"rop_publish_now":"initial","rop_publish_now_accounts":[],"rop_publish_now_history":[],"rop_publish_now_status":"pending","footnotes":""},"categories":[19],"tags":[4905,1383,1005,1440,788],"class_list":["post-26881","post","type-post","status-publish","format-standard","has-post-thumbnail","hentry","category-gerais","tag-acidente-aereo","tag-bombeiros","tag-mg","tag-ouro-preto","tag-samu"],"_links":{"self":[{"href":"https:\/\/diariotribuna.com.br\/index.php?rest_route=\/wp\/v2\/posts\/26881"}],"collection":[{"href":"https:\/\/diariotribuna.com.br\/index.php?rest_route=\/wp\/v2\/posts"}],"about":[{"href":"https:\/\/diariotribuna.com.br\/index.php?rest_route=\/wp\/v2\/types\/post"}],"author":[{"embeddable":true,"href":"https:\/\/diariotribuna.com.br\/index.php?rest_route=\/wp\/v2\/users\/1"}],"replies":[{"embeddable":true,"href":"https:\/\/diariotribuna.com.br\/index.php?rest_route=%2Fwp%2Fv2%2Fcomments&post=26881"}],"version-history":[{"count":1,"href":"https:\/\/diariotribuna.com.br\/index.php?rest_route=\/wp\/v2\/posts\/26881\/revisions"}],"predecessor-version":[{"id":26883,"href":"https:\/\/diariotribuna.com.br\/index.php?rest_route=\/wp\/v2\/posts\/26881\/revisions\/26883"}],"wp:featuredmedia":[{"embeddable":true,"href":"https:\/\/diariotribuna.com.br\/index.php?rest_route=\/wp\/v2\/media\/26882"}],"wp:attachment":[{"href":"https:\/\/diariotribuna.com.br\/index.php?rest_route=%2Fwp%2Fv2%2Fmedia&parent=26881"}],"wp:term":[{"taxonomy":"category","embeddable":true,"href":"https:\/\/diariotribuna.com.br\/index.php?rest_route=%2Fwp%2Fv2%2Fcategories&post=26881"},{"taxonomy":"post_tag","embeddable":true,"href":"https:\/\/diariotribuna.com.br\/index.php?rest_route=%2Fwp%2Fv2%2Ftags&post=26881"}],"curies":[{"name":"wp","href":"https:\/\/api.w.org\/{rel}","templated":true}]}}