{"id":26888,"date":"2024-10-12T19:03:20","date_gmt":"2024-10-12T22:03:20","guid":{"rendered":"https:\/\/diariotribuna.com.br\/?p=26888"},"modified":"2024-10-17T23:20:51","modified_gmt":"2024-10-18T02:20:51","slug":"morre-no-hospital-homem-que-foi-alvejado-a-tiros-apos-esbocar-reacao-a-abordagem-da-pm","status":"publish","type":"post","link":"https:\/\/diariotribuna.com.br\/?p=26888","title":{"rendered":"Morre no hospital homem que foi alvejado a tiros ap\u00f3s esbo\u00e7ar rea\u00e7\u00e3o a abordagem da PM"},"content":{"rendered":"\n<figure class=\"wp-block-image size-full is-resized is-style-default\"><img loading=\"lazy\" decoding=\"async\" width=\"691\" height=\"402\" src=\"https:\/\/diariotribuna.com.br\/wp-content\/uploads\/2024\/10\/Captura-de-tela-2024-10-12-190040.png\" alt=\"\" class=\"wp-image-26894\" style=\"width:459px;height:auto\" srcset=\"https:\/\/diariotribuna.com.br\/wp-content\/uploads\/2024\/10\/Captura-de-tela-2024-10-12-190040.png 691w, https:\/\/diariotribuna.com.br\/wp-content\/uploads\/2024\/10\/Captura-de-tela-2024-10-12-190040-300x175.png 300w\" sizes=\"(max-width: 691px) 100vw, 691px\" \/><\/figure>\n\n\n\n<p><strong>Te\u00f3filo Otoni &#8211;<\/strong>\u00a0O fato ocorreu na noite de sexta-feira (11\/10), no bairro Bela Vista, em Te\u00f3filo Otoni, em um pontilh\u00e3o que d\u00e1 acesso \u00e0 BR 116. Uma opera\u00e7\u00e3o da Pol\u00edcia Militar no local resultou em um homem baleado, socorrido e encaminhado ao Hospital Santa Ros\u00e1lia, mas ele n\u00e3o resistiu e morreu na manh\u00e3 deste s\u00e1bado (12). Trata-se de <strong>Carlos Daniel Ferreira dos Santos, de 24 anos<\/strong>. Segundo a PM, n\u00e3o houve troca de tiros, o que aconteceu foi que Carlos Daniel esbo\u00e7ou uma rea\u00e7\u00e3o no momento da abordagem.<\/p>\n\n\n\n<p>O subcomandante do 19\u00ba Batalh\u00e3o de Pol\u00edcia Militar de Te\u00f3filo Otoni, major Paulo Brant explica que a Pol\u00edcia Militar recebeu informa\u00e7\u00f5es de que Carlos Daniel poderia estar homiziado em uma resid\u00eancia no bairro Bela Vista, e havia tamb\u00e9m a possibilidade de que ele estivesse no local do homic\u00eddio ocorrido semana passada no bairro Manoel Pimenta (Morro Eucalipto), quando alguns indiv\u00edduos usando supostamente fardas da PM, fizeram abordagens e executaram um homem a tiros.<\/p>\n\n\n\n<figure class=\"wp-block-image size-full is-resized is-style-default\"><img loading=\"lazy\" decoding=\"async\" width=\"700\" height=\"398\" src=\"https:\/\/diariotribuna.com.br\/wp-content\/uploads\/2024\/10\/Imagem-do-WhatsApp-de-2024-10-12-as-09.09.44_9cdbb884-2.jpg\" alt=\"\" class=\"wp-image-26893\" style=\"width:399px;height:auto\" srcset=\"https:\/\/diariotribuna.com.br\/wp-content\/uploads\/2024\/10\/Imagem-do-WhatsApp-de-2024-10-12-as-09.09.44_9cdbb884-2.jpg 700w, https:\/\/diariotribuna.com.br\/wp-content\/uploads\/2024\/10\/Imagem-do-WhatsApp-de-2024-10-12-as-09.09.44_9cdbb884-2-300x171.jpg 300w, https:\/\/diariotribuna.com.br\/wp-content\/uploads\/2024\/10\/Imagem-do-WhatsApp-de-2024-10-12-as-09.09.44_9cdbb884-2-696x396.jpg 696w\" sizes=\"(max-width: 700px) 100vw, 700px\" \/><\/figure>\n\n\n\n<p>Segundo o subcomandante, quando as equipes T\u00e1tico M\u00f3vel do 19\u00ba BPM e Rotam de Belo Horizonte, apoiados pela diretoria de intelig\u00eancia encaminhada pelo comando geral, chegaram no bairro Bela Vista, na tentativa de abordar Carlos Daniel, ele esbo\u00e7ou uma rea\u00e7\u00e3o, tendo os militares respondido com utiliza\u00e7\u00e3o de arma de fogo. \u201cPosteriormente, ao adentrar \u00e0 casa onde ele estava homiziado, ali foram encontrados: <strong>vasta quantidade de drogas, dinheiro e um colete bal\u00edstico com placa de cer\u00e2mica\u201d,<\/strong> disse Brant, acrescentando ainda que Carlos Daniel estava com uma pistola 9mm, durante a abordagem.<\/p>\n\n\n\n<figure class=\"wp-block-image size-full is-resized is-style-default\"><img loading=\"lazy\" decoding=\"async\" width=\"700\" height=\"680\" src=\"https:\/\/diariotribuna.com.br\/wp-content\/uploads\/2024\/10\/Imagem-do-WhatsApp-de-2024-10-12-as-09.09.46_5e302826-1.jpg\" alt=\"\" class=\"wp-image-26891\" style=\"width:347px;height:auto\" srcset=\"https:\/\/diariotribuna.com.br\/wp-content\/uploads\/2024\/10\/Imagem-do-WhatsApp-de-2024-10-12-as-09.09.46_5e302826-1.jpg 700w, https:\/\/diariotribuna.com.br\/wp-content\/uploads\/2024\/10\/Imagem-do-WhatsApp-de-2024-10-12-as-09.09.46_5e302826-1-300x291.jpg 300w, https:\/\/diariotribuna.com.br\/wp-content\/uploads\/2024\/10\/Imagem-do-WhatsApp-de-2024-10-12-as-09.09.46_5e302826-1-696x676.jpg 696w, https:\/\/diariotribuna.com.br\/wp-content\/uploads\/2024\/10\/Imagem-do-WhatsApp-de-2024-10-12-as-09.09.46_5e302826-1-432x420.jpg 432w\" sizes=\"(max-width: 700px) 100vw, 700px\" \/><\/figure>\n\n\n\n<p><strong>No local ainda foram encontradas fardas semelhantes \u00e0s que s\u00e3o utilizadas pela PMMG,<\/strong> segundo o subcomandante, o que levaria a crer que seriam as fardas utilizadas no dia do homic\u00eddio no Morro Eucalipto. Brant pontua que, \u201cpelo vasto material que foi apreendido, n\u00e3o resta d\u00favida de que Carlos Daniel estaria ligado \u00e0 fac\u00e7\u00e3o denominada FTO (Fam\u00edlia Te\u00f3filo Otoni). Ele era irm\u00e3o de outro indiv\u00edduo que, h\u00e1 alguns meses, morreu em uma ocorr\u00eancia semelhante, quando reagiu a uma abordagem da PM e foi alvejado a tiros\u201d. (Colaborou, informa\u00e7\u00f5es\/imagens: Elvis Passos).<\/p>\n","protected":false},"excerpt":{"rendered":"<p>Te\u00f3filo Otoni &#8211;\u00a0O fato ocorreu na noite de sexta-feira (11\/10), no bairro Bela Vista, em Te\u00f3filo Otoni, em um pontilh\u00e3o que d\u00e1 acesso \u00e0 BR 116. Uma opera\u00e7\u00e3o da Pol\u00edcia Militar no local resultou em um homem baleado, socorrido e encaminhado ao Hospital Santa Ros\u00e1lia, mas ele n\u00e3o resistiu e morreu na manh\u00e3 deste s\u00e1bado [&hellip;]<\/p>\n","protected":false},"author":1,"featured_media":26894,"comment_status":"open","ping_status":"open","sticky":false,"template":"","format":"standard","meta":{"rop_custom_images_group":[],"rop_custom_messages_group":[],"rop_publish_now":"initial","rop_publish_now_accounts":[],"rop_publish_now_history":[],"rop_publish_now_status":"pending","footnotes":""},"categories":[20],"tags":[6701,753,4445,107,76,75],"class_list":["post-26888","post","type-post","status-publish","format-standard","has-post-thumbnail","hentry","category-policia","tag-bandido-x-pm","tag-bela-vista","tag-confronto","tag-homicidio","tag-policia-militar","tag-teofilo-otoni"],"_links":{"self":[{"href":"https:\/\/diariotribuna.com.br\/index.php?rest_route=\/wp\/v2\/posts\/26888"}],"collection":[{"href":"https:\/\/diariotribuna.com.br\/index.php?rest_route=\/wp\/v2\/posts"}],"about":[{"href":"https:\/\/diariotribuna.com.br\/index.php?rest_route=\/wp\/v2\/types\/post"}],"author":[{"embeddable":true,"href":"https:\/\/diariotribuna.com.br\/index.php?rest_route=\/wp\/v2\/users\/1"}],"replies":[{"embeddable":true,"href":"https:\/\/diariotribuna.com.br\/index.php?rest_route=%2Fwp%2Fv2%2Fcomments&post=26888"}],"version-history":[{"count":1,"href":"https:\/\/diariotribuna.com.br\/index.php?rest_route=\/wp\/v2\/posts\/26888\/revisions"}],"predecessor-version":[{"id":26895,"href":"https:\/\/diariotribuna.com.br\/index.php?rest_route=\/wp\/v2\/posts\/26888\/revisions\/26895"}],"wp:featuredmedia":[{"embeddable":true,"href":"https:\/\/diariotribuna.com.br\/index.php?rest_route=\/wp\/v2\/media\/26894"}],"wp:attachment":[{"href":"https:\/\/diariotribuna.com.br\/index.php?rest_route=%2Fwp%2Fv2%2Fmedia&parent=26888"}],"wp:term":[{"taxonomy":"category","embeddable":true,"href":"https:\/\/diariotribuna.com.br\/index.php?rest_route=%2Fwp%2Fv2%2Fcategories&post=26888"},{"taxonomy":"post_tag","embeddable":true,"href":"https:\/\/diariotribuna.com.br\/index.php?rest_route=%2Fwp%2Fv2%2Ftags&post=26888"}],"curies":[{"name":"wp","href":"https:\/\/api.w.org\/{rel}","templated":true}]}}