{"id":26920,"date":"2024-10-15T19:04:47","date_gmt":"2024-10-15T22:04:47","guid":{"rendered":"https:\/\/diariotribuna.com.br\/?p=26920"},"modified":"2024-10-15T19:04:48","modified_gmt":"2024-10-15T22:04:48","slug":"prf-prende-homem-por-adulteracao-de-motocicleta-e-direcao-perigosa","status":"publish","type":"post","link":"https:\/\/diariotribuna.com.br\/?p=26920","title":{"rendered":"PRF prende homem por adultera\u00e7\u00e3o de motocicleta e dire\u00e7\u00e3o perigosa"},"content":{"rendered":"\n<figure class=\"wp-block-image size-full is-resized is-style-default\"><img loading=\"lazy\" decoding=\"async\" width=\"700\" height=\"439\" src=\"https:\/\/diariotribuna.com.br\/wp-content\/uploads\/2024\/10\/Imagem-do-WhatsApp-de-2024-10-15-as-18.45.29_8a7b968a.jpg\" alt=\"\" class=\"wp-image-26921\" style=\"width:479px;height:auto\" srcset=\"https:\/\/diariotribuna.com.br\/wp-content\/uploads\/2024\/10\/Imagem-do-WhatsApp-de-2024-10-15-as-18.45.29_8a7b968a.jpg 700w, https:\/\/diariotribuna.com.br\/wp-content\/uploads\/2024\/10\/Imagem-do-WhatsApp-de-2024-10-15-as-18.45.29_8a7b968a-300x188.jpg 300w, https:\/\/diariotribuna.com.br\/wp-content\/uploads\/2024\/10\/Imagem-do-WhatsApp-de-2024-10-15-as-18.45.29_8a7b968a-696x436.jpg 696w, https:\/\/diariotribuna.com.br\/wp-content\/uploads\/2024\/10\/Imagem-do-WhatsApp-de-2024-10-15-as-18.45.29_8a7b968a-670x420.jpg 670w\" sizes=\"(max-width: 700px) 100vw, 700px\" \/><\/figure>\n\n\n\n<p>Durante fiscaliza\u00e7\u00e3o na BR 116, em Te\u00f3filo Otoni, na tarde desta ter\u00e7a-feira, 15 de outubro, a equipe da Pol\u00edcia Rodovi\u00e1ria Federal identificou um condutor que passava em frente a unidade operacional em alta velocidade, com v\u00e1rias irregularidades em sua motocicleta. Assim, a equipe fez o acompanhamento e posterior abordagem ao condutor, no km 279, entrada do bairro S\u00e3o Diogo.<\/p>\n\n\n\n<p>Durante a abordagem, a equipe encontrou diverg\u00eancias nos sinais identificadores do ve\u00edculo, concluindo que a placa era de outra motocicleta e n\u00e3o correspondia \u00e0 placa verdadeira do ve\u00edculo abordado. Al\u00e9m disso, o condutor era inabilitado e por ter gerado perigo de dano, foi enquadrado no crime do art 309 do C\u00f3digo de Tr\u00e2nsito Brasileiro.<\/p>\n\n\n\n<p>Devido aos dois crimes, adultera\u00e7\u00e3o de sinal identificador de ve\u00edculo automotor e dirigir ve\u00edculo sem permiss\u00e3o\/CNH gerando perigo de dano, o condutor foi encaminhado \u00e0 delegacia de Pol\u00edcia Civil para os procedimentos pertinentes \u00e0 pol\u00edcia judici\u00e1ria. (Informa\u00e7\u00f5es\/Foto: PRF, Te\u00f3filo Otoni).<\/p>\n","protected":false},"excerpt":{"rendered":"<p>Durante fiscaliza\u00e7\u00e3o na BR 116, em Te\u00f3filo Otoni, na tarde desta ter\u00e7a-feira, 15 de outubro, a equipe da Pol\u00edcia Rodovi\u00e1ria Federal identificou um condutor que passava em frente a unidade operacional em alta velocidade, com v\u00e1rias irregularidades em sua motocicleta. Assim, a equipe fez o acompanhamento e posterior abordagem ao condutor, no km 279, entrada [&hellip;]<\/p>\n","protected":false},"author":1,"featured_media":26921,"comment_status":"open","ping_status":"open","sticky":false,"template":"","format":"standard","meta":{"rop_custom_images_group":[],"rop_custom_messages_group":[],"rop_publish_now":"initial","rop_publish_now_accounts":[],"rop_publish_now_history":[],"rop_publish_now_status":"pending","footnotes":""},"categories":[20],"tags":[1382,6708,3798,6709,4451],"class_list":["post-26920","post","type-post","status-publish","format-standard","has-post-thumbnail","hentry","category-policia","tag-br-116-2","tag-condutor-de-moto","tag-prf-teofilo-otoni","tag-sem-habilitacao","tag-veiculo-adulterado-2"],"_links":{"self":[{"href":"https:\/\/diariotribuna.com.br\/index.php?rest_route=\/wp\/v2\/posts\/26920"}],"collection":[{"href":"https:\/\/diariotribuna.com.br\/index.php?rest_route=\/wp\/v2\/posts"}],"about":[{"href":"https:\/\/diariotribuna.com.br\/index.php?rest_route=\/wp\/v2\/types\/post"}],"author":[{"embeddable":true,"href":"https:\/\/diariotribuna.com.br\/index.php?rest_route=\/wp\/v2\/users\/1"}],"replies":[{"embeddable":true,"href":"https:\/\/diariotribuna.com.br\/index.php?rest_route=%2Fwp%2Fv2%2Fcomments&post=26920"}],"version-history":[{"count":1,"href":"https:\/\/diariotribuna.com.br\/index.php?rest_route=\/wp\/v2\/posts\/26920\/revisions"}],"predecessor-version":[{"id":26922,"href":"https:\/\/diariotribuna.com.br\/index.php?rest_route=\/wp\/v2\/posts\/26920\/revisions\/26922"}],"wp:featuredmedia":[{"embeddable":true,"href":"https:\/\/diariotribuna.com.br\/index.php?rest_route=\/wp\/v2\/media\/26921"}],"wp:attachment":[{"href":"https:\/\/diariotribuna.com.br\/index.php?rest_route=%2Fwp%2Fv2%2Fmedia&parent=26920"}],"wp:term":[{"taxonomy":"category","embeddable":true,"href":"https:\/\/diariotribuna.com.br\/index.php?rest_route=%2Fwp%2Fv2%2Fcategories&post=26920"},{"taxonomy":"post_tag","embeddable":true,"href":"https:\/\/diariotribuna.com.br\/index.php?rest_route=%2Fwp%2Fv2%2Ftags&post=26920"}],"curies":[{"name":"wp","href":"https:\/\/api.w.org\/{rel}","templated":true}]}}