{"id":26927,"date":"2024-10-16T14:28:50","date_gmt":"2024-10-16T17:28:50","guid":{"rendered":"https:\/\/diariotribuna.com.br\/?p=26927"},"modified":"2024-10-17T00:16:04","modified_gmt":"2024-10-17T03:16:04","slug":"policia-civil-deflagra-a-operacao-diluvium-e-cumpre-39-mandados-judiciais-em-itaobim-e-medina","status":"publish","type":"post","link":"https:\/\/diariotribuna.com.br\/?p=26927","title":{"rendered":"Pol\u00edcia Civil deflagra a opera\u00e7\u00e3o Diluvium e cumpre 39 mandados judiciais em Itaobim e Medina"},"content":{"rendered":"\n<figure class=\"wp-block-image size-large is-resized is-style-default\"><img loading=\"lazy\" decoding=\"async\" width=\"1024\" height=\"576\" src=\"https:\/\/diariotribuna.com.br\/wp-content\/uploads\/2024\/10\/Imagem-do-WhatsApp-de-2024-10-16-as-07.30.33_fc2799d2-1024x576.jpg\" alt=\"\" class=\"wp-image-26928\" style=\"width:545px;height:auto\" srcset=\"https:\/\/diariotribuna.com.br\/wp-content\/uploads\/2024\/10\/Imagem-do-WhatsApp-de-2024-10-16-as-07.30.33_fc2799d2-1024x576.jpg 1024w, https:\/\/diariotribuna.com.br\/wp-content\/uploads\/2024\/10\/Imagem-do-WhatsApp-de-2024-10-16-as-07.30.33_fc2799d2-300x169.jpg 300w, https:\/\/diariotribuna.com.br\/wp-content\/uploads\/2024\/10\/Imagem-do-WhatsApp-de-2024-10-16-as-07.30.33_fc2799d2-768x432.jpg 768w, https:\/\/diariotribuna.com.br\/wp-content\/uploads\/2024\/10\/Imagem-do-WhatsApp-de-2024-10-16-as-07.30.33_fc2799d2-1536x864.jpg 1536w, https:\/\/diariotribuna.com.br\/wp-content\/uploads\/2024\/10\/Imagem-do-WhatsApp-de-2024-10-16-as-07.30.33_fc2799d2-696x392.jpg 696w, https:\/\/diariotribuna.com.br\/wp-content\/uploads\/2024\/10\/Imagem-do-WhatsApp-de-2024-10-16-as-07.30.33_fc2799d2-1068x601.jpg 1068w, https:\/\/diariotribuna.com.br\/wp-content\/uploads\/2024\/10\/Imagem-do-WhatsApp-de-2024-10-16-as-07.30.33_fc2799d2-747x420.jpg 747w, https:\/\/diariotribuna.com.br\/wp-content\/uploads\/2024\/10\/Imagem-do-WhatsApp-de-2024-10-16-as-07.30.33_fc2799d2.jpg 1600w\" sizes=\"(max-width: 1024px) 100vw, 1024px\" \/><\/figure>\n\n\n\n<p>A Pol\u00edcia Civil de Minas Gerais deflagrou a opera\u00e7\u00e3o \u201cDiluvium\u201d, nesta quarta-feira (16\/10), visando desarticular o tr\u00e1fico de drogas e organiza\u00e7\u00f5es criminosas nas cidades de Medina, Itaobim e regi\u00e3o, cumprindo 26 mandados de pris\u00e3o preventiva e 13 mandados de busca e apreens\u00e3o, contra lideran\u00e7as do tr\u00e1fico de drogas e organiza\u00e7\u00f5es criminosas vinculadas ao Comando Vermelho e Primeiro Comando da Capital, respectivamente BBR (Bairro Beira Rio) e PCBR (Primeiro Comando Beira Rio) na regi\u00e3o de Medina e cidades adjacentes.<\/p>\n\n\n\n<p>Segundo a PCMG, a opera\u00e7\u00e3o Diluvium \u00e9 fruto da constante troca de informa\u00e7\u00f5es entre as ag\u00eancias de intelig\u00eancia dos \u00f3rg\u00e3os de seguran\u00e7a p\u00fablica, neste caso, Pol\u00edcia Civil e Pol\u00edcia Penal. A intelig\u00eancia da Pol\u00edcia Penal da 15\u00aa RISP conseguiu angariar licitamente mensagens trocadas entre integrantes presos das organiza\u00e7\u00f5es criminosas da regi\u00e3o de Medina, o que foi repassado para a Intelig\u00eancia do 15\u00ba Departamento de Pol\u00edcia Civil. As mensagens foram trabalhadas, interpretadas e comunicadas, atrav\u00e9s de um extenso Relat\u00f3rio T\u00e9cnico, ao longo de v\u00e1rios meses pelos investigadores da Ag\u00eancia de Intelig\u00eancia do 15\u00ba Departamento de Pol\u00edcia Civil, tendo em vista a complexidade das informa\u00e7\u00f5es, com v\u00e1rias g\u00edrias, c\u00f3digos e codinomes.<\/p>\n\n\n\n<p>Posteriormente, foi feito contato com o delegado Danilo Fernandes Souza, respons\u00e1vel pela delegacia de Medina, sendo que ele e sua equipe rapidamente realizaram as dilig\u00eancias de campo necess\u00e1rias para confirmar e atualizar as informa\u00e7\u00f5es constantes no Relat\u00f3rio T\u00e9cnico de Investiga\u00e7\u00e3o, e representou judicialmente pelos mandados, que foram deferidos em sua integralidade.<\/p>\n\n\n\n<figure class=\"wp-block-image size-large is-resized is-style-default\"><img loading=\"lazy\" decoding=\"async\" width=\"1024\" height=\"576\" src=\"https:\/\/diariotribuna.com.br\/wp-content\/uploads\/2024\/10\/Imagem-do-WhatsApp-de-2024-10-16-as-07.30.31_31724258-1024x576.jpg\" alt=\"\" class=\"wp-image-26929\" style=\"width:512px;height:auto\" srcset=\"https:\/\/diariotribuna.com.br\/wp-content\/uploads\/2024\/10\/Imagem-do-WhatsApp-de-2024-10-16-as-07.30.31_31724258-1024x576.jpg 1024w, https:\/\/diariotribuna.com.br\/wp-content\/uploads\/2024\/10\/Imagem-do-WhatsApp-de-2024-10-16-as-07.30.31_31724258-300x169.jpg 300w, https:\/\/diariotribuna.com.br\/wp-content\/uploads\/2024\/10\/Imagem-do-WhatsApp-de-2024-10-16-as-07.30.31_31724258-768x432.jpg 768w, https:\/\/diariotribuna.com.br\/wp-content\/uploads\/2024\/10\/Imagem-do-WhatsApp-de-2024-10-16-as-07.30.31_31724258-1536x864.jpg 1536w, https:\/\/diariotribuna.com.br\/wp-content\/uploads\/2024\/10\/Imagem-do-WhatsApp-de-2024-10-16-as-07.30.31_31724258-696x392.jpg 696w, https:\/\/diariotribuna.com.br\/wp-content\/uploads\/2024\/10\/Imagem-do-WhatsApp-de-2024-10-16-as-07.30.31_31724258-1068x601.jpg 1068w, https:\/\/diariotribuna.com.br\/wp-content\/uploads\/2024\/10\/Imagem-do-WhatsApp-de-2024-10-16-as-07.30.31_31724258-747x420.jpg 747w, https:\/\/diariotribuna.com.br\/wp-content\/uploads\/2024\/10\/Imagem-do-WhatsApp-de-2024-10-16-as-07.30.31_31724258.jpg 1600w\" sizes=\"(max-width: 1024px) 100vw, 1024px\" \/><\/figure>\n\n\n\n<p>O delegado respons\u00e1vel pela coordena\u00e7\u00e3o da intelig\u00eancia do 15\u00ba Departamento, Artur Vieira Temponi, destacou a import\u00e2ncia da coopera\u00e7\u00e3o entre os \u00f3rg\u00e3os de seguran\u00e7a p\u00fablica. &#8220;Essa a\u00e7\u00e3o \u00e9 um exemplo do trabalho integrado da Pol\u00edcia Civil com as demais for\u00e7as de seguran\u00e7a p\u00fablica. A parceria \u00e9 necess\u00e1ria, pois todas t\u00eam o mesmo objetivo: proteger a popula\u00e7\u00e3o e garantir que aqueles que infringem a lei sejam responsabilizados&#8221;.<\/p>\n\n\n\n<p>A PCMG destaca que, devido ao grande n\u00famero de mandados judiciais a serem cumpridos e a periculosidade dos alvos, foi feito contato com a chefia da Pol\u00edcia Civil, que disponibilizou para a opera\u00e7\u00e3o Diluvium equipes da CORE (Coordenadoria de Recursos Especiais), COC (Coordenadoria de Opera\u00e7\u00f5es com C\u00e3es) e o CAT (Coordenadoria Aerot\u00e1tica). Toda esta articula\u00e7\u00e3o contou com o imprescind\u00edvel aux\u00edlio do Delegado Regional de Pedra Azul, Dr. Thiago de Carvalho Passos, e o chefe do 15\u00ba Departamento, Dr. Amaury T. Ten\u00f3rio de Albuquerque.<\/p>\n\n\n\n<p>As equipes de policiais civis das Delegacias Regionais de Pedra Azul, Te\u00f3filo Otoni e Almenara, e da Pol\u00edcia Penal da 15\u00aa DRPP est\u00e3o empenhadas na opera\u00e7\u00e3o Diluvium. S\u00e3o mais de 80 policiais destacados para este servi\u00e7o nesta quarta-feira, e a Pol\u00edcia Civil reafirma seu compromisso com a seguran\u00e7a da comunidade e continuar\u00e1 a implementar a\u00e7\u00f5es efetivas no combate ao crime&nbsp;na&nbsp;regi\u00e3o. (Informa\u00e7\u00f5es\/Fotos: assessoria de comunica\u00e7\u00e3o\/ PCMG\/ Te\u00f3filo Otoni).<\/p>\n","protected":false},"excerpt":{"rendered":"<p>A Pol\u00edcia Civil de Minas Gerais deflagrou a opera\u00e7\u00e3o \u201cDiluvium\u201d, nesta quarta-feira (16\/10), visando desarticular o tr\u00e1fico de drogas e organiza\u00e7\u00f5es criminosas nas cidades de Medina, Itaobim e regi\u00e3o, cumprindo 26 mandados de pris\u00e3o preventiva e 13 mandados de busca e apreens\u00e3o, contra lideran\u00e7as do tr\u00e1fico de drogas e organiza\u00e7\u00f5es criminosas vinculadas ao Comando Vermelho [&hellip;]<\/p>\n","protected":false},"author":1,"featured_media":26928,"comment_status":"open","ping_status":"open","sticky":false,"template":"","format":"standard","meta":{"rop_custom_images_group":[],"rop_custom_messages_group":[],"rop_publish_now":"initial","rop_publish_now_accounts":[],"rop_publish_now_history":[],"rop_publish_now_status":"pending","footnotes":""},"categories":[25,20],"tags":[6711,292,1041,739],"class_list":["post-26927","post","type-post","status-publish","format-standard","has-post-thumbnail","hentry","category-destaque","category-policia","tag-operacao-diluvium","tag-policia-civil","tag-policia-penal","tag-trafico-de-drogas"],"_links":{"self":[{"href":"https:\/\/diariotribuna.com.br\/index.php?rest_route=\/wp\/v2\/posts\/26927"}],"collection":[{"href":"https:\/\/diariotribuna.com.br\/index.php?rest_route=\/wp\/v2\/posts"}],"about":[{"href":"https:\/\/diariotribuna.com.br\/index.php?rest_route=\/wp\/v2\/types\/post"}],"author":[{"embeddable":true,"href":"https:\/\/diariotribuna.com.br\/index.php?rest_route=\/wp\/v2\/users\/1"}],"replies":[{"embeddable":true,"href":"https:\/\/diariotribuna.com.br\/index.php?rest_route=%2Fwp%2Fv2%2Fcomments&post=26927"}],"version-history":[{"count":1,"href":"https:\/\/diariotribuna.com.br\/index.php?rest_route=\/wp\/v2\/posts\/26927\/revisions"}],"predecessor-version":[{"id":26930,"href":"https:\/\/diariotribuna.com.br\/index.php?rest_route=\/wp\/v2\/posts\/26927\/revisions\/26930"}],"wp:featuredmedia":[{"embeddable":true,"href":"https:\/\/diariotribuna.com.br\/index.php?rest_route=\/wp\/v2\/media\/26928"}],"wp:attachment":[{"href":"https:\/\/diariotribuna.com.br\/index.php?rest_route=%2Fwp%2Fv2%2Fmedia&parent=26927"}],"wp:term":[{"taxonomy":"category","embeddable":true,"href":"https:\/\/diariotribuna.com.br\/index.php?rest_route=%2Fwp%2Fv2%2Fcategories&post=26927"},{"taxonomy":"post_tag","embeddable":true,"href":"https:\/\/diariotribuna.com.br\/index.php?rest_route=%2Fwp%2Fv2%2Ftags&post=26927"}],"curies":[{"name":"wp","href":"https:\/\/api.w.org\/{rel}","templated":true}]}}