{"id":26931,"date":"2024-10-16T15:59:28","date_gmt":"2024-10-16T18:59:28","guid":{"rendered":"https:\/\/diariotribuna.com.br\/?p=26931"},"modified":"2024-10-16T15:59:29","modified_gmt":"2024-10-16T18:59:29","slug":"investigado-na-operacao-machine-da-policia-civil-em-nanuque-e-preso-na-bahia","status":"publish","type":"post","link":"https:\/\/diariotribuna.com.br\/?p=26931","title":{"rendered":"Investigado na opera\u00e7\u00e3o Machine, da Pol\u00edcia Civil em Nanuque, \u00e9 preso na Bahia"},"content":{"rendered":"\n<figure class=\"wp-block-image size-full is-resized is-style-default\"><img loading=\"lazy\" decoding=\"async\" width=\"700\" height=\"529\" src=\"https:\/\/diariotribuna.com.br\/wp-content\/uploads\/2024\/10\/pcmg_regional-nanuque.jpg\" alt=\"\" class=\"wp-image-26932\" style=\"width:390px;height:auto\" srcset=\"https:\/\/diariotribuna.com.br\/wp-content\/uploads\/2024\/10\/pcmg_regional-nanuque.jpg 700w, https:\/\/diariotribuna.com.br\/wp-content\/uploads\/2024\/10\/pcmg_regional-nanuque-300x227.jpg 300w, https:\/\/diariotribuna.com.br\/wp-content\/uploads\/2024\/10\/pcmg_regional-nanuque-80x60.jpg 80w, https:\/\/diariotribuna.com.br\/wp-content\/uploads\/2024\/10\/pcmg_regional-nanuque-696x526.jpg 696w, https:\/\/diariotribuna.com.br\/wp-content\/uploads\/2024\/10\/pcmg_regional-nanuque-556x420.jpg 556w\" sizes=\"(max-width: 700px) 100vw, 700px\" \/><\/figure>\n\n\n\n<p>Uma a\u00e7\u00e3o conjunta da Pol\u00edcia Civil de Minas Gerais (PCMG) e da Pol\u00edcia Militar da Bahia (PMBA), desencadeada na manh\u00e3 desta quarta-feira (16\/10), resultou na pris\u00e3o de um homem, de 32 anos, foragido h\u00e1 cerca de dois meses da Justi\u00e7a mineira. O investigado, que \u00e9 empres\u00e1rio, foi localizado e preso na cidade de Teixeira de Freitas, interior baiano, ap\u00f3s levantamentos realizados pela equipe da Ag\u00eancia de Intelig\u00eancia Policial da PCMG em Nanuque.<\/p>\n\n\n\n<p>O homem figura como investigado na opera\u00e7\u00e3o Machine, desencadeada em mar\u00e7o deste ano, em Nanuque, Vale do Mucuri, decorrente de investiga\u00e7\u00e3o sobre uma organiza\u00e7\u00e3o criminosa suspeita de envolvimento em crimes de falsidade ideol\u00f3gica, falsifica\u00e7\u00e3o de documento p\u00fablico, fraude licitat\u00f3ria, lavagem de dinheiro, corrup\u00e7\u00e3o ativa e passiva, bem como peculato. A a\u00e7\u00e3o da PCMG contou com o apoio da Companhia Independente de Policiamento Especializado da Mata Atl\u00e2ntica da PMBA. (Informa\u00e7\u00f5es: assessoria de comunica\u00e7\u00e3o\/ PCMG).<\/p>\n\n\n\n<p><strong>Leia mais sobre a opera\u00e7\u00e3o Machine &#8211; clique\u00a0<a href=\"https:\/\/pc.mg.gov.br\/noticia\/exibir?id=4039670&amp;=Opera%C3%A7%C3%A3o-Machine%3A-PCMG-desmantela-esquema-de-corrup%C3%A7%C3%A3o-em-Nanuque\" target=\"_blank\" rel=\"noreferrer noopener\">AQUI\u00a0<\/a><\/strong><\/p>\n","protected":false},"excerpt":{"rendered":"<p>Uma a\u00e7\u00e3o conjunta da Pol\u00edcia Civil de Minas Gerais (PCMG) e da Pol\u00edcia Militar da Bahia (PMBA), desencadeada na manh\u00e3 desta quarta-feira (16\/10), resultou na pris\u00e3o de um homem, de 32 anos, foragido h\u00e1 cerca de dois meses da Justi\u00e7a mineira. O investigado, que \u00e9 empres\u00e1rio, foi localizado e preso na cidade de Teixeira de [&hellip;]<\/p>\n","protected":false},"author":1,"featured_media":26932,"comment_status":"open","ping_status":"open","sticky":false,"template":"","format":"standard","meta":{"rop_custom_images_group":[],"rop_custom_messages_group":[],"rop_publish_now":"initial","rop_publish_now_accounts":[],"rop_publish_now_history":[],"rop_publish_now_status":"pending","footnotes":""},"categories":[20],"tags":[3458,989,91,122,6337,292,6712],"class_list":["post-26931","post","type-post","status-publish","format-standard","has-post-thumbnail","hentry","category-policia","tag-bahia","tag-foragido-da-justica","tag-minas","tag-nanuque","tag-operacao-machine","tag-policia-civil","tag-teixeira-de-freitas"],"_links":{"self":[{"href":"https:\/\/diariotribuna.com.br\/index.php?rest_route=\/wp\/v2\/posts\/26931"}],"collection":[{"href":"https:\/\/diariotribuna.com.br\/index.php?rest_route=\/wp\/v2\/posts"}],"about":[{"href":"https:\/\/diariotribuna.com.br\/index.php?rest_route=\/wp\/v2\/types\/post"}],"author":[{"embeddable":true,"href":"https:\/\/diariotribuna.com.br\/index.php?rest_route=\/wp\/v2\/users\/1"}],"replies":[{"embeddable":true,"href":"https:\/\/diariotribuna.com.br\/index.php?rest_route=%2Fwp%2Fv2%2Fcomments&post=26931"}],"version-history":[{"count":1,"href":"https:\/\/diariotribuna.com.br\/index.php?rest_route=\/wp\/v2\/posts\/26931\/revisions"}],"predecessor-version":[{"id":26933,"href":"https:\/\/diariotribuna.com.br\/index.php?rest_route=\/wp\/v2\/posts\/26931\/revisions\/26933"}],"wp:featuredmedia":[{"embeddable":true,"href":"https:\/\/diariotribuna.com.br\/index.php?rest_route=\/wp\/v2\/media\/26932"}],"wp:attachment":[{"href":"https:\/\/diariotribuna.com.br\/index.php?rest_route=%2Fwp%2Fv2%2Fmedia&parent=26931"}],"wp:term":[{"taxonomy":"category","embeddable":true,"href":"https:\/\/diariotribuna.com.br\/index.php?rest_route=%2Fwp%2Fv2%2Fcategories&post=26931"},{"taxonomy":"post_tag","embeddable":true,"href":"https:\/\/diariotribuna.com.br\/index.php?rest_route=%2Fwp%2Fv2%2Ftags&post=26931"}],"curies":[{"name":"wp","href":"https:\/\/api.w.org\/{rel}","templated":true}]}}