{"id":26953,"date":"2024-10-18T19:35:00","date_gmt":"2024-10-18T22:35:00","guid":{"rendered":"https:\/\/diariotribuna.com.br\/?p=26953"},"modified":"2024-10-21T10:59:41","modified_gmt":"2024-10-21T13:59:41","slug":"diario-tribuna-18-de-outubro-de-2024-teofilo-otoni-mg","status":"publish","type":"post","link":"https:\/\/diariotribuna.com.br\/?p=26953","title":{"rendered":"Di\u00e1rio Tribuna, 18 de Outubro de 2024, Te\u00f3filo Otoni &#8211; MG"},"content":{"rendered":"\n<figure class=\"wp-block-image size-full is-resized is-style-default\"><img loading=\"lazy\" decoding=\"async\" width=\"689\" height=\"994\" src=\"https:\/\/diariotribuna.com.br\/wp-content\/uploads\/2024\/10\/Imagem-do-WhatsApp-de-2024-10-18-as-19.02.46_7fbad316.jpg\" alt=\"\" class=\"wp-image-26955\" style=\"width:394px;height:auto\" srcset=\"https:\/\/diariotribuna.com.br\/wp-content\/uploads\/2024\/10\/Imagem-do-WhatsApp-de-2024-10-18-as-19.02.46_7fbad316.jpg 689w, https:\/\/diariotribuna.com.br\/wp-content\/uploads\/2024\/10\/Imagem-do-WhatsApp-de-2024-10-18-as-19.02.46_7fbad316-208x300.jpg 208w, https:\/\/diariotribuna.com.br\/wp-content\/uploads\/2024\/10\/Imagem-do-WhatsApp-de-2024-10-18-as-19.02.46_7fbad316-291x420.jpg 291w\" sizes=\"(max-width: 689px) 100vw, 689px\" \/><\/figure>\n\n\n\n<h2 class=\"wp-block-heading\"><strong><strong><mark style=\"background-color:rgba(0, 0, 0, 0)\" class=\"has-inline-color has-vivid-red-color\">Acesse o link abaixo e veja a edi\u00e7\u00e3o completa do Di\u00e1rio Tribuna desta sexta-feira (18\/10)<\/mark><\/strong><\/strong><\/h2>\n\n\n\n<h2 class=\"wp-block-heading\"><a href=\"https:\/\/diariotribuna.com.br\/wp-content\/uploads\/2024\/10\/DIARIO-TRIBUNA-55-ANOS-18-OUTUBRO-2024.pdf\"><strong><mark style=\"background-color:rgba(0, 0, 0, 0)\" class=\"has-inline-color has-vivid-red-color\">https:\/\/diariotribuna.com.br\/wp-content\/uploads\/2024\/10\/DIARIO-TRIBUNA-55-ANOS-18-OUTUBRO-2024.pdf<\/mark><\/strong><\/a><\/h2>\n","protected":false},"excerpt":{"rendered":"<p>Acesse o link abaixo e veja a edi\u00e7\u00e3o completa do Di\u00e1rio Tribuna desta sexta-feira (18\/10) https:\/\/diariotribuna.com.br\/wp-content\/uploads\/2024\/10\/DIARIO-TRIBUNA-55-ANOS-18-OUTUBRO-2024.pdf<\/p>\n","protected":false},"author":1,"featured_media":26955,"comment_status":"open","ping_status":"open","sticky":false,"template":"","format":"standard","meta":{"rop_custom_images_group":[],"rop_custom_messages_group":[],"rop_publish_now":"initial","rop_publish_now_accounts":[],"rop_publish_now_history":[],"rop_publish_now_status":"pending","footnotes":""},"categories":[17,23],"tags":[6716,42,1010,75,867],"class_list":["post-26953","post","type-post","status-publish","format-standard","has-post-thumbnail","hentry","category-teofilootoni","category-ultimaedicao","tag-18-10-2024","tag-diario-tribuna","tag-nordeste-mineiro","tag-teofilo-otoni","tag-vale-do-mucuri"],"_links":{"self":[{"href":"https:\/\/diariotribuna.com.br\/index.php?rest_route=\/wp\/v2\/posts\/26953"}],"collection":[{"href":"https:\/\/diariotribuna.com.br\/index.php?rest_route=\/wp\/v2\/posts"}],"about":[{"href":"https:\/\/diariotribuna.com.br\/index.php?rest_route=\/wp\/v2\/types\/post"}],"author":[{"embeddable":true,"href":"https:\/\/diariotribuna.com.br\/index.php?rest_route=\/wp\/v2\/users\/1"}],"replies":[{"embeddable":true,"href":"https:\/\/diariotribuna.com.br\/index.php?rest_route=%2Fwp%2Fv2%2Fcomments&post=26953"}],"version-history":[{"count":1,"href":"https:\/\/diariotribuna.com.br\/index.php?rest_route=\/wp\/v2\/posts\/26953\/revisions"}],"predecessor-version":[{"id":26956,"href":"https:\/\/diariotribuna.com.br\/index.php?rest_route=\/wp\/v2\/posts\/26953\/revisions\/26956"}],"wp:featuredmedia":[{"embeddable":true,"href":"https:\/\/diariotribuna.com.br\/index.php?rest_route=\/wp\/v2\/media\/26955"}],"wp:attachment":[{"href":"https:\/\/diariotribuna.com.br\/index.php?rest_route=%2Fwp%2Fv2%2Fmedia&parent=26953"}],"wp:term":[{"taxonomy":"category","embeddable":true,"href":"https:\/\/diariotribuna.com.br\/index.php?rest_route=%2Fwp%2Fv2%2Fcategories&post=26953"},{"taxonomy":"post_tag","embeddable":true,"href":"https:\/\/diariotribuna.com.br\/index.php?rest_route=%2Fwp%2Fv2%2Ftags&post=26953"}],"curies":[{"name":"wp","href":"https:\/\/api.w.org\/{rel}","templated":true}]}}