{"id":27098,"date":"2024-10-16T08:51:56","date_gmt":"2024-10-16T11:51:56","guid":{"rendered":"https:\/\/diariotribuna.com.br\/?p=27098"},"modified":"2024-10-16T08:51:56","modified_gmt":"2024-10-16T11:51:56","slug":"chance-de-efetivacao-de-temporarios-de-final-de-ano-e-alta-ou-muito-alta-para-482-das-empresas-do-comercio-que-vao-contratar","status":"publish","type":"post","link":"https:\/\/diariotribuna.com.br\/?p=27098","title":{"rendered":"Chance de efetiva\u00e7\u00e3o de tempor\u00e1rios de final de ano \u00e9 alta ou muito alta para 48,2% das empresas do com\u00e9rcio que v\u00e3o contratar\u00a0"},"content":{"rendered":"<p class=\"MsoNormal\"><span>Assim como no ano passado, empres\u00e1rios do com\u00e9rcio de Belo Horizonte, Betim, Contagem e Uberl\u00e2ndia devem contratar pouca m\u00e3o de obra tempor\u00e1ria para o final de ano. Conforme a pesquisa Contrata\u00e7\u00e3o de Tempor\u00e1rios 2024, realizada nos munic\u00edpios pelo N\u00facleo de Estudos Econ\u00f4micos da Fecom\u00e9rcio MG, 10,4% das empresas devem contratar. Por outro lado, a inten\u00e7\u00e3o de efetiva\u00e7\u00e3o dos tempor\u00e1rios \u00e9 alta ou muito alta para 48,2% desses empregadores. A fun\u00e7\u00e3o de vendedor dever\u00e1 ser a mais requisitada (66,7%), seguida por atendente e operador de caixa.<\/span><\/p>\n<p><\/p>\n<p class=\"MsoNormal\"><span>Entre 2024 e 2023, a inten\u00e7\u00e3o de contrata\u00e7\u00e3o de m\u00e3o de obra tempor\u00e1ria no final do ano caiu 6,7% nos munic\u00edpios pesquisados. Neste ano, o segmento de tecidos, vestu\u00e1rio e cal\u00e7ados puxam as contrata\u00e7\u00f5es tempor\u00e1rias com percentual de 47,6%. Depois, as empresas que mais v\u00e3o contratar s\u00e3o: supermercados, hipermercados, produtos aliment\u00edcios, bebidas e fumo (23,8%) e Equipamentos e materiais para escrit\u00f3rio, inform\u00e1tica e de comunica\u00e7\u00e3o (7,1%). Entre aquelas empresas que v\u00e3o contratar, a m\u00e9dia de admiss\u00f5es ser\u00e1 de tr\u00eas funcion\u00e1rios, sendo no m\u00ednimo um e no m\u00e1ximo 10 contrata\u00e7\u00f5es.\u00a0\u00a0\u00a0 <\/span><\/p>\n<p><\/p>\n<p class=\"MsoNormal\"><span>\u201cApesar de parecer pequeno o n\u00famero de empresas que pretendem contratar funcion\u00e1rios tempor\u00e1rios, este patamar \u00e9 bastante expressivo. \u00c9 importante lembrar que Minas Gerais encontra-se hoje com um dos menores patamares de desemprego da hist\u00f3ria (5,8%) o que, consequentemente, leva a pouca disponibilidade de m\u00e3o de obra no mercado e, em certa medida, acarreta uma menor procura dos empres\u00e1rios por novos postos de trabalho\u201d, explica Gabriela Martins, economista da Fecom\u00e9rcio MG.<\/span><\/p>\n<p><\/p>\n<p class=\"MsoNormal\"><span>Entre os motivos que dificultam a contrata\u00e7\u00e3o de tempor\u00e1rios, a pesquisa mostra que a falta de experi\u00eancia aparece como o principal motivo apontado pelos comerciantes, seguido de falta de profissionalismo dos contratados, falta de m\u00e3o de obra e falta de capacita\u00e7\u00e3o dos candidatos.<\/span><\/p>\n<p><\/p>\n<p class=\"MsoNormal\"><span>De acordo com a pesquisa, 86,2% dos empres\u00e1rios n\u00e3o t\u00eam inten\u00e7\u00e3o de contratar tempor\u00e1rios para o fim de ano. Entre as principais justificativas apresentadas, a que mais se destaca \u00e9 a indica\u00e7\u00e3o de que n\u00e3o contratam por tempo determinado. Tamb\u00e9m aparecem como respostas: a equipe atual j\u00e1 comporta o aumento do fluxo no final de ano e n\u00e3o h\u00e1 movimento suficiente na loja.<\/span><\/p>\n<p><\/p>\n<p class=\"MsoNormal\"><span>Martins destaca ainda que, apesar do mercado de trabalho aquecido, existem vagas espec\u00edficas de maior demanda por trabalhadores. \u201cApesar de muitos empres\u00e1rios estarem com seus quadros de funcion\u00e1rios completos, a contrata\u00e7\u00e3o de tempor\u00e1rios indica para algumas vagas que ainda h\u00e1 bastante demanda. Esse \u00e9 o caso dos vendedores, atendentes, operadores de caixa e estoquistas\u201d, conclui a economista.<\/span><\/p>\n<p><\/p>\n<p class=\"MsoNormal\"><span>Sobre a Fecom\u00e9rcio MG<\/span><span><\/span><\/p>\n<p><\/p>\n<p class=\"MsoNormal\"><span>A Federa\u00e7\u00e3o do Com\u00e9rcio de Bens, Servi\u00e7os e Turismo de Minas Gerais integra o Sistema Fecom\u00e9rcio MG, Sesc e Senac em Minas e Sindicatos Empresariais que tem como presidente o empres\u00e1rio Nadim Donato. A Fecom\u00e9rcio MG \u00e9 a maior representante do setor terci\u00e1rio no estado, atuando em prol de mais de 740 mil empresas mineiras. Em conjunto com a Confedera\u00e7\u00e3o Nacional do Com\u00e9rcio (CNC), presidida por Jos\u00e9 Roberto Tadros, a Fecom\u00e9rcio MG atua junto \u00e0s esferas p\u00fablica e privada para defender os interesses do setor de Bens, Servi\u00e7os e Turismo a fim de requisitar melhores condi\u00e7\u00f5es tribut\u00e1rias, celebrar conven\u00e7\u00f5es coletivas de trabalho, disponibilizar benef\u00edcios visando o desenvolvimento do com\u00e9rcio no estado e muito mais.<\/span><\/p>\n<p><\/p>\n<p class=\"MsoNormal\">\n<\/p><p class=\"MsoNormal\"><span>H\u00e1 85 anos fortalecendo e defendendo o setor, beneficiando e transformando a vida dos cidad\u00e3os.<\/span><\/p>\n<p><\/p>\n<p class=\"MsoNormal\"><span><\/span><\/p>\n<p>\u00a0<\/p>\n<p><\/p>\n<p>\u00a0<\/p>","protected":false},"excerpt":{"rendered":"<p>Assim como no ano passado, empres\u00e1rios do com\u00e9rcio de Belo Horizonte, Betim, Contagem e Uberl\u00e2ndia devem contratar pouca m\u00e3o de obra tempor\u00e1ria para o final de ano. Conforme a pesquisa Contrata\u00e7\u00e3o de Tempor\u00e1rios 2024, realizada nos munic\u00edpios pelo N\u00facleo de Estudos Econ\u00f4micos da Fecom\u00e9rcio MG, 10,4% das empresas devem contratar. Por outro lado, a inten\u00e7\u00e3o [&hellip;]<\/p>\n","protected":false},"author":1,"featured_media":27099,"comment_status":"open","ping_status":"open","sticky":false,"template":"","format":"standard","meta":{"rop_custom_images_group":[],"rop_custom_messages_group":[],"rop_publish_now":"initial","rop_publish_now_accounts":[],"rop_publish_now_history":[],"rop_publish_now_status":"pending","footnotes":""},"categories":[6745],"tags":[],"class_list":["post-27098","post","type-post","status-publish","format-standard","has-post-thumbnail","hentry","category-coluna-sindijori"],"_links":{"self":[{"href":"https:\/\/diariotribuna.com.br\/index.php?rest_route=\/wp\/v2\/posts\/27098"}],"collection":[{"href":"https:\/\/diariotribuna.com.br\/index.php?rest_route=\/wp\/v2\/posts"}],"about":[{"href":"https:\/\/diariotribuna.com.br\/index.php?rest_route=\/wp\/v2\/types\/post"}],"author":[{"embeddable":true,"href":"https:\/\/diariotribuna.com.br\/index.php?rest_route=\/wp\/v2\/users\/1"}],"replies":[{"embeddable":true,"href":"https:\/\/diariotribuna.com.br\/index.php?rest_route=%2Fwp%2Fv2%2Fcomments&post=27098"}],"version-history":[{"count":0,"href":"https:\/\/diariotribuna.com.br\/index.php?rest_route=\/wp\/v2\/posts\/27098\/revisions"}],"wp:featuredmedia":[{"embeddable":true,"href":"https:\/\/diariotribuna.com.br\/index.php?rest_route=\/wp\/v2\/media\/27099"}],"wp:attachment":[{"href":"https:\/\/diariotribuna.com.br\/index.php?rest_route=%2Fwp%2Fv2%2Fmedia&parent=27098"}],"wp:term":[{"taxonomy":"category","embeddable":true,"href":"https:\/\/diariotribuna.com.br\/index.php?rest_route=%2Fwp%2Fv2%2Fcategories&post=27098"},{"taxonomy":"post_tag","embeddable":true,"href":"https:\/\/diariotribuna.com.br\/index.php?rest_route=%2Fwp%2Fv2%2Ftags&post=27098"}],"curies":[{"name":"wp","href":"https:\/\/api.w.org\/{rel}","templated":true}]}}