{"id":27135,"date":"2024-10-30T14:50:55","date_gmt":"2024-10-30T17:50:55","guid":{"rendered":"https:\/\/diariotribuna.com.br\/?p=27135"},"modified":"2024-10-30T14:50:55","modified_gmt":"2024-10-30T17:50:55","slug":"fiemg-busca-parcerias-na-australia-para-fabrica-de-imas-de-terras-raras","status":"publish","type":"post","link":"https:\/\/diariotribuna.com.br\/?p=27135","title":{"rendered":"FIEMG busca parcerias na Austr\u00e1lia para f\u00e1brica de \u00edm\u00e3s de terras raras\u00a0"},"content":{"rendered":"<p><span>Foto: Rebecca Macedo<\/span><\/p>\n<p>O presidente da Federa\u00e7\u00e3o das Ind\u00fastrias do Estado de Minas Gerais (FIEMG), Fl\u00e1vio Roscoe, busca na Austr\u00e1lia parceiros que queiram investir no CIT SENAI ITR, primeira f\u00e1brica de \u00edm\u00e3s de terras raras da Am\u00e9rica Latina, localizada em Lagoa Santa (MG). As agendas no pa\u00eds integram uma miss\u00e3o de iniciativa do governo de Minas, por meio da Secretaria de Estado de Desenvolvimento Econ\u00f4mico (Sede) e Invest Minas, em parceria com empresas privadas.<\/p>\n<p>Nesta segunda-feira (28\/10), Roscoe se reuniu em Perth com representantes da Meteoric Resources e Viridis Minera\u00e7\u00e3o LTDA \u2013 ambas mineradoras com matriz na Austr\u00e1lia e que j\u00e1 atuam em projetos de terras raras na regi\u00e3o de Po\u00e7os de Caldas, no Sul de Minas \u2013 e assinou dois Memorandos de Entendimento (MoU) para parcerias junto ao CIT SENAI ITR. Tamb\u00e9m assinou um MoU com a Viridion Rare Earth Technologies LTDA, uma joint-venture rec\u00e9m-formada entre Viridis e Ionic Technologies e que ainda iniciar\u00e1 seu projeto em Minas Gerais. Todos os MoUs t\u00eam validade de 5 anos, podendo ser prorrogado por meio de termo aditivo, e t\u00eam como objetivo estabelecer as bases gerais de coopera\u00e7\u00e3o entre as partes para atua\u00e7\u00e3o no desenvolvimento de projetos de terras raras no Brasil.<\/p>\n<p>O presidente da FIEMG destacou a import\u00e2ncia dos protocolos assinados com mineradoras australianas, permitindo o uso do laborat\u00f3rio do CIT SENAI ITR e a coopera\u00e7\u00e3o em uma nova iniciativa de terras raras. Roscoe tamb\u00e9m elogiou o papel do Estado nesse processo: \u201cO governo tem realizado um excelente trabalho na atra\u00e7\u00e3o dessas empresas, e juntos estamos fazendo tudo o que \u00e9 poss\u00edvel para fortalecer essa parceria\u201d, ressaltou.<\/p>\n<p>Representando a Meteoric, Marcelo de Carvalho, falou sobre o memorando firmado junto \u00e0 FIEMG e ao CIT SENAI ITR. \u201cEssa \u00e9 uma iniciativa hist\u00f3rica do ponto de vista de que, ningu\u00e9m no mundo hoje, est\u00e1 tentando integrar a cadeia de produ\u00e7\u00e3o de terras raras, que \u00e9 t\u00e3o importante para a transi\u00e7\u00e3o energ\u00e9tica mundial e para o desenvolvimento do estado de Minas Gerais. Os projetos que a FIEMG t\u00eam liderado conectam do mineral ao minerador at\u00e9 o fabricante, e isso vai fazer com que, sem d\u00favida nenhuma, essa ind\u00fastria se fortale\u00e7a, desenvolva tecnologia, e garanta seguran\u00e7a e coragem para as ind\u00fastrias constru\u00edrem a cadeia toda dentro do pa\u00eds, verticalizando e aproveitando todo o potencial que o pa\u00eds tem para isso\u201d, destacou.<\/p>\n<p>J\u00e1 o secret\u00e1rio de Desenvolvimento Econ\u00f4mico de Minas, Fernando Passalio, ressaltou a import\u00e2ncia das parcerias para o Estado. \u201c\u00c9 Minas Gerais se consolidando nesse processo de\u00a0 transi\u00e7\u00e3o energ\u00e9tica. Temos o l\u00edtio, terras raras e outros metais cr\u00edticos, tornando o Estado em uma refer\u00eancia mundial nessa nova economia. Para n\u00f3s do governo, \u00e9 um orgulho enorme fazer parte desse processo e dessa parceria, que eu tenho certeza que vai render bons frutos para Minas no futuro\u201d, afirmou. Tamb\u00e9m participaram do encontro com as mineradoras australianas o CEO da Invest Minas, Jo\u00e3o Paulo Braga, e o diretor de Atra\u00e7\u00e3o de Investimentos, Ronaldo Alexandre Barquette.<\/p>\n<p>No ano passado, a FIEMG tornou-se pioneira no Brasil ao adquirir o antigo Laborat\u00f3rio de Produ\u00e7\u00e3o de \u00cdm\u00e3s de Terras Raras (LABFAB ITR) do governo de Minas, atual CIT SENAI ITR. A estrutura vai atender a demanda por fontes renov\u00e1veis de energia, mobilidade el\u00e9trica e produ\u00e7\u00e3o de motores de alta performance, potencializando a participa\u00e7\u00e3o do Brasil na transi\u00e7\u00e3o energ\u00e9tica e no mercado de alta tecnologia. A unidade come\u00e7a a operar ainda neste ano, com a produ\u00e7\u00e3o de um primeiro lote piloto de \u00edm\u00e3s de Neod\u00edmio Ferro Boro (NdFeB).<\/p>\n<p><span>Terras raras<\/span><\/p>\n<p>As terras raras s\u00e3o um grupo composto por 17 elementos qu\u00edmicos, que pertencem \u00e0 s\u00e9rie dos lantan\u00eddeos na Tabela Peri\u00f3dica, al\u00e9m de dois outros elementos intimamente relacionados (esc\u00e2ndio e \u00edtrio). Esses minerais n\u00e3o s\u00e3o encontrados na forma elementar pura na natureza, mas em \u00f3xidos e compostos. Eles s\u00e3o essenciais para v\u00e1rias tecnologias modernas, como baterias, eletr\u00f4nicos, im\u00e3s e solu\u00e7\u00f5es de energia limpa.<\/p>\n<p>\u00a0<\/p>","protected":false},"excerpt":{"rendered":"<p>Foto: Rebecca Macedo O presidente da Federa\u00e7\u00e3o das Ind\u00fastrias do Estado de Minas Gerais (FIEMG), Fl\u00e1vio Roscoe, busca na Austr\u00e1lia parceiros que queiram investir no CIT SENAI ITR, primeira f\u00e1brica de \u00edm\u00e3s de terras raras da Am\u00e9rica Latina, localizada em Lagoa Santa (MG). As agendas no pa\u00eds integram uma miss\u00e3o de iniciativa do governo de [&hellip;]<\/p>\n","protected":false},"author":0,"featured_media":27136,"comment_status":"open","ping_status":"open","sticky":false,"template":"","format":"standard","meta":{"rop_custom_images_group":[],"rop_custom_messages_group":[],"rop_publish_now":"initial","rop_publish_now_accounts":[],"rop_publish_now_history":[],"rop_publish_now_status":"pending","footnotes":""},"categories":[6745],"tags":[],"class_list":["post-27135","post","type-post","status-publish","format-standard","has-post-thumbnail","hentry","category-coluna-sindijori"],"_links":{"self":[{"href":"https:\/\/diariotribuna.com.br\/index.php?rest_route=\/wp\/v2\/posts\/27135"}],"collection":[{"href":"https:\/\/diariotribuna.com.br\/index.php?rest_route=\/wp\/v2\/posts"}],"about":[{"href":"https:\/\/diariotribuna.com.br\/index.php?rest_route=\/wp\/v2\/types\/post"}],"replies":[{"embeddable":true,"href":"https:\/\/diariotribuna.com.br\/index.php?rest_route=%2Fwp%2Fv2%2Fcomments&post=27135"}],"version-history":[{"count":0,"href":"https:\/\/diariotribuna.com.br\/index.php?rest_route=\/wp\/v2\/posts\/27135\/revisions"}],"wp:featuredmedia":[{"embeddable":true,"href":"https:\/\/diariotribuna.com.br\/index.php?rest_route=\/wp\/v2\/media\/27136"}],"wp:attachment":[{"href":"https:\/\/diariotribuna.com.br\/index.php?rest_route=%2Fwp%2Fv2%2Fmedia&parent=27135"}],"wp:term":[{"taxonomy":"category","embeddable":true,"href":"https:\/\/diariotribuna.com.br\/index.php?rest_route=%2Fwp%2Fv2%2Fcategories&post=27135"},{"taxonomy":"post_tag","embeddable":true,"href":"https:\/\/diariotribuna.com.br\/index.php?rest_route=%2Fwp%2Fv2%2Ftags&post=27135"}],"curies":[{"name":"wp","href":"https:\/\/api.w.org\/{rel}","templated":true}]}}