{"id":27145,"date":"2024-10-31T11:37:03","date_gmt":"2024-10-31T14:37:03","guid":{"rendered":"https:\/\/diariotribuna.com.br\/?p=27145"},"modified":"2024-10-31T11:37:03","modified_gmt":"2024-10-31T14:37:03","slug":"multinacional-cria-novo-centro-de-distribuicao","status":"publish","type":"post","link":"https:\/\/diariotribuna.com.br\/?p=27145","title":{"rendered":"Multinacional cria novo centro de distribui\u00e7\u00e3o\u00a0"},"content":{"rendered":"<p class=\"MsoNormal\">\n<\/p><p class=\"MsoNormal\"><span><\/span><\/p>\n<p>\u00a0<\/p>\n<p><\/p>\n<p class=\"MsoNormal\"><span><\/span><\/p>\n<p>\u00a0<\/p>\n<p><\/p>\n<p class=\"MsoNormal\"><span><\/span><\/p>\n<p>\u00a0<\/p>\n<p><\/p>\n<p class=\"MsoNormal\"><span>COLUNA MG<\/span><\/p>\n<p><\/p>\n<p class=\"MsoNormal\"><span>Principais destaques dos jornais e portais integrantes da Rede Sindijori MG<\/span><\/p>\n<p><\/p>\n<p class=\"MsoNormal\"><a href=\"http:\/\/www.sindijorimg.com.br\/\"><span>www.sindijorimg.com.br<\/span><\/a><span><\/span><\/p>\n<p><\/p>\n<p class=\"MsoNormal\"><span><\/span><\/p>\n<p>\u00a0<\/p>\n<p><\/p>\n<p class=\"MsoNormal\"><span>Multinacional tem centro de distribui\u00e7\u00e3o <\/span><\/p>\n<p><\/p>\n<p class=\"MsoNormal\"><span>A Ajinomoto do Brasil inaugurou um novo centro de distribui\u00e7\u00e3o em Extrema (MG), com 11 mil metros quadrados, localizado \u00e0s margens da Rodovia Fern\u00e3o Dias. Desenvolvido em parceria com a DHL Supply Chain Brasil, o centro conta com infraestrutura moderna e tecnologia avan\u00e7ada, focando na efici\u00eancia log\u00edstica para a divis\u00e3o de alimentos. A empresa, que est\u00e1 no Brasil desde 1956 e emprega cerca de 3 mil pessoas, tem uma presen\u00e7a global com 116 f\u00e1bricas e produtos em mais de 130 pa\u00edses, reportando um faturamento global de US$ 9,9 bilh\u00f5es em 2023. (Gazeta de Varginha)<\/span><\/p>\n<p><\/p>\n<p class=\"MsoNormal\"><a href=\"https:\/\/www.gazetadevarginha.com.br\/post\/multinacional-inaugura-novo-centro-de-distribui%C3%A7%C3%A3o-%C3%A0s-margens-da-rodovia-fern%C3%A3o-dias-em-extrema\"><span>https:\/\/www.gazetadevarginha.com.br\/post\/multinacional-inaugura-novo-centro-de-distribui%C3%A7%C3%A3o-%C3%A0s-margens-da-rodovia-fern%C3%A3o-dias-em-extrema<\/span><\/a><span><\/span><\/p>\n<p><\/p>\n<p class=\"MsoNormal\"><span><\/span><\/p>\n<p>\u00a0<\/p>\n<p><\/p>\n<p class=\"MsoNormal\"><span>Uberl\u00e2ndia ter\u00e1 plano de arboriza\u00e7\u00e3o <\/span><\/p>\n<p><\/p>\n<p class=\"MsoNormal\"><span>Em 29 de outubro de 2024, foi assinado um decreto institucionalizando o Plano Municipal de Arboriza\u00e7\u00e3o Urbana em Uberl\u00e2ndia, visando a conserva\u00e7\u00e3o e amplia\u00e7\u00e3o da cobertura vegetal da cidade. A pol\u00edtica p\u00fablica, que ser\u00e1 atualizada a cada cinco anos, busca atender a normas ambientais e integrar fatores como clima e cultura local. Al\u00e9m disso, a Prefeitura firmou um acordo para o plantio de 5 mil mudas, a serem selecionadas com base no local de plantio, utilizando esp\u00e9cies adequadas para cal\u00e7adas, pra\u00e7as e espa\u00e7os verdes. (Di\u00e1rio de Uberl\u00e2ndia)<\/span><\/p>\n<p><\/p>\n<p class=\"MsoNormal\"><a href=\"https:\/\/diariodeuberlandia.com.br\/noticia\/36801\/uberlandia-tera-plano-de-arborizacao-urbana\"><span>https:\/\/diariodeuberlandia.com.br\/noticia\/36801\/uberlandia-tera-plano-de-arborizacao-urbana<\/span><\/a><span><\/span><\/p>\n<p><\/p>\n<p class=\"MsoNormal\"><span><\/span><\/p>\n<p>\u00a0<\/p>\n<p><\/p>\n<p class=\"MsoNormal\"><span>V Ecopedalada Divina Sustent\u00e1vel<\/span><\/p>\n<p><\/p>\n<p class=\"MsoNormal\"><span>A Prefeitura de Divin\u00f3polis realizou no \u00faltimo s\u00e1bado (26\/10) a V Ecopedalada \u2013 Divina Sustent\u00e1vel, em prol da Semana Municipal Lixo Zero, reunindo quarenta ciclistas, incluindo a participa\u00e7\u00e3o de crian\u00e7as. A concentra\u00e7\u00e3o da pedalada aconteceu na Pra\u00e7a do Santu\u00e1rio, com sa\u00edda em dire\u00e7\u00e3o ao bairro Nova Holanda. Ao chegarem ao destino, as crian\u00e7as e os demais participantes, com o aux\u00edlio de volunt\u00e1rios, realizaram o plantio de mudas de \u00e1rvores frut\u00edferas no entorno da nascente. O evento da Semana Lixo Zero proporcionou um momento de conscientiza\u00e7\u00e3o ambiental a todos os ciclistas, oferecendo espa\u00e7os para discuss\u00e3o sobre a tem\u00e1tica dos res\u00edduos s\u00f3lidos no munic\u00edpio. (Portal G37 de Not\u00edcias \u2013 Divin\u00f3polis)<\/span><\/p>\n<p><\/p>\n<p class=\"MsoNormal\"><span><a href=\"https:\/\/g37.com.br\/divinopolis\/ocorreu-no-sabado-a-v-ecopedalada-divina-sustentavel-em-divinopolis\/\">https:\/\/g37.com.br\/divinopolis\/ocorreu-no-sabado-a-v-ecopedalada-divina-sustentavel-em-divinopolis\/<\/a><\/span><\/p>\n<p><\/p>\n<p class=\"MsoNormal\"><span><\/span><\/p>\n<p>\u00a0<\/p>\n<p><\/p>\n<p class=\"MsoNormal\"><span>Empresa investe na f\u00e1brica em Uberaba<\/span><\/p>\n<p><\/p>\n<p class=\"MsoNormal\"><span>Empres\u00e1rios da Valley e da Valmont Industries anunciaram em Uberaba um plano de investimento de R$30 milh\u00f5es na cidade. O projeto pode ser consolidado no Distrito Industrial 5, que deve ter implanta\u00e7\u00e3o iniciada no pr\u00f3ximo ano. O plano anunciado \u00e9 para amplia\u00e7\u00e3o da capacidade da empresa em Uberaba e capacita\u00e7\u00e3o para nacionalizar produtos que antes eram importados. Na reuni\u00e3o, o presidente da Valmont Brasil, Cristiano Del Nero, disse que a f\u00e1brica hoje est\u00e1 instalada em \u00e1rea no Distrito Industrial 1, que \u00e9 pequena para as pretens\u00f5es. (Jornal da Manh\u00e3 \u2013 Uberaba)<\/span><\/p>\n<p><\/p>\n<p class=\"MsoNormal\"><span><a href=\"https:\/\/www.jmonline.com.br\/politica\/valmont-anuncia-investimento-de-r-30-milh-es-em-nova-fabrica-em-uberaba-1.439009\">https:\/\/www.jmonline.com.br\/politica\/valmont-anuncia-investimento-de-r-30-milh-es-em-nova-fabrica-em-uberaba-1.439009<\/a><\/span><\/p>\n<p><\/p>\n<p class=\"MsoNormal\"><span><\/span><\/p>\n<p>\u00a0<\/p>\n<p><\/p>\n<p class=\"MsoNormal\"><span>A\u00e7\u00e3o cobra preserva\u00e7\u00e3o de Furnas <\/span><\/p>\n<p><\/p>\n<p class=\"MsoNormal\"><span>A Unilagos e a Associa\u00e7\u00e3o dos Munic\u00edpios do Lago de Furnas (Alago) intensificaram suas mobiliza\u00e7\u00f5es em defesa dos Lagos de Furnas e Peixoto, solicitando a\u00e7\u00f5es urgentes das autoridades para garantir o uso racional das \u00e1guas e a preserva\u00e7\u00e3o das cotas m\u00ednimas dos lagos, que s\u00e3o tombados como patrim\u00f4nio de Minas Gerais. As entidades enfatizam que a luta \u00e9 pela defesa do patrim\u00f4nio h\u00eddrico e pelos direitos do povo mineiro ao uso sustent\u00e1vel dos recursos h\u00eddricos, essenciais para a economia e a cultura da regi\u00e3o. (Tribuna Formiguense) <\/span><\/p>\n<p><\/p>\n<p class=\"MsoNormal\"><a href=\"https:\/\/tribunacentroeste.com.br\/noticias\/unilagos-e-alago-cobram-a-es-urgentes-para-garantir-o-uso-racional-e-preserva-o-das-guas-dos-lagos-de-furnas-e-peixoto\"><span>https:\/\/tribunacentroeste.com.br\/noticias\/unilagos-e-alago-cobram-a-es-urgentes-para-garantir-o-uso-racional-e-preserva-o-das-guas-dos-lagos-de-furnas-e-peixoto<\/span><\/a><span class=\"MsoHyperlink\"><span><\/span><\/span><\/p>\n<p><\/p>\n<p class=\"MsoNormal\"><span><\/span><\/p>\n<p>\u00a0<\/p>\n<p><\/p>\n<p class=\"MsoNormal\"><span>Sa\u00fade qualifica UPA de Po\u00e7os<\/span><\/p>\n<p><\/p>\n<p class=\"MsoNormal\"><span>A Unidade de Pronto Atendimento (UPA) 24h Po\u00e7os de Caldas foi oficialmente qualificada pelo Minist\u00e9rio da Sa\u00fade por meio da Portaria de 23 de outubro de 2024. Com essa qualifica\u00e7\u00e3o, a unidade passa a receber um aporte anual de R$ 3 milh\u00f5es, recurso que ser\u00e1 destinado ao custeio e \u00e0 manuten\u00e7\u00e3o dos servi\u00e7os oferecidos, visando fortalecer a rede de urg\u00eancia e emerg\u00eancia do munic\u00edpio. Essa qualifica\u00e7\u00e3o, v\u00e1lida por tr\u00eas anos e renov\u00e1vel mediante avalia\u00e7\u00e3o, resulta da avalia\u00e7\u00e3o e aprova\u00e7\u00e3o da proposta SAIPS n\u00ba 192869, apresentada pela Prefeitura de Po\u00e7os de Caldas. (Jornal Mantiqueira \u2013 Po\u00e7os de Caldas)<\/span><\/p>\n<p><\/p>\n<p class=\"MsoNormal\"><span><a href=\"https:\/\/www.jornalmantiqueira.com.br\/2024\/10\/31\/ministerio-da-saude-qualifica-upa-de-pocos-e-destina-aporte-anual-de-r-3-milhoes\/\">https:\/\/www.jornalmantiqueira.com.br\/2024\/10\/31\/ministerio-da-saude-qualifica-upa-de-pocos-e-destina-aporte-anual-de-r-3-milhoes\/<\/a><\/span><\/p>\n<p><\/p>\n<p>\u00a0<\/p>","protected":false},"excerpt":{"rendered":"<p>\u00a0 \u00a0 \u00a0 COLUNA MG Principais destaques dos jornais e portais integrantes da Rede Sindijori MG www.sindijorimg.com.br \u00a0 Multinacional tem centro de distribui\u00e7\u00e3o A Ajinomoto do Brasil inaugurou um novo centro de distribui\u00e7\u00e3o em Extrema (MG), com 11 mil metros quadrados, localizado \u00e0s margens da Rodovia Fern\u00e3o Dias. Desenvolvido em parceria com a DHL Supply [&hellip;]<\/p>\n","protected":false},"author":0,"featured_media":27146,"comment_status":"open","ping_status":"open","sticky":false,"template":"","format":"standard","meta":{"rop_custom_images_group":[],"rop_custom_messages_group":[],"rop_publish_now":"initial","rop_publish_now_accounts":[],"rop_publish_now_history":[],"rop_publish_now_status":"pending","footnotes":""},"categories":[6745],"tags":[],"class_list":["post-27145","post","type-post","status-publish","format-standard","has-post-thumbnail","hentry","category-coluna-sindijori"],"_links":{"self":[{"href":"https:\/\/diariotribuna.com.br\/index.php?rest_route=\/wp\/v2\/posts\/27145"}],"collection":[{"href":"https:\/\/diariotribuna.com.br\/index.php?rest_route=\/wp\/v2\/posts"}],"about":[{"href":"https:\/\/diariotribuna.com.br\/index.php?rest_route=\/wp\/v2\/types\/post"}],"replies":[{"embeddable":true,"href":"https:\/\/diariotribuna.com.br\/index.php?rest_route=%2Fwp%2Fv2%2Fcomments&post=27145"}],"version-history":[{"count":0,"href":"https:\/\/diariotribuna.com.br\/index.php?rest_route=\/wp\/v2\/posts\/27145\/revisions"}],"wp:featuredmedia":[{"embeddable":true,"href":"https:\/\/diariotribuna.com.br\/index.php?rest_route=\/wp\/v2\/media\/27146"}],"wp:attachment":[{"href":"https:\/\/diariotribuna.com.br\/index.php?rest_route=%2Fwp%2Fv2%2Fmedia&parent=27145"}],"wp:term":[{"taxonomy":"category","embeddable":true,"href":"https:\/\/diariotribuna.com.br\/index.php?rest_route=%2Fwp%2Fv2%2Fcategories&post=27145"},{"taxonomy":"post_tag","embeddable":true,"href":"https:\/\/diariotribuna.com.br\/index.php?rest_route=%2Fwp%2Fv2%2Ftags&post=27145"}],"curies":[{"name":"wp","href":"https:\/\/api.w.org\/{rel}","templated":true}]}}