{"id":27151,"date":"2024-10-31T22:56:06","date_gmt":"2024-11-01T01:56:06","guid":{"rendered":"https:\/\/diariotribuna.com.br\/?p=27151"},"modified":"2024-11-02T14:37:53","modified_gmt":"2024-11-02T17:37:53","slug":"mais-tres-comarcas-mineiras-recebem-mutiroes-do-juri","status":"publish","type":"post","link":"https:\/\/diariotribuna.com.br\/?p=27151","title":{"rendered":"Mais tr\u00eas comarcas mineiras recebem Mutir\u00f5es do J\u00fari"},"content":{"rendered":"\n<h3 class=\"wp-block-heading\"><strong><em>Esfor\u00e7o concentrado ir\u00e1 analisar 45 processos em Jequitinhonha, Gr\u00e3o Mogol e Concei\u00e7\u00e3o do Mato Dentro<\/em><\/strong><\/h3>\n\n\n\n<figure class=\"wp-block-image size-full is-resized\"><img loading=\"lazy\" decoding=\"async\" width=\"700\" height=\"403\" src=\"https:\/\/diariotribuna.com.br\/wp-content\/uploads\/2024\/10\/Not-2-Mutirao-do-Juri-em-Unai.jpg\" alt=\"\" class=\"wp-image-27152\" style=\"width:557px;height:auto\" srcset=\"https:\/\/diariotribuna.com.br\/wp-content\/uploads\/2024\/10\/Not-2-Mutirao-do-Juri-em-Unai.jpg 700w, https:\/\/diariotribuna.com.br\/wp-content\/uploads\/2024\/10\/Not-2-Mutirao-do-Juri-em-Unai-300x173.jpg 300w, https:\/\/diariotribuna.com.br\/wp-content\/uploads\/2024\/10\/Not-2-Mutirao-do-Juri-em-Unai-696x401.jpg 696w\" sizes=\"(max-width: 700px) 100vw, 700px\" \/><figcaption class=\"wp-element-caption\"><strong><em>Tr\u00eas comarcas receber\u00e3o mutir\u00f5es do Tribunal do J\u00fari a partir de quarta-feira (30\/10): Jequitinhonha, Gr\u00e3o Mogol e Concei\u00e7\u00e3o do Mato Dentro<\/em><\/strong><\/figcaption><\/figure>\n\n\n\n<p>Com o intuito de ampliar a celeridade na presta\u00e7\u00e3o jurisdicional e desafogar os processos de crimes dolosos contra a vida, o Tribunal de Justi\u00e7a de Minas Gerais (TJMG) promove, a partir desta quarta-feira (30\/10), mutir\u00f5es do Tribunal do J\u00fari nas Comarcas de Jequitinhonha, Gr\u00e3o Mogol e Concei\u00e7\u00e3o do Mato Dentro. Devem ser analisados 45 processos no esfor\u00e7o concentrado que segue at\u00e9 18\/12.<\/p>\n\n\n\n<p>O Tribunal do J\u00fari tem a compet\u00eancia para julgar os chamados crimes dolosos contra a vida, que correspondem a atos praticados de forma intencional, como homic\u00eddio, indu\u00e7\u00e3o ou instiga\u00e7\u00e3o ao suic\u00eddio ou \u00e0 automutila\u00e7\u00e3o, infantic\u00eddio e aborto.<\/p>\n\n\n\n<p>A ju\u00edza auxiliar da Presid\u00eancia do TJMG e coordenadora do N\u00facleo de Justi\u00e7a 4.0, Marcela Maria Pereira Amaral Novais, afirmou que as tr\u00eas comarcas foram selecionadas por meio de levantamento pr\u00e9vio realizado em parceria com a Corregedoria-Geral de Justi\u00e7a de Minas Gerais, que, ap\u00f3s mapeamento no Estado, avaliou as regi\u00f5es que possuem mais processos da chamada Classe 282, de A\u00e7\u00e3o Penal de Compet\u00eancia do J\u00fari.&nbsp; &#8220;Essas s\u00e3o as comarcas que mais t\u00eam processos pendentes de sess\u00e3o de julgamento&#8221;, afirmou.<\/p>\n\n\n\n<p><strong>Na Comarca de Jequitinhonha<\/strong>, os Mutir\u00f5es do J\u00fari come\u00e7am nesta quarta-feira (30\/10) e seguem at\u00e9 o dia 14\/11. Ser\u00e3o analisados 22 processos, em pautas duplas simult\u00e2neas nos plen\u00e1rios do F\u00f3rum Doutor Ant\u00f4nio Peixoto e da C\u00e2mara de Vereadores. Foram designados dois ju\u00edzes cooperadores e cinco promotores de Justi\u00e7a. <strong>Em Concei\u00e7\u00e3o do Mato Dentro<\/strong>, os esfor\u00e7os concentrados v\u00e3o ocorrer de 18 a 28\/11. Devem ser analisados oito processos, com pautas simples e dois ju\u00edzes cooperadores designados.<\/p>\n\n\n\n<p><strong>Na Comarca de Gr\u00e3o Mogol,<\/strong> 15 processos s\u00e3o objeto da coopera\u00e7\u00e3o prevista para acontecer entre os dias 28\/11 e 18\/12, com pauta simples e cinco ju\u00edzes designados e sete promotores. Nesse per\u00edodo, tamb\u00e9m haver\u00e1 um mutir\u00e3o de audi\u00eancias de instru\u00e7\u00e3o e julgamento, de mat\u00e9rias diversas, em 40 processos, com um juiz cooperador. Oficiais de Justi\u00e7a foram destacados para cumprir os mandados que surgirem dos mutir\u00f5es e, tamb\u00e9m, aqueles que j\u00e1 estavam represados.<\/p>\n\n\n\n<p>Segundo a ju\u00edza Marcela Maria Pereira Amaral Novais, Gr\u00e3o Mogol \u00e9 um caso especial e foram mobilizados oficiais de Justi\u00e7a de Belo Horizonte. &#8220;Como h\u00e1 um grande volume de mandados pendentes de cumprimento na unidade, referentes a temas diversos, os oficiais de Justi\u00e7a designados ir\u00e3o cumprir n\u00e3o apenas os mandados originados do esfor\u00e7o concentrado, mas, tamb\u00e9m, aqueles paralisados. Gr\u00e3o Mogol, al\u00e9m de receber o nosso Mutir\u00e3o do J\u00fari, est\u00e1 recebendo coopera\u00e7\u00e3o em audi\u00eancias de instru\u00e7\u00e3o e julgamento. S\u00e3o dois mutir\u00f5es em um&#8221;, disse.<\/p>\n\n\n\n<p><strong>Mutir\u00f5es 2024 &#8211;<\/strong> No primeiro semestre deste ano, foram realizados mutir\u00f5es nas Comarcas de Una\u00ed, com 15 sess\u00f5es de julgamento em 10 dias; Te\u00f3filo Otoni, com 17 sess\u00f5es em 17 dias; Janu\u00e1ria, com 22 sess\u00f5es do j\u00fari; Santa B\u00e1rbara, com 12 sess\u00f5es em 12 dias; \u00c1guas Formosas, com 13 sess\u00f5es em 15 dias; e Monte Carmelo, com 21 sess\u00f5es em 21 dias. Em julho, foi realizado tamb\u00e9m um Mutir\u00e3o do J\u00fari na Comarca de Uberl\u00e2ndia, entre os dias 8 e 26\/7. Foram julgadas 58 a\u00e7\u00f5es penais da 1\u00aa, 2\u00aa e 3\u00aa Varas Criminais e da Vara de Viol\u00eancia Dom\u00e9stica e Familiar contra a Mulher.<\/p>\n\n\n\n<p>O TJMG tem se empenhado na realiza\u00e7\u00e3o de grandes mutir\u00f5es, n\u00e3o apenas no M\u00eas Nacional do J\u00fari, que ocorre em novembro, quando o Conselho Nacional de Justi\u00e7a (CNJ) conclama todos os tribunais a se mobilizarem para o julgamento de processos ligados a crimes dolosos contra a vida. No ano passado, a Corte mineira realizou, apenas em novembro, 423 sess\u00f5es nas coopera\u00e7\u00f5es. (Diretoria Executiva de Comunica\u00e7\u00e3o \u2013 Dircom\/ Tribunal de Justi\u00e7a de Minas Gerais \u2013 TJMG\/ <em>Cr\u00e9dito foto: \u00c9der Ribeiro\/ TJMG<\/em>).<\/p>\n","protected":false},"excerpt":{"rendered":"<p>Esfor\u00e7o concentrado ir\u00e1 analisar 45 processos em Jequitinhonha, Gr\u00e3o Mogol e Concei\u00e7\u00e3o do Mato Dentro Com o intuito de ampliar a celeridade na presta\u00e7\u00e3o jurisdicional e desafogar os processos de crimes dolosos contra a vida, o Tribunal de Justi\u00e7a de Minas Gerais (TJMG) promove, a partir desta quarta-feira (30\/10), mutir\u00f5es do Tribunal do J\u00fari nas [&hellip;]<\/p>\n","protected":false},"author":1,"featured_media":27152,"comment_status":"open","ping_status":"open","sticky":false,"template":"","format":"standard","meta":{"rop_custom_images_group":[],"rop_custom_messages_group":[],"rop_publish_now":"initial","rop_publish_now_accounts":[],"rop_publish_now_history":[],"rop_publish_now_status":"pending","footnotes":""},"categories":[31],"tags":[6762,1438,297,6760,53,6761],"class_list":["post-27151","post","type-post","status-publish","format-standard","has-post-thumbnail","hentry","category-juridico","tag-conceicao-do-mato-dentro","tag-grao-mogol","tag-jequitinhonha","tag-mutirao-do-juri","tag-tjmg","tag-tres-comarcas-mineiras"],"_links":{"self":[{"href":"https:\/\/diariotribuna.com.br\/index.php?rest_route=\/wp\/v2\/posts\/27151"}],"collection":[{"href":"https:\/\/diariotribuna.com.br\/index.php?rest_route=\/wp\/v2\/posts"}],"about":[{"href":"https:\/\/diariotribuna.com.br\/index.php?rest_route=\/wp\/v2\/types\/post"}],"author":[{"embeddable":true,"href":"https:\/\/diariotribuna.com.br\/index.php?rest_route=\/wp\/v2\/users\/1"}],"replies":[{"embeddable":true,"href":"https:\/\/diariotribuna.com.br\/index.php?rest_route=%2Fwp%2Fv2%2Fcomments&post=27151"}],"version-history":[{"count":1,"href":"https:\/\/diariotribuna.com.br\/index.php?rest_route=\/wp\/v2\/posts\/27151\/revisions"}],"predecessor-version":[{"id":27153,"href":"https:\/\/diariotribuna.com.br\/index.php?rest_route=\/wp\/v2\/posts\/27151\/revisions\/27153"}],"wp:featuredmedia":[{"embeddable":true,"href":"https:\/\/diariotribuna.com.br\/index.php?rest_route=\/wp\/v2\/media\/27152"}],"wp:attachment":[{"href":"https:\/\/diariotribuna.com.br\/index.php?rest_route=%2Fwp%2Fv2%2Fmedia&parent=27151"}],"wp:term":[{"taxonomy":"category","embeddable":true,"href":"https:\/\/diariotribuna.com.br\/index.php?rest_route=%2Fwp%2Fv2%2Fcategories&post=27151"},{"taxonomy":"post_tag","embeddable":true,"href":"https:\/\/diariotribuna.com.br\/index.php?rest_route=%2Fwp%2Fv2%2Ftags&post=27151"}],"curies":[{"name":"wp","href":"https:\/\/api.w.org\/{rel}","templated":true}]}}