{"id":27160,"date":"2024-11-01T11:54:02","date_gmt":"2024-11-01T14:54:02","guid":{"rendered":"https:\/\/diariotribuna.com.br\/?p=27160"},"modified":"2024-11-01T11:54:02","modified_gmt":"2024-11-01T14:54:02","slug":"valadarenses-na-disputa-de-trump-e-kamala","status":"publish","type":"post","link":"https:\/\/diariotribuna.com.br\/?p=27160","title":{"rendered":"Valadarenses na disputa de Trump e Kamala\u00a0"},"content":{"rendered":"<p class=\"MsoNormal\"><span>\u00a0<\/span><\/p>\n<p class=\"MsoNormal\"><span><\/span><\/p>\n<p>\u00a0<\/p>\n<p><\/p>\n<p class=\"MsoNormal\"><span>COLUNA MG<\/span><\/p>\n<p><\/p>\n<p class=\"MsoNormal\"><span>Principais destaques dos jornais e portais integrantes da Rede Sindijori MG<\/span><\/p>\n<p><\/p>\n<p class=\"MsoNormal\"><a href=\"http:\/\/www.sindijorimg.com.br\/\"><span>www.sindijorimg.com.br<\/span><\/a><span><\/span><\/p>\n<p><\/p>\n<p class=\"MsoNormal\"><span><\/span><\/p>\n<p>\u00a0<\/p>\n<p><\/p>\n<p class=\"MsoNormal\"><span>Valadarenses na disputa de Trump e Kamala<\/span><\/p>\n<p><\/p>\n<p class=\"MsoNormal\"><span>Governador Valadares entrou de cabe\u00e7a na disputa pol\u00edtica pela presid\u00eancia dos Estados Unidos. Agora outdoors pr\u00f3 Kamala Harris est\u00e3o sendo vistos pela cidade. O fato se deu ap\u00f3s outdoors em favor de Donald Trump aparecerem em alguns pontos do munic\u00edpio. Valadares \u00e9 conhecida nacionalmente como uma cidade de forte migra\u00e7\u00e3o para os Estados Unidos. Pelo visto os valadarenses est\u00e3o divididos quanto a quest\u00e3o pol\u00edtica nos EUA, que acontece em menos de uma semana. (Di\u00e1rio de Manhua\u00e7u)<\/span><\/p>\n<p><\/p>\n<p class=\"MsoNormal\"><span><a href=\"https:\/\/diariodemanhuacu.com.br\/apos-outdoors-para-trump-agora-governador-valadares-tem-outdoors-pro-kamala-harris\/\">https:\/\/diariodemanhuacu.com.br\/apos-outdoors-para-trump-agora-governador-valadares-tem-outdoors-pro-kamala-harris\/<\/a><\/span><\/p>\n<p><\/p>\n<p class=\"MsoNormal\"><span><\/span><\/p>\n<p>\u00a0<\/p>\n<p><\/p>\n<p class=\"MsoNormal\"><span>Igreja de Sabar\u00e1 ser\u00e1 restaurada <\/span><span><\/span><\/p>\n<p><\/p>\n<p class=\"MsoNormal\"><span>A Igreja de S\u00e3o Francisco de Assis em Sabar\u00e1 ser\u00e1 restaurada com um investimento de R$ 3,7 milh\u00f5es, fruto de um Termo de Compromisso firmado entre a Prefeitura de Sabar\u00e1 e o Iphan em 25 de setembro de 2024. A obra, que integra o Novo PAC, visa preservar a arquitetura barroca da igreja e revitalizar o Largo S\u00e3o Francisco, tornando-o mais acess\u00edvel e atrativo para a comunidade e visitantes. As a\u00e7\u00f5es, que incluem melhorias nas \u00e1reas verdes e mobili\u00e1rio urbano, devem ser conclu\u00eddas at\u00e9 o fim de 2026. (Folha de Sabar\u00e1)<\/span><\/p>\n<p><\/p>\n<p class=\"MsoNormal\"><a href=\"https:\/\/folhadesabara.com.br\/noticia\/38784\/igreja-de-sao-francisco-em-sabara-sera-restaurada-com-investimento-de-r-3-7-milhoes\"><span>https:\/\/folhadesabara.com.br\/noticia\/38784\/igreja-de-sao-francisco-em-sabara-sera-restaurada-com-investimento-de-r-3-7-milhoes<\/span><\/a><span><\/span><\/p>\n<p><\/p>\n<p class=\"MsoNormal\"><span><\/span><\/p>\n<p>\u00a0<\/p>\n<p><\/p>\n<p class=\"MsoNormal\"><span>Empresa mineira \u00e9 a 8\u00ba maior <\/span><\/p>\n<p><\/p>\n<p class=\"MsoNormal\"><span>O Grupo Patrimar, uma construtora e incorporadora mineira com mais de 60 anos de hist\u00f3ria, foi reconhecido como a 8\u00aa maior construtora imobili\u00e1ria do Brasil no ranking da revista O Empreiteiro, subindo duas posi\u00e7\u00f5es em rela\u00e7\u00e3o a 2022. A empresa, que opera nos segmentos de alta, m\u00e9dia e econ\u00f4mica, tem presen\u00e7a em Belo Horizonte, Rio de Janeiro e interior de S\u00e3o Paulo. Al\u00e9m dessa conquista, o Grupo Patrimar recebeu o selo Great Place to Work, destacando-se como uma das melhores empresas para se trabalhar em Minas Gerais. (Cidade Conecta \u2013 Nova Lima)<\/span><\/p>\n<p><\/p>\n<p class=\"MsoNormal\"><a href=\"https:\/\/www.itatiaia.com.br\/cidade-conecta\/2024\/10\/28\/empresa-mineira-e-a-8-maior-construtora-imobiliaria-do-brasil\"><span>https:\/\/www.itatiaia.com.br\/cidade-conecta\/2024\/10\/28\/empresa-mineira-e-a-8-maior-construtora-imobiliaria-do-brasil<\/span><\/a><span><\/span><\/p>\n<p><\/p>\n<p class=\"MsoNormal\"><span><\/span><\/p>\n<p>\u00a0<\/p>\n<p><\/p>\n<p class=\"MsoNormal\"><span>Festa Liter\u00e1ria homenagear\u00e1 Ad\u00e9lia <\/span><\/p>\n<p><\/p>\n<p class=\"MsoNormal\"><span>A sexta edi\u00e7\u00e3o da Festa Liter\u00e1ria de Carmo da Mata (Flicar) ocorrer\u00e1 de 7 a 9 de novembro, homenageando a renomada poeta mineira Ad\u00e9lia Prado. O evento contar\u00e1 com debates, saraus e lan\u00e7amentos liter\u00e1rio. Ao longo dos tr\u00eas dias, est\u00e3o programadas seis mesas de discuss\u00e3o, abordando temas como processos criativos e a import\u00e2ncia da poesia. Al\u00e9m disso, haver\u00e1 atividades voltadas para crian\u00e7as, como oficinas liter\u00e1rias e rodas de conta\u00e7\u00e3o de hist\u00f3rias, buscando envolver o p\u00fablico jovem e geral na celebra\u00e7\u00e3o da literatura. (Portal G37 de Not\u00edcias &#8211; Divin\u00f3polis)<\/span><\/p>\n<p><\/p>\n<p class=\"MsoNormal\"><a href=\"https:\/\/g37.com.br\/minas-gerais\/festa-literaria-de-carmo-da-mata-homenageara-adelia-prado\/\"><span>https:\/\/g37.com.br\/minas-gerais\/festa-literaria-de-carmo-da-mata-homenageara-adelia-prado\/<\/span><\/a><span><\/span><\/p>\n<p><\/p>\n<p class=\"MsoNormal\"><span><\/span><\/p>\n<p>\u00a0<\/p>\n<p><\/p>\n<p class=\"MsoNormal\"><span>Rotas do Brasil fica com a BR-262<\/span><\/p>\n<p><\/p>\n<p class=\"MsoNormal\"><span>A empresa Rotas do Brasil S.A. arrematou a concess\u00e3o da rodovia BR-262, entre Uberaba e Betim. O leil\u00e3o, realizado nesta quinta-feira (31) na B3, em S\u00e3o Paulo, resultou em um desconto de 15,30% sobre a tarifa b\u00e1sica de ped\u00e1gio. Com 438,9 km de extens\u00e3o, a BR-262, liga\u00e7\u00e3o do Tri\u00e2ngulo Mineiro com a Regi\u00e3o Metropolitana de Belo Horizonte, conhecida como Rota do Zebu, \u00e9 um corredor log\u00edstico fundamental para o escoamento da produ\u00e7\u00e3o agropecu\u00e1ria do pa\u00eds. A nova concession\u00e1ria ter\u00e1 30 anos para implementar melhorias significativas na rodovia. (Por Dentro de Minas \u2013 Belo Horizonte)<\/span><\/p>\n<p><\/p>\n<p class=\"MsoNormal\"><span><a href=\"https:\/\/pordentrodeminas.com.br\/noticias\/gerais\/2024\/10\/rotas-do-brasil-s-a-vence-leilao-da-br-262\/?utm_source=whatsapp&amp;utm_medium=Refer%C3%AAncia&amp;utm_term=gerais\">https:\/\/pordentrodeminas.com.br\/noticias\/gerais\/2024\/10\/rotas-do-brasil-s-a-vence-leilao-da-br-262\/?utm_source=whatsapp&amp;utm_medium=Refer%C3%AAncia&amp;utm_term=gerais<\/a><\/span><\/p>\n<p><\/p>\n<p class=\"MsoNormal\"><span><\/span><\/p>\n<p>\u00a0<\/p>\n<p><\/p>\n<p class=\"MsoNormal\"><span>S\u00e3o Louren\u00e7o alerta para golpe<\/span><\/p>\n<p><\/p>\n<p class=\"MsoNormal\"><span>A Prefeitura Municipal de S\u00e3o Louren\u00e7o, no Sul de Minas, informou que um novo golpe tem sido praticado em publica\u00e7\u00e3o nas redes sociais. Segundo a nota, os golpistas t\u00eam usado informa\u00e7\u00f5es da Prefeitura do munic\u00edpio. Dessa forma, esclarece o Governo Municipal: \u201cSe voc\u00ea receber algum e-mail ou mensagem informando que est\u00e1 com o CNPJ irregular, fique atento, pois \u00e9 golpe. A Prefeitura de S\u00e3o Lourenco n\u00e3o envia essas informa\u00e7\u00f5es e cobran\u00e7as por e-mail\u201d, finalizou na publica\u00e7\u00e3o. (Jornal Panorama \u2013 Caxambu)<\/span><\/p>\n<p><\/p>\n<p class=\"MsoNormal\"><span><a href=\"https:\/\/jornalpanoramaminas.com.br\/site\/prefeitura-de-sao-lourenco-alerta-para-golpe-que-usa-informacoes-da-prefeitura\/\">https:\/\/jornalpanoramaminas.com.br\/site\/prefeitura-de-sao-lourenco-alerta-para-golpe-que-usa-informacoes-da-prefeitura\/<\/a><\/span><\/p>\n<p><\/p>\n<p class=\"MsoNormal\"><span><\/span><\/p>\n<p>\u00a0<\/p>\n<p><\/p>\n<p class=\"MsoNormal\"><span>Extremos Clim\u00e1ticos debatidos em Po\u00e7os<\/span><\/p>\n<p><\/p>\n<p class=\"MsoNormal\"><span>O IF Sul de Minas- Campus Muzambinho em parceria com a GSC Eventos Especiais promoveu a 21\u00aa edi\u00e7\u00e3o do Congresso Nacional de Meio Ambiente de Po\u00e7os de Caldas (CNMA). O evento aconteceu de 22 a 25 de outubro, no Espa\u00e7o da Urca, com a tem\u00e1tica de discuss\u00e3o: \u201cExtremos clim\u00e1ticos: riscos atuais e impactos futuros\u201d. Especialistas de diferentes \u00e1reas do conhecimento contribu\u00edram cientificamente com a divulga\u00e7\u00e3o de pesquisas e compartilhamento de dados. A organiza\u00e7\u00e3o do CNMA contou com uma comiss\u00e3o organizadora composta por pesquisadores de Institui\u00e7\u00f5es de Ensino, Prefeituras, ONG\u00b4s, membros da sociedade civil e de atores sociais envolvidos com as causas ambientais. (Folha Regional \u2013 Muzambinho)<\/span><\/p>\n<p><\/p>\n<p class=\"MsoNormal\"><span><a href=\"https:\/\/muzambinho.com.br\/2024\/11\/01\/extremos-climaticos-e-pauta-do-congresso-nacional-de-meio-ambiente-de-pocos-de-caldas\/\">https:\/\/muzambinho.com.br\/2024\/11\/01\/extremos-climaticos-e-pauta-do-congresso-nacional-de-meio-ambiente-de-pocos-de-caldas\/<\/a><\/span><\/p>\n<p><\/p>\n<p class=\"MsoNormal\"><span><\/span><\/p>\n<p>\u00a0<\/p>\n<p><\/p>\n<p>\u00a0<\/p>","protected":false},"excerpt":{"rendered":"<p>\u00a0 \u00a0 COLUNA MG Principais destaques dos jornais e portais integrantes da Rede Sindijori MG www.sindijorimg.com.br \u00a0 Valadarenses na disputa de Trump e Kamala Governador Valadares entrou de cabe\u00e7a na disputa pol\u00edtica pela presid\u00eancia dos Estados Unidos. Agora outdoors pr\u00f3 Kamala Harris est\u00e3o sendo vistos pela cidade. O fato se deu ap\u00f3s outdoors em favor [&hellip;]<\/p>\n","protected":false},"author":0,"featured_media":27161,"comment_status":"open","ping_status":"open","sticky":false,"template":"","format":"standard","meta":{"rop_custom_images_group":[],"rop_custom_messages_group":[],"rop_publish_now":"initial","rop_publish_now_accounts":[],"rop_publish_now_history":[],"rop_publish_now_status":"pending","footnotes":""},"categories":[6745],"tags":[],"class_list":["post-27160","post","type-post","status-publish","format-standard","has-post-thumbnail","hentry","category-coluna-sindijori"],"_links":{"self":[{"href":"https:\/\/diariotribuna.com.br\/index.php?rest_route=\/wp\/v2\/posts\/27160"}],"collection":[{"href":"https:\/\/diariotribuna.com.br\/index.php?rest_route=\/wp\/v2\/posts"}],"about":[{"href":"https:\/\/diariotribuna.com.br\/index.php?rest_route=\/wp\/v2\/types\/post"}],"replies":[{"embeddable":true,"href":"https:\/\/diariotribuna.com.br\/index.php?rest_route=%2Fwp%2Fv2%2Fcomments&post=27160"}],"version-history":[{"count":0,"href":"https:\/\/diariotribuna.com.br\/index.php?rest_route=\/wp\/v2\/posts\/27160\/revisions"}],"wp:featuredmedia":[{"embeddable":true,"href":"https:\/\/diariotribuna.com.br\/index.php?rest_route=\/wp\/v2\/media\/27161"}],"wp:attachment":[{"href":"https:\/\/diariotribuna.com.br\/index.php?rest_route=%2Fwp%2Fv2%2Fmedia&parent=27160"}],"wp:term":[{"taxonomy":"category","embeddable":true,"href":"https:\/\/diariotribuna.com.br\/index.php?rest_route=%2Fwp%2Fv2%2Fcategories&post=27160"},{"taxonomy":"post_tag","embeddable":true,"href":"https:\/\/diariotribuna.com.br\/index.php?rest_route=%2Fwp%2Fv2%2Ftags&post=27160"}],"curies":[{"name":"wp","href":"https:\/\/api.w.org\/{rel}","templated":true}]}}