{"id":27164,"date":"2024-11-02T12:49:10","date_gmt":"2024-11-02T15:49:10","guid":{"rendered":"https:\/\/diariotribuna.com.br\/?p=27164"},"modified":"2024-11-02T12:49:10","modified_gmt":"2024-11-02T15:49:10","slug":"municipios-mineiros-prejudicados-por-mineradoras","status":"publish","type":"post","link":"https:\/\/diariotribuna.com.br\/?p=27164","title":{"rendered":"Munic\u00edpios mineiros prejudicados por mineradoras\u00a0"},"content":{"rendered":"<p class=\"MsoNormal\">\n<\/p><p class=\"MsoNormal\"><span>COLUNA MG<\/span><\/p>\n<p><\/p>\n<p class=\"MsoNormal\"><span>Principais destaques dos jornais e portais integrantes da Rede Sindijori MG<\/span><\/p>\n<p><\/p>\n<p class=\"MsoNormal\"><a href=\"http:\/\/www.sindijorimg.com.br\/\"><span>www.sindijorimg.com.br<\/span><\/a><span><\/span><\/p>\n<p><\/p>\n<p class=\"MsoNormal\"><span><\/span><\/p>\n<p>\u00a0<\/p>\n<p><\/p>\n<p class=\"MsoNormal\"><span>Munic\u00edpios prejudicados por mineradoras <\/span><\/p>\n<p><\/p>\n<p class=\"MsoNormal\"><span>Uma auditoria do Tribunal de Contas da Uni\u00e3o revelou que a Vale e outras mineradoras deixaram de pagar R$2,8 bilh\u00f5es aos cofres p\u00fablicos pela explora\u00e7\u00e3o de recursos minerais, prejudicando munic\u00edpios de Minas Gerais, como Mariana, Ouro Preto e Itabira. Mariana, j\u00e1 impactada pelo rompimento da Barragem de Fund\u00e3o em 2015, perdeu cerca de R$262 milh\u00f5es em royalties, enquanto a Vale registrou lucros de R$121 bilh\u00f5es em 2021. A Ag\u00eancia Nacional de Minera\u00e7\u00e3o (ANM), respons\u00e1vel pela fiscaliza\u00e7\u00e3o do setor, enfrenta dificuldades devido \u00e0 falta de recursos e pessoal, o que reduz suas capacidades de fiscaliza\u00e7\u00e3o (O Liberal \u2013 Ouro Preto)<\/span><\/p>\n<p><\/p>\n<p class=\"MsoNormal\"><a href=\"https:\/\/oliberalinconfidentes.com.br\/destaque\/municipios-de-minas-gerais-sao-prejudicados-por-calote-da-vale-e-outras-mineradoras\/\"><span>https:\/\/oliberalinconfidentes.com.br\/destaque\/municipios-de-minas-gerais-sao-prejudicados-por-calote-da-vale-e-outras-mineradoras\/<\/span><\/a><span><\/span><\/p>\n<p><\/p>\n<p class=\"MsoNormal\"><span><\/span><\/p>\n<p>\u00a0<\/p>\n<p><\/p>\n<p class=\"MsoNormal\"><span>Ministro enaltece Pacheco<\/span><\/p>\n<p><\/p>\n<p class=\"MsoNormal\"><span><span>\u00a0\u00a0\u00a0\u00a0\u00a0\u00a0\u00a0\u00a0\u00a0\u00a0\u00a0 <\/span>No XXVII Congresso Internacional de Direito Constitucional, realizado entre 29 e 31 de outubro de 2024, em Bras\u00edlia, o ministro Gilmar Mendes proferiu um discurso em homenagem \u00e0 trajet\u00f3ria do presidente do Senado, Rodrigo Pacheco, agraciado com o t\u00edtulo de Doutor Honoris Causa pelo IDP &#8211; Instituto Brasileiro de Ensino, Desenvolvimento e Pesquisa. Em seu discurso, Gilmar Mendes ressaltou o papel de Pacheco na prote\u00e7\u00e3o das institui\u00e7\u00f5es democr\u00e1ticas e sua postura firme contra ataques ao sistema eleitoral brasileiro. (Gazeta de Varginha)<\/span><\/p>\n<p><\/p>\n<p class=\"MsoNormal\"><span><a href=\"https:\/\/www.gazetadevarginha.com.br\/post\/em-discurso-gilmar-mendes-enaltece-pacheco-como-defensor-da-democracia\">https:\/\/www.gazetadevarginha.com.br\/post\/em-discurso-gilmar-mendes-enaltece-pacheco-como-defensor-da-democracia<\/a><\/span><\/p>\n<p><\/p>\n<p class=\"MsoNormal\"><span><\/span><\/p>\n<p>\u00a0<\/p>\n<p><\/p>\n<p class=\"MsoNormal\"><span>Produ\u00e7\u00e3o de cinema ganhar\u00e1 incentivo <\/span><\/p>\n<p><\/p>\n<p class=\"MsoNormal\"><span>A produ\u00e7\u00e3o de cinema no Vale do A\u00e7o e Vale do Rio Doce receber\u00e1 um impulso com a cria\u00e7\u00e3o do Polo Cine Vales, um Arranjo Produtivo Local (APL) que visa estimular a economia criativa na regi\u00e3o. O APL reunir\u00e1 empresas, escolas e profissionais de audiovisual para fortalecer a produ\u00e7\u00e3o local. O projeto ter\u00e1 tr\u00eas eixos principais: forma\u00e7\u00e3o de novos profissionais, atra\u00e7\u00e3o de produ\u00e7\u00f5es audiovisuais por meio de editais e suporte \u00e0 distribui\u00e7\u00e3o das obras, buscando parcerias com plataformas de streaming e canais de TV. (Di\u00e1rio do A\u00e7o \u2013 Ipatinga) <\/span><\/p>\n<p><\/p>\n<p class=\"MsoNormal\"><a href=\"https:\/\/www.diariodoaco.com.br\/noticia\/0119762-producao-de-cinema-no-vale-do-aco-ganhara-incentivo-com-arranjo-produtivo-local\"><span>https:\/\/www.diariodoaco.com.br\/noticia\/0119762-producao-de-cinema-no-vale-do-aco-ganhara-incentivo-com-arranjo-produtivo-local<\/span><\/a><span><\/span><\/p>\n<p><\/p>\n<p class=\"MsoNormal\"><span><\/span><\/p>\n<p>\u00a0<\/p>\n<p><\/p>\n<p class=\"MsoNormal\"><span>Matriarcas aumentam em Vi\u00e7osa<\/span><\/p>\n<p><\/p>\n<p class=\"MsoNormal\"><span>Os dados do Censo Demogr\u00e1fico 2022 revelam um aumento significativo na participa\u00e7\u00e3o das mulheres como chefes de fam\u00edlia em Vi\u00e7osa, onde 47,3% dos 29.084 domic\u00edlios t\u00eam respons\u00e1veis do sexo feminino, em compara\u00e7\u00e3o a 36% em 2010. Isso corresponde a 13.768 lares, sendo que 7,3% t\u00eam cinco ou mais moradores. Entre os jovens de at\u00e9 24 anos, 53% dos chefes de fam\u00edlia s\u00e3o mulheres, e a porcentagem \u00e9 ainda maior (56,2%) em domic\u00edlios com chefes de at\u00e9 17 anos. Das mulheres chefes de fam\u00edlia, 54,2% s\u00e3o negras, com uma propor\u00e7\u00e3o de 55,4% entre as mais jovens. (Folha da Mata \u2013 Vi\u00e7osa)<\/span><\/p>\n<p><\/p>\n<p class=\"MsoNormal\"><a href=\"https:\/\/www.folhadamata.com.br\/mulheres-aumentam-participacao-como-chefes-de-familia-em-vicosa-mostra-censo\"><span>https:\/\/www.folhadamata.com.br\/mulheres-aumentam-participacao-como-chefes-de-familia-em-vicosa-mostra-censo<\/span><\/a><span><\/span><\/p>\n<p><\/p>\n<p class=\"MsoNormal\"><span><\/span><\/p>\n<p>\u00a0<\/p>\n<p><\/p>\n<p class=\"MsoNormal\"><span><\/span><\/p>\n<p>\u00a0<\/p>\n<p><\/p>\n<p class=\"MsoNormal\"><span>Programa amplia atendimento a animais <\/span><\/p>\n<p><\/p>\n<p class=\"MsoNormal\"><span>Minas Gerais ampliou o atendimento a c\u00e3es e gatos por meio do Programa Estadual de Sa\u00fade B\u00e1sica Animal. Desde dezembro de 2023, cerca de 2.700 atendimentos foram realizados em 49 munic\u00edpios, focando em animais de rua e de fam\u00edlias de baixa renda. O programa oferece servi\u00e7os como consultas, vacina\u00e7\u00e3o, vermifuga\u00e7\u00e3o, testes r\u00e1pidos, curativos e microchipagem, tudo realizado por profissionais qualificados em unidades m\u00f3veis. A iniciativa visa n\u00e3o apenas a sa\u00fade dos animais, mas tamb\u00e9m promover a guarda respons\u00e1vel e o respeito aos direitos dos animais. (Jornal Em Tempo \u2013 Nanuque)<\/span><\/p>\n<p><\/p>\n<p class=\"MsoNormal\"><a href=\"https:\/\/jornalemtempo.com\/minas-amplia-alcance-de-atendimento-a-caes-e-gatos-por-meio-do-programa-estadual-de-saude-basica-animal\"><span>https:\/\/jornalemtempo.com\/minas-amplia-alcance-de-atendimento-a-caes-e-gatos-por-meio-do-programa-estadual-de-saude-basica-animal<\/span><\/a><span><\/span><\/p>\n<p><\/p>\n<p class=\"MsoNormal\"><span><\/span><\/p>\n<p>\u00a0<\/p>\n<p><\/p>\n<p class=\"MsoNormal\"><span>Divin\u00f3polis tem \u2018Fecom\u00e9rcio na Rua\u2019<\/span><\/p>\n<p><\/p>\n<p class=\"MsoNormal\"><span>O Sindicato do Com\u00e9rcio Varejista de Divin\u00f3polis \u2013 Sincom\u00e9rcio, em parceria com o Sistema Fecom\u00e9rcio MG, Sesc, Senac e Sindicatos Empresariais, realiza a \u201cFecom\u00e9rcio na Rua\u201d com atividades at\u00e9 o dia 13 de dezembro. Nos dias 07,08, 09 e 10 de novembro est\u00e3o concentradas as atividades que envolvem toda a fam\u00edlia, dentre as grandes atra\u00e7\u00f5es est\u00e1 o show de Gian &amp; Giovani em Divin\u00f3polis. O evento, com entrada gratuita, traz uma programa\u00e7\u00e3o diversificada com oficinas, servi\u00e7os de sa\u00fade, gastronomia, m\u00fasica e atividades culturais, abrangendo os quatro dias de atra\u00e7\u00f5es. (Portal Gerais \u2013 Divin\u00f3polis)<\/span><\/p>\n<p><\/p>\n<p class=\"MsoNormal\"><span><a href=\"https:\/\/portalgerais.com\/fecomercio-na-rua-tera-show-gratuito-de-gian-giovani-e-atracoes-para-a-familia-em-divinopolis\/\">https:\/\/portalgerais.com\/fecomercio-na-rua-tera-show-gratuito-de-gian-giovani-e-atracoes-para-a-familia-em-divinopolis\/<\/a><\/span><\/p>\n<p><\/p>\n<p class=\"MsoNormal\"><span><\/span><\/p>\n<p>\u00a0<\/p>\n<p><\/p>\n<p class=\"MsoNormal\"><span>Arax\u00e1 tem encontro de hotelaria<\/span><\/p>\n<p><\/p>\n<p class=\"MsoNormal\"><span>Arax\u00e1-MG est\u00e1 sediando o 23\u00ba Encontro da Hotelaria Mineira. O evento que re\u00fane o trade, fornecedores e players do setor, acontece nos dias 1\u00ba e 2 de novembro de 2024, em dois endere\u00e7os conhecidos da cidade: no Grande Hotel Termas de Arax\u00e1 na sexta-feira 1\u00ba de novembro, e no Sesc Arax\u00e1 no dia 2. A iniciativa \u00e9 da Federa\u00e7\u00e3o Brasileira de Hospedagem e Alimenta\u00e7\u00e3o (FBHA), com o apoio de diversas entidades do setor tur\u00edstico e comercial, incluindo a Associa\u00e7\u00e3o Brasileira da Ind\u00fastria de Hot\u00e9is, ABIH-MG, a Associa\u00e7\u00e3o Brasileira de Jornalistas de Turismo \u2013 Abrajet-MG, Confedera\u00e7\u00e3o Nacional do Com\u00e9rcio de Bens, Servi\u00e7os e Turismo \u2013 CNC, da F\u00e9com\u00e9rcio MG Sesc. Senac, do Sindicom\u00e9rcio de Arax\u00e1, e da Prefeitura de Arax\u00e1. (Conex\u00e3o Minas \u2013 Belo Horizonte)<\/span><\/p>\n<p><\/p>\n<p class=\"MsoNormal\"><span><a href=\"https:\/\/zeaparecido.com.br\/blogueiros\/hoteleiros-mineiros-se-reunem-para-o-23o-encontro-da-hotelaria-no-grande-hotel-termas-de-araxa\/\">https:\/\/zeaparecido.com.br\/blogueiros\/hoteleiros-mineiros-se-reunem-para-o-23o-encontro-da-hotelaria-no-grande-hotel-termas-de-araxa\/<\/a><\/span><\/p>\n<p><\/p>\n<p>\u00a0<\/p>","protected":false},"excerpt":{"rendered":"<p>COLUNA MG Principais destaques dos jornais e portais integrantes da Rede Sindijori MG www.sindijorimg.com.br \u00a0 Munic\u00edpios prejudicados por mineradoras Uma auditoria do Tribunal de Contas da Uni\u00e3o revelou que a Vale e outras mineradoras deixaram de pagar R$2,8 bilh\u00f5es aos cofres p\u00fablicos pela explora\u00e7\u00e3o de recursos minerais, prejudicando munic\u00edpios de Minas Gerais, como Mariana, Ouro [&hellip;]<\/p>\n","protected":false},"author":0,"featured_media":27165,"comment_status":"open","ping_status":"open","sticky":false,"template":"","format":"standard","meta":{"rop_custom_images_group":[],"rop_custom_messages_group":[],"rop_publish_now":"initial","rop_publish_now_accounts":[],"rop_publish_now_history":[],"rop_publish_now_status":"pending","footnotes":""},"categories":[6745],"tags":[],"class_list":["post-27164","post","type-post","status-publish","format-standard","has-post-thumbnail","hentry","category-coluna-sindijori"],"_links":{"self":[{"href":"https:\/\/diariotribuna.com.br\/index.php?rest_route=\/wp\/v2\/posts\/27164"}],"collection":[{"href":"https:\/\/diariotribuna.com.br\/index.php?rest_route=\/wp\/v2\/posts"}],"about":[{"href":"https:\/\/diariotribuna.com.br\/index.php?rest_route=\/wp\/v2\/types\/post"}],"replies":[{"embeddable":true,"href":"https:\/\/diariotribuna.com.br\/index.php?rest_route=%2Fwp%2Fv2%2Fcomments&post=27164"}],"version-history":[{"count":0,"href":"https:\/\/diariotribuna.com.br\/index.php?rest_route=\/wp\/v2\/posts\/27164\/revisions"}],"wp:featuredmedia":[{"embeddable":true,"href":"https:\/\/diariotribuna.com.br\/index.php?rest_route=\/wp\/v2\/media\/27165"}],"wp:attachment":[{"href":"https:\/\/diariotribuna.com.br\/index.php?rest_route=%2Fwp%2Fv2%2Fmedia&parent=27164"}],"wp:term":[{"taxonomy":"category","embeddable":true,"href":"https:\/\/diariotribuna.com.br\/index.php?rest_route=%2Fwp%2Fv2%2Fcategories&post=27164"},{"taxonomy":"post_tag","embeddable":true,"href":"https:\/\/diariotribuna.com.br\/index.php?rest_route=%2Fwp%2Fv2%2Ftags&post=27164"}],"curies":[{"name":"wp","href":"https:\/\/api.w.org\/{rel}","templated":true}]}}