{"id":27211,"date":"2024-11-05T22:12:41","date_gmt":"2024-11-06T01:12:41","guid":{"rendered":"https:\/\/diariotribuna.com.br\/?p=27211"},"modified":"2024-11-07T11:23:27","modified_gmt":"2024-11-07T14:23:27","slug":"reuniao-no-tjmg-debate-acoes-de-combate-a-violencia-dentro-e-fora-dos-estadios","status":"publish","type":"post","link":"https:\/\/diariotribuna.com.br\/?p=27211","title":{"rendered":"Reuni\u00e3o no TJMG debate a\u00e7\u00f5es de combate \u00e0 viol\u00eancia dentro e fora dos est\u00e1dios"},"content":{"rendered":"\n<h3 class=\"wp-block-heading\"><em><strong>Diversas medidas ser\u00e3o adotadas na busca de solu\u00e7\u00f5es para o problema<\/strong><\/em><\/h3>\n\n\n\n<figure class=\"wp-block-image size-full is-resized\"><img loading=\"lazy\" decoding=\"async\" width=\"700\" height=\"400\" src=\"https:\/\/diariotribuna.com.br\/wp-content\/uploads\/2024\/11\/7c5240ef-d5b2-45f8-95a9-fa418fc64099.jpg\" alt=\"\" class=\"wp-image-27212\" style=\"width:509px;height:auto\" srcset=\"https:\/\/diariotribuna.com.br\/wp-content\/uploads\/2024\/11\/7c5240ef-d5b2-45f8-95a9-fa418fc64099.jpg 700w, https:\/\/diariotribuna.com.br\/wp-content\/uploads\/2024\/11\/7c5240ef-d5b2-45f8-95a9-fa418fc64099-300x171.jpg 300w, https:\/\/diariotribuna.com.br\/wp-content\/uploads\/2024\/11\/7c5240ef-d5b2-45f8-95a9-fa418fc64099-696x398.jpg 696w\" sizes=\"(max-width: 700px) 100vw, 700px\" \/><\/figure>\n\n\n\n<p>O Tribunal de Justi\u00e7a de Minas Gerais (TJMG) realizou na segunda-feira (4\/11) reuni\u00e3o para debater a\u00e7\u00f5es integradas, estrat\u00e9gicas e sist\u00eamicas para o combate \u00e0 viol\u00eancia dentro e fora dos est\u00e1dios e que envolvem planejamento, medidas socioeducativas, campanhas publicit\u00e1rias, cadastramento de torcidas organizadas, e reconhecimento facial no acesso aos est\u00e1dios, entre outros.<\/p>\n\n\n\n<p><strong>Participaram da reuni\u00e3o<\/strong> o superintendente administrativo adjunto, desembargador Vicente de Oliveira Silva; o corregedor-geral de Justi\u00e7a, desembargador Estev\u00e3o Lucchesi de Carvalho; o superintendente do Juizado do Torcedor e Grandes Eventos, desembargador Fernando Lins; ju\u00edza coordenadora dos Juizados Especiais de Minas Gerais, Raquel Discaciati; os promotores de justi\u00e7a Fernando Abreu e Marcos Paulo de Souza Miranda; a promotora de justi\u00e7a Paula Ayres Lima Damasceno; o juiz auxiliar da Corregedoria-Geral de Justi\u00e7a, Guilherme Lima; a juiz auxiliar da Corregedoria-Geral de Justi\u00e7a, Andr\u00e9a Cristina de Miranda; a ju\u00edza Maria Isabel Fleck; o juiz auxiliar da Presid\u00eancia, Marcelo Rodrigues Fioravante, coordenador de Seguran\u00e7a Institucional; o delegado da Delegacia de Eventos e Prote\u00e7\u00e3o ao Turista, Felix Magno Von Dollinger; a delegada Sheila Starling, representando o superintendente de Investiga\u00e7\u00e3o e Pol\u00edcia Judici\u00e1ria, delegado-geral J\u00falio Wilke; tenente-coronel Mafra, comandante do Batalh\u00e3o de Choque; o tenente coronel Calixto, da Diretoria de Opera\u00e7\u00f5es e o Major Rocha.<\/p>\n\n\n\n<figure class=\"wp-block-image size-full is-resized\"><img loading=\"lazy\" decoding=\"async\" width=\"600\" height=\"347\" src=\"https:\/\/diariotribuna.com.br\/wp-content\/uploads\/2024\/11\/60aa5fc0-4934-48ae-bf51-a34a9a731d55.jpg\" alt=\"\" class=\"wp-image-27213\" style=\"width:539px;height:auto\" srcset=\"https:\/\/diariotribuna.com.br\/wp-content\/uploads\/2024\/11\/60aa5fc0-4934-48ae-bf51-a34a9a731d55.jpg 600w, https:\/\/diariotribuna.com.br\/wp-content\/uploads\/2024\/11\/60aa5fc0-4934-48ae-bf51-a34a9a731d55-300x174.jpg 300w\" sizes=\"(max-width: 600px) 100vw, 600px\" \/><\/figure>\n\n\n\n<p><strong>O superintendente administrativo adjunto, desembargador Vicente de Oliveira Silva<\/strong>, disse que a reuni\u00e3o teve como objetivo fazer um exame dos aspectos legais e medidas de combate a viol\u00eancia no esporte. \u201cAtualmente n\u00f3s temos observado o crescimento da viol\u00eancia envolvendo torcidas organizadas, tanto dentro quanto fora dos est\u00e1dios de futebol, portanto \u00e9 importante a uni\u00e3o de for\u00e7as para que possamos combater essa viol\u00eancia que tem acontecido.<\/p>\n\n\n\n<p>Ele disse ainda que ser\u00e1 expedido uma resolu\u00e7\u00e3o conjunta envolvendo Secretaria de Estado de Justi\u00e7a e Seguran\u00e7a P\u00fablica, Procuradoria-Geral de Justi\u00e7a, Tribunal de Justi\u00e7a de Minas Gerais, Pol\u00edcia Militar e Pol\u00edcia Civil de Minas Gerais, que disp\u00f5e sobre a cria\u00e7\u00e3o de Grupo de Interven\u00e7\u00e3o Estrat\u00e9gica de Enfrentamento \u00e0s A\u00e7\u00f5es Criminosas de Torcedores Violentos e Torcidas Organizadas. Acrescentou que o TJMG ir\u00e1 realizar campanhas educativas nos est\u00e1dios para combater o preconceito racial e a viol\u00eancia dom\u00e9stica.<\/p>\n\n\n\n<p><strong>O corregedor-geral de Justi\u00e7a, desembargador Estev\u00e3o Lucchesi de Carvalho<\/strong>, afirmou que \u201ca reuni\u00e3o promoveu um di\u00e1logo franco e uma troca de experi\u00eancias visando o aperfei\u00e7oamento das a\u00e7\u00f5es e a Corregedoria est\u00e1 dispon\u00edvel para avan\u00e7ar em medidas que possam oferecer mais seguran\u00e7a nos est\u00e1dios\u201d.<\/p>\n\n\n\n<p><strong>O promotor de justi\u00e7a de Defesa do Consumidor, Fernando Abreu, destacou que <\/strong>o fen\u00f4meno da viol\u00eancia n\u00e3o est\u00e1 mais restrito aos est\u00e1dios, j\u00e1 que s\u00e3o registrados ataques nas ruas e\/ou rodovias. \u201cA ideia deste grupo \u00e9 integrar o estado, nas suas mais diversas esferas, para combater a criminalidade, que se associa mais a criminosos do que torcedores organizados, como forma de dar uma resposta efetiva para a sociedade\u201d.\u00a0<\/p>\n\n\n\n<p><strong>O superintendente do Juizado do Torcedor e Grandes Eventos, desembargador Fernando Lins<\/strong>, ressaltou que a reuni\u00e3o foi importante para unificar as a\u00e7\u00f5es em busca de resultados mais efetivos. \u201cUnificando as a\u00e7\u00f5es, com um trabalho de intelig\u00eancia, e tamb\u00e9m com preven\u00e7\u00e3o, alcan\u00e7aremos resultados concretos\u201d.<\/p>\n\n\n\n<p><strong>O delegado da Delegacia de Eventos e Prote\u00e7\u00e3o ao Turista, Felix Magno Von Dollinger,<\/strong> enfatizou que \u201ca Delegacia tem a compet\u00eancia para apura\u00e7\u00e3o dos crimes, que s\u00e3o previstos na lei Geral do Esporte, e tem apoiado e incentivado as iniciativas para a paz nos est\u00e1dios e da sociedade\u201d.<\/p>\n\n\n\n<p>Para <strong>o tenente-coronel Mafra, comandante do Batalh\u00e3o de Choque<\/strong>, a reuni\u00e3o demonstra \u201ca uni\u00e3o de esfor\u00e7os, a parceria e a uni\u00e3o no enfrentamento \u00e0 viol\u00eancia dentro e fora dos est\u00e1dios. Daqui saem boas ideias e, portanto, temos condi\u00e7\u00f5es de tratar assuntos urgentes de forma mais r\u00e1pida, eficiente e resolutiva para garantir tranquilidade para frequentar os est\u00e1dios e responsabilizar aqueles que se comportam a margem da legisla\u00e7\u00e3o.<\/p>\n\n\n\n<p><strong>A ju\u00edza coordenadora dos Juizados Especiais de Minas Gerais, Raquel Discaciati<\/strong>, disse que \u201cos juizados especiais tem feito uma fiscaliza\u00e7\u00e3o efetiva para identificar quem tem algum impedimento para frequentar os est\u00e1dios, por meio do Facejus, sistema de reconhecimento facial. Tamb\u00e9m estamos realizando plant\u00f5es nos est\u00e1dios, em jogos de maior p\u00fablico, para atender as ocorr\u00eancias\u201d. (Diretoria Executiva de Comunica\u00e7\u00e3o \u2013 Dircom\/ Tribunal de Justi\u00e7a de Minas Gerais \u2013 TJMG).<\/p>\n","protected":false},"excerpt":{"rendered":"<p>Diversas medidas ser\u00e3o adotadas na busca de solu\u00e7\u00f5es para o problema O Tribunal de Justi\u00e7a de Minas Gerais (TJMG) realizou na segunda-feira (4\/11) reuni\u00e3o para debater a\u00e7\u00f5es integradas, estrat\u00e9gicas e sist\u00eamicas para o combate \u00e0 viol\u00eancia dentro e fora dos est\u00e1dios e que envolvem planejamento, medidas socioeducativas, campanhas publicit\u00e1rias, cadastramento de torcidas organizadas, e reconhecimento [&hellip;]<\/p>\n","protected":false},"author":1,"featured_media":27212,"comment_status":"open","ping_status":"open","sticky":false,"template":"","format":"standard","meta":{"rop_custom_images_group":[],"rop_custom_messages_group":[],"rop_publish_now":"initial","rop_publish_now_accounts":[],"rop_publish_now_history":[],"rop_publish_now_status":"pending","footnotes":""},"categories":[31],"tags":[6772,2302,292,76,53,180],"class_list":["post-27211","post","type-post","status-publish","format-standard","has-post-thumbnail","hentry","category-juridico","tag-estadios","tag-futebol","tag-policia-civil","tag-policia-militar","tag-tjmg","tag-violencia"],"_links":{"self":[{"href":"https:\/\/diariotribuna.com.br\/index.php?rest_route=\/wp\/v2\/posts\/27211"}],"collection":[{"href":"https:\/\/diariotribuna.com.br\/index.php?rest_route=\/wp\/v2\/posts"}],"about":[{"href":"https:\/\/diariotribuna.com.br\/index.php?rest_route=\/wp\/v2\/types\/post"}],"author":[{"embeddable":true,"href":"https:\/\/diariotribuna.com.br\/index.php?rest_route=\/wp\/v2\/users\/1"}],"replies":[{"embeddable":true,"href":"https:\/\/diariotribuna.com.br\/index.php?rest_route=%2Fwp%2Fv2%2Fcomments&post=27211"}],"version-history":[{"count":1,"href":"https:\/\/diariotribuna.com.br\/index.php?rest_route=\/wp\/v2\/posts\/27211\/revisions"}],"predecessor-version":[{"id":27214,"href":"https:\/\/diariotribuna.com.br\/index.php?rest_route=\/wp\/v2\/posts\/27211\/revisions\/27214"}],"wp:featuredmedia":[{"embeddable":true,"href":"https:\/\/diariotribuna.com.br\/index.php?rest_route=\/wp\/v2\/media\/27212"}],"wp:attachment":[{"href":"https:\/\/diariotribuna.com.br\/index.php?rest_route=%2Fwp%2Fv2%2Fmedia&parent=27211"}],"wp:term":[{"taxonomy":"category","embeddable":true,"href":"https:\/\/diariotribuna.com.br\/index.php?rest_route=%2Fwp%2Fv2%2Fcategories&post=27211"},{"taxonomy":"post_tag","embeddable":true,"href":"https:\/\/diariotribuna.com.br\/index.php?rest_route=%2Fwp%2Fv2%2Ftags&post=27211"}],"curies":[{"name":"wp","href":"https:\/\/api.w.org\/{rel}","templated":true}]}}