{"id":27215,"date":"2024-11-06T11:59:01","date_gmt":"2024-11-06T14:59:01","guid":{"rendered":"https:\/\/diariotribuna.com.br\/?p=27215"},"modified":"2024-11-06T11:59:01","modified_gmt":"2024-11-06T14:59:01","slug":"pocos-de-caldas-ganha-centro-administrativo","status":"publish","type":"post","link":"https:\/\/diariotribuna.com.br\/?p=27215","title":{"rendered":"Po\u00e7os de Caldas ganha centro administrativo\u00a0"},"content":{"rendered":"<p class=\"MsoNormal\">\n<\/p><p class=\"MsoNormal\"><span><\/span><\/p>\n<p>\u00a0<\/p>\n<p><\/p>\n<p class=\"MsoNormal\"><span><\/span><\/p>\n<p>\u00a0<\/p>\n<p><\/p>\n<p class=\"MsoNormal\"><span>COLUNA MG<\/span><\/p>\n<p><\/p>\n<p class=\"MsoNormal\"><span>Principais destaques dos jornais e portais integrantes da Rede Sindijori MG<\/span><\/p>\n<p><\/p>\n<p class=\"MsoNormal\"><a href=\"http:\/\/www.sindijorimg.com.br\/\"><span>www.sindijorimg.com.br<\/span><\/a><span><\/span><\/p>\n<p><\/p>\n<p class=\"MsoNormal\"><span><\/span><\/p>\n<p>\u00a0<\/p>\n<p><\/p>\n<p class=\"MsoNormal\"><span>Po\u00e7os ganha centro administrativo<\/span><\/p>\n<p><\/p>\n<p class=\"MsoNormal\"><span>Em comemora\u00e7\u00e3o aos 152 anos de Po\u00e7os de Caldas, nesta quarta, 6, a cidade ganhou o novo Centro Administrativo da cidade. O edif\u00edcio, com 14 mil metros quadrados distribu\u00eddos em 10 pavimentos, centraliza as atividades administrativas de todas as secretarias municipais, promovendo maior integra\u00e7\u00e3o e facilitando o acesso da popula\u00e7\u00e3o aos servi\u00e7os p\u00fablicos. Ap\u00f3s 1 ano e 7 meses de obras, o local est\u00e1 pronto para receber servidores e moradores, destacando-se por sua arquitetura inovadora e funcional. O Centro Administrativo ser\u00e1 nomeado em homenagem ao ex-prefeito Sebasti\u00e3o Navarro Vieira Filho, uma figura marcante da pol\u00edtica mineira. (Jornal Mantiqueira \u2013 Po\u00e7os de Caldas)<\/span><\/p>\n<p><\/p>\n<p class=\"MsoNormal\"><span><a href=\"https:\/\/www.jornalmantiqueira.com.br\/2024\/11\/06\/inauguracao-do-centro-administrativo-e-destaque-nos-152-anos-de-pocos-de-caldas\/\">https:\/\/www.jornalmantiqueira.com.br\/2024\/11\/06\/inauguracao-do-centro-administrativo-e-destaque-nos-152-anos-de-pocos-de-caldas\/<\/a><\/span><\/p>\n<p><\/p>\n<p class=\"MsoNormal\"><span><\/span><\/p>\n<p>\u00a0<\/p>\n<p><\/p>\n<p class=\"MsoNormal\"><span>Duplica\u00e7\u00e3o da 365 come\u00e7a em 2025<\/span><\/p>\n<p><\/p>\n<p class=\"MsoNormal\"><span>A concession\u00e1ria EPR Tri\u00e2ngulo divulgou, nesta segunda-feira (4), o cronograma para a duplica\u00e7\u00e3o de 36 quil\u00f4metros da BR-365, com previs\u00e3o de investimentos acima de R$ 200 milh\u00f5es. O projeto envolve dois trechos principais, incluindo 26,1 quil\u00f4metros entre Uberl\u00e2ndia e o trevo de Araguari, e outros 10 Km entre a cidade de Patroc\u00ednio e o trevo de Silvano. A obra deve acontecer em etapas, com in\u00edcio em 2025 e previs\u00e3o de conclus\u00e3o total at\u00e9 fevereiro de 2031. Segundo o diretor-presidente do N\u00facleo Minas da EPR Tri\u00e2ngulo, Diogo Santiago, o in\u00edcio das obras ainda depende de libera\u00e7\u00e3o ambiental. (Di\u00e1rio de Uberl\u00e2ndia)<\/span><\/p>\n<p><\/p>\n<p class=\"MsoNormal\"><span><a href=\"https:\/\/diariodeuberlandia.com.br\/noticia\/36845\/concessionaria-apresenta-projeto-de-duplicacao-da-br-365-entre-uberlandia-e-patrocinio-veja-videos\">https:\/\/diariodeuberlandia.com.br\/noticia\/36845\/concessionaria-apresenta-projeto-de-duplicacao-da-br-365-entre-uberlandia-e-patrocinio-veja-videos<\/a><\/span><\/p>\n<p><\/p>\n<p class=\"MsoNormal\"><span><\/span><\/p>\n<p>\u00a0<\/p>\n<p><\/p>\n<p class=\"MsoNormal\"><span>TCE fiscaliza Hospital de Nanuque<\/span><\/p>\n<p><\/p>\n<p class=\"MsoNormal\"><span>Equipe do Tribunal de Contas do Estado de Minas Gerais esteve no Hospital e Pronto Socorro Municipal Renato Azeredo, dando continuidade a Fiscaliza\u00e7\u00e3o Ordenada da Sa\u00fade. A opera\u00e7\u00e3o teve in\u00edcio ontem e \u00e9 feita de forma simult\u00e2nea em v\u00e1rios munic\u00edpios do estado. Uma equipe de auditores do Tribunal realiza uma visita a uma unidade de sa\u00fade e registra irregularidades que encontra, preenchendo um question\u00e1rio eletr\u00f4nico. Em tempo real, os dados s\u00e3o recebidos na Sala de Comando e Controle montada no TCE mineiro. (Em Tempo \u2013 Nanuque)<\/span><\/p>\n<p><\/p>\n<p class=\"MsoNormal\"><span><a href=\"https:\/\/jornalemtempo.com\/tribunal-de-contas-fiscaliza-hospital-de-nanuque\">https:\/\/jornalemtempo.com\/tribunal-de-contas-fiscaliza-hospital-de-nanuque<\/a><\/span><\/p>\n<p><\/p>\n<p class=\"MsoNormal\"><span><\/span><\/p>\n<p>\u00a0<\/p>\n<p><\/p>\n<p class=\"MsoNormal\"><span>Escolhida empresa da ponte do S. Francisco<\/span><\/p>\n<p><\/p>\n<p class=\"MsoNormal\"><span>O Departamento de Estradas de Rodagem de Minas Gerais (DER-MG) deu um importante passo para a constru\u00e7\u00e3o da maior ponte sobre o Rio S\u00e3o Francisco, que ligar\u00e1 S\u00e3o Francisco e Pint\u00f3polis, na rodovia MG-402. Seis empresas participaram da licita\u00e7\u00e3o, e a proposta vencedora foi de R$ 158,5 milh\u00f5es, 91,17% do valor inicial estimado. Com 1.120 metros de extens\u00e3o e 13,8 metros de largura, a ponte \u00e9 uma obra estrat\u00e9gica para a regi\u00e3o, que dever\u00e1 gerar empregos, impulsionar a economia local e melhorar a mobilidade. A conclus\u00e3o est\u00e1 prevista para 720 dias ap\u00f3s a ordem de servi\u00e7o. (Gazeta Norte Mineira \u2013 Montes Claros)<\/span><\/p>\n<p><\/p>\n<p class=\"MsoNormal\"><a href=\"https:\/\/gazetanm.com.br\/seis-empresas-apresentaram-propostas-para-construcao-da-maior-ponte-sobre-o-rio-sao-francisco-em-minas-gerais\/\"><span>https:\/\/gazetanm.com.br\/seis-empresas-apresentaram-propostas-para-construcao-da-maior-ponte-sobre-o-rio-sao-francisco-em-minas-gerais\/<\/span><\/a><span><\/span><\/p>\n<p><\/p>\n<p class=\"MsoNormal\"><span><\/span><\/p>\n<p>\u00a0<\/p>\n<p><\/p>\n<p class=\"MsoNormal\"><span>C\u00e2mara de BH lan\u00e7a o podcast<\/span><\/p>\n<p><\/p>\n<p class=\"MsoNormal\"><span>A C\u00e2mara Municipal de Belo Horizonte lan\u00e7ou o podcast &#8220;BH Legal&#8221;, uma nova plataforma de comunica\u00e7\u00e3o com a popula\u00e7\u00e3o, com foco em informa\u00e7\u00f5es sobre direitos e iniciativas locais. A primeira temporada, que j\u00e1 conta com cinco epis\u00f3dios, aborda temas relacionados aos direitos das pessoas com defici\u00eancia, em homenagem ao Dia Nacional de Luta da Pessoa com Defici\u00eancia. Os epis\u00f3dios discutem quest\u00f5es como acessibilidade no transporte p\u00fablico e adapta\u00e7\u00f5es em hospitais e escolas, visando promover a inclus\u00e3o dessas pessoas na sociedade. (Balc\u00e3o News \u2013 Belo Horizonte)<\/span><\/p>\n<p><\/p>\n<p class=\"MsoNormal\"><span><a href=\"https:\/\/balcaonews.com.br\/2024\/11\/06\/camara-municipal-de-bh-lanca-o-podcast-bh-legal\/\">https:\/\/balcaonews.com.br\/2024\/11\/06\/camara-municipal-de-bh-lanca-o-podcast-bh-legal\/<\/a><\/span><\/p>\n<p><\/p>\n<p class=\"MsoNormal\"><span><\/span><\/p>\n<p>\u00a0<\/p>\n<p><\/p>\n<p class=\"MsoNormal\"><span>Varginha \u00e9 destaque em sa\u00fade bucal<\/span><\/p>\n<p><\/p>\n<p class=\"MsoNormal\"><span>Varginha foi premiada com o quinto lugar no pr\u00eamio nacional do Conselho Federal de Odontologia, destacando-se pelos servi\u00e7os de sa\u00fade bucal oferecidos pelo SUS em munic\u00edpios com popula\u00e7\u00e3o entre 100 mil e 500 mil habitantes. A premia\u00e7\u00e3o avaliou crit\u00e9rios como financiamento em sa\u00fade, controle social, pol\u00edtica municipal de sa\u00fade bucal e a valoriza\u00e7\u00e3o dos profissionais. O reconhecimento foi comemorado pelo Coordenador de Sa\u00fade Bucal, Augusto Cesar, e pelo Secret\u00e1rio Municipal de Sa\u00fade, Adrian Nogueira Bueno, como fruto do compromisso da administra\u00e7\u00e3o municipal em melhorar continuamente os servi\u00e7os e valorizar os profissionais. (Folha de Varginha)<\/span><\/p>\n<p><\/p>\n<p class=\"MsoNormal\"><a href=\"https:\/\/blogdomadeira.com.br\/varginha-e-destaque-em-premio-nacional-de-saude-bucal\/\"><span>https:\/\/blogdomadeira.com.br\/varginha-e-destaque-em-premio-nacional-de-saude-bucal\/<\/span><\/a><span><\/span><\/p>\n<p><\/p>\n<p class=\"MsoNormal\"><span><\/span><\/p>\n<p>\u00a0<\/p>\n<p><\/p>\n<p class=\"MsoNormal\"><span>Mariana tem nova delegacia<\/span><\/p>\n<p><\/p>\n<p class=\"MsoNormal\"><span>Mariana deu um importante passo na melhoria da seguran\u00e7a p\u00fablica com a inaugura\u00e7\u00e3o da nova sede da Delegacia Civil. O evento contou com a presen\u00e7a do prefeito Celso Cota, que destacou o esfor\u00e7o da administra\u00e7\u00e3o municipal para fortalecer as institui\u00e7\u00f5es de seguran\u00e7a na cidade. Al\u00e9m da nova delegacia, ele anunciou que est\u00e3o em andamento os planos para a constru\u00e7\u00e3o de um novo quartel da Pol\u00edcia Militar e uma unidade do Corpo de Bombeiros. \u201cNosso objetivo \u00e9 garantir que Mariana tenha uma estrutura adequada para responder \u00e0s necessidades da popula\u00e7\u00e3o e garantir a seguran\u00e7a de todos\u201d, afirmou o prefeito. <span>\u00a0<\/span>(Jornal Ponto Final &#8211; Mariana)<\/span><\/p>\n<p><\/p>\n<p class=\"MsoNormal\"><span><a href=\"https:\/\/jornalpontofinal.com.br\/2024\/10\/24\/nova-delegacia-civil-de-mariana-e-inaugurada-com-promessa-de-reforcar-seguranca\/\">https:\/\/jornalpontofinal.com.br\/2024\/10\/24\/nova-delegacia-civil-de-mariana-e-inaugurada-com-promessa-de-reforcar-seguranca\/<\/a><\/span><\/p>\n<p><\/p>\n<p class=\"MsoNormal\"><span><\/span><\/p>\n<p>\u00a0<\/p>\n<p><\/p>\n<p class=\"MsoNormal\"><span>Cocais entre destinos sustent\u00e1veis <\/span><\/p>\n<p><\/p>\n<p class=\"MsoNormal\"><span>A cidade de Bar\u00e3o de Cocais, localizada na Regi\u00e3o Central de Minas Gerais, foi inclu\u00edda no concurso global TOP 100 Melhores Hist\u00f3rias de Destinos Respons\u00e1veis, organizado pela \u201cGreen Destinations\u201d, uma organiza\u00e7\u00e3o holandesa. Este reconhecimento destaca os esfor\u00e7os da cidade em promover pr\u00e1ticas de turismo sustent\u00e1vel e respons\u00e1vel, al\u00e9m de ressaltar sua beleza natural. Bar\u00e3o de Cocais atrai visitantes com eventos culturais e gastron\u00f4micos, como a Festa da Quitanda e o Festival da Goiabada Casc\u00e3o, que celebram a rica culin\u00e1ria mineira e o valor cultural e hist\u00f3rico da regi\u00e3o. (Cidade Conecta \u2013 Nova Lima)<\/span><\/p>\n<p><\/p>\n<p class=\"MsoNormal\"><a href=\"https:\/\/www.itatiaia.com.br\/cidade-conecta\/2024\/11\/06\/cidade-mineira-esta-entre-os-100-destinos-sustentaveis-no-mundo\"><span>https:\/\/www.itatiaia.com.br\/cidade-conecta\/2024\/11\/06\/cidade-mineira-esta-entre-os-100-destinos-sustentaveis-no-mundo<\/span><\/a><span><\/span><\/p>\n<p><\/p>\n<p>\u00a0<\/p>","protected":false},"excerpt":{"rendered":"<p>\u00a0 \u00a0 COLUNA MG Principais destaques dos jornais e portais integrantes da Rede Sindijori MG www.sindijorimg.com.br \u00a0 Po\u00e7os ganha centro administrativo Em comemora\u00e7\u00e3o aos 152 anos de Po\u00e7os de Caldas, nesta quarta, 6, a cidade ganhou o novo Centro Administrativo da cidade. O edif\u00edcio, com 14 mil metros quadrados distribu\u00eddos em 10 pavimentos, centraliza as [&hellip;]<\/p>\n","protected":false},"author":0,"featured_media":27216,"comment_status":"open","ping_status":"open","sticky":false,"template":"","format":"standard","meta":{"rop_custom_images_group":[],"rop_custom_messages_group":[],"rop_publish_now":"initial","rop_publish_now_accounts":[],"rop_publish_now_history":[],"rop_publish_now_status":"pending","footnotes":""},"categories":[6745],"tags":[],"class_list":["post-27215","post","type-post","status-publish","format-standard","has-post-thumbnail","hentry","category-coluna-sindijori"],"_links":{"self":[{"href":"https:\/\/diariotribuna.com.br\/index.php?rest_route=\/wp\/v2\/posts\/27215"}],"collection":[{"href":"https:\/\/diariotribuna.com.br\/index.php?rest_route=\/wp\/v2\/posts"}],"about":[{"href":"https:\/\/diariotribuna.com.br\/index.php?rest_route=\/wp\/v2\/types\/post"}],"replies":[{"embeddable":true,"href":"https:\/\/diariotribuna.com.br\/index.php?rest_route=%2Fwp%2Fv2%2Fcomments&post=27215"}],"version-history":[{"count":0,"href":"https:\/\/diariotribuna.com.br\/index.php?rest_route=\/wp\/v2\/posts\/27215\/revisions"}],"wp:featuredmedia":[{"embeddable":true,"href":"https:\/\/diariotribuna.com.br\/index.php?rest_route=\/wp\/v2\/media\/27216"}],"wp:attachment":[{"href":"https:\/\/diariotribuna.com.br\/index.php?rest_route=%2Fwp%2Fv2%2Fmedia&parent=27215"}],"wp:term":[{"taxonomy":"category","embeddable":true,"href":"https:\/\/diariotribuna.com.br\/index.php?rest_route=%2Fwp%2Fv2%2Fcategories&post=27215"},{"taxonomy":"post_tag","embeddable":true,"href":"https:\/\/diariotribuna.com.br\/index.php?rest_route=%2Fwp%2Fv2%2Ftags&post=27215"}],"curies":[{"name":"wp","href":"https:\/\/api.w.org\/{rel}","templated":true}]}}