{"id":27225,"date":"2024-11-06T17:29:56","date_gmt":"2024-11-06T20:29:56","guid":{"rendered":"https:\/\/diariotribuna.com.br\/?p=27225"},"modified":"2024-11-06T17:29:56","modified_gmt":"2024-11-06T20:29:56","slug":"pesquisa-da-fecomercio-mg-revela-alta-adesao-das-empresas-para-a-black-friday","status":"publish","type":"post","link":"https:\/\/diariotribuna.com.br\/?p=27225","title":{"rendered":"Pesquisa da Fecom\u00e9rcio MG revela alta ades\u00e3o das empresas para a Black Friday\u00a0"},"content":{"rendered":"<p class=\"MsoNormal\"><span><span>FECOM\u00c9RCIO MG \/ Divulga\u00e7\u00e3o<\/span><\/span><\/p>\n<p><\/p>\n<h3><\/h3>\n<p class=\"MsoNormal\"><span>A Black Friday, tradicionalmente marcada por grandes promo\u00e7\u00f5es e descontos, promete movimentar o com\u00e9rcio mineiro em 2024. Uma pesquisa realizada pelo N\u00facleo de Pesquisa e Intelig\u00eancia da Fecom\u00e9rcio MG revelou que 46,5% das empresas do estado pretendem participar da data, com a\u00e7\u00f5es que v\u00e3o desde descontos expressivos at\u00e9 promo\u00e7\u00f5es e campanhas de divulga\u00e7\u00e3o. No entanto, alguns empres\u00e1rios mineiros j\u00e1 est\u00e3o antecipando promo\u00e7\u00f5es e liquida\u00e7\u00f5es de seus produtos, buscando atrair os consumidores antes mesmo da data oficial, que esse ano, acontece no dia 29 de novembro.<\/span><\/p>\n<p><span><\/span><\/p>\n<p class=\"MsoNormal\"><span>A expectativa dos empres\u00e1rios \u00e9 positiva. A maioria (56,5%) prev\u00ea um aumento de at\u00e9 40% no volume de vendas, e 20,6% esperam um crescimento ainda maior, superior a 50% em rela\u00e7\u00e3o ao ano passado. A Black Friday se consolidou como uma importante data para o varejo, impulsionando as vendas e ajudando o com\u00e9rcio a renovar os estoques para o final de ano. &#8220;A antecipa\u00e7\u00e3o das promo\u00e7\u00f5es demonstra a import\u00e2ncia que a Black Friday adquiriu no calend\u00e1rio do varejo&#8221;, afirma a economista Gabriela Martins da Fecom\u00e9rcio MG.<span>\u00a0 <\/span>&#8220;Os consumidores est\u00e3o cada vez mais atentos a essas ofertas e as empresas precisam se adaptar para garantir um bom desempenho nas vendas&#8221;, completa.<\/span><\/p>\n<p><\/p>\n<p class=\"MsoNormal\"><span>Os descontos continuam sendo a principal estrat\u00e9gia para atrair os consumidores. Quase metade das empresas (49,4%) oferecer\u00e1 redu\u00e7\u00f5es de at\u00e9 50% nos pre\u00e7os. Al\u00e9m disso, promo\u00e7\u00f5es e a\u00e7\u00f5es de divulga\u00e7\u00e3o tamb\u00e9m est\u00e3o entre as a\u00e7\u00f5es mais comuns.<\/span><\/p>\n<p><\/p>\n<p class=\"MsoNormal\"><span>A Black Friday ganhar\u00e1 for\u00e7a tanto nas lojas f\u00edsicas quanto no e-commerce. Quase metade das empresas (46,5%) realizar\u00e1 a\u00e7\u00f5es em suas lojas f\u00edsicas, enquanto 24,9% tamb\u00e9m apostar\u00e3o no com\u00e9rcio eletr\u00f4nico.<\/span><\/p>\n<p><\/p>\n<p class=\"MsoNormal\"><span>A maioria dos empres\u00e1rios (61,3%) acredita que a Black Friday n\u00e3o interfere nas vendas de Natal. No entanto, uma parcela (21,8%) enxerga um impacto positivo, com a antecipa\u00e7\u00e3o de algumas compras. Por outro lado, 17% acreditam que a data pode prejudicar as vendas de fim de ano, principalmente devido \u00e0 antecipa\u00e7\u00e3o de gastos e \u00e0 possibilidade de os consumidores j\u00e1 terem esgotado seu or\u00e7amento.<\/span><\/p>\n<p><\/p>\n<p class=\"MsoNormal\"><span>Apesar do otimismo, alguns desafios podem impactar as vendas na Black Friday. O clima, com a \u00e9poca de chuvas, e a concorr\u00eancia foram apontados como fatores que podem influenciar negativamente os resultados. No entanto, as empresas est\u00e3o preparadas para superar esses obst\u00e1culos e aproveitar as oportunidades que a data oferece. Gabriela destaca que a Black Friday se tornou uma data fundamental para o varejo mineiro. \u201cA ades\u00e3o das empresas \u00e9 cada vez maior, demonstrando a import\u00e2ncia dessa data para o setor. Al\u00e9m disso, as expectativas s\u00e3o positivas, o que indica que o empres\u00e1rio est\u00e1 ansioso por boas oportunidades para o aumento de suas vendas&#8221;, conclui.<\/span><\/p>\n<p><\/p>\n<p class=\"MsoNormal\"><span>A pesquisa da Fecom\u00e9rcio MG ouviu empresas de diversos segmentos do varejo em todas as regi\u00f5es do estado de Minas Gerais, entre os dias 21 e 31 de outubro com o objetivo de analisar a ades\u00e3o das empresas \u00e0 Black Friday, identificar as principais estrat\u00e9gias e expectativas para o per\u00edodo, al\u00e9m de avaliar o impacto da data nas vendas no per\u00edodo de Natal.<\/span><\/p>\n<p><\/p>\n<p class=\"MsoNormal\"><span><\/span><\/p>\n<p>\u00a0<\/p>\n<p><\/p>\n<p class=\"MsoNormal\"><span><strong>Sobre a Fecom\u00e9rcio MG<\/strong><\/span><\/p>\n<p><\/p>\n<p class=\"MsoNormal\"><span>A Federa\u00e7\u00e3o do Com\u00e9rcio de Bens, Servi\u00e7os e Turismo de Minas Gerais integra o Sistema Fecom\u00e9rcio MG, Sesc e Senac em Minas e Sindicatos Empresariais que tem como presidente o empres\u00e1rio Nadim Donato. A Fecom\u00e9rcio MG \u00e9 a maior representante do setor terci\u00e1rio no estado, atuando em prol de mais de 740 mil empresas mineiras. Em conjunto com a Confedera\u00e7\u00e3o Nacional do Com\u00e9rcio (CNC), presidida por Jos\u00e9 Roberto Tadros, a Fecom\u00e9rcio MG atua junto \u00e0s esferas p\u00fablica e privada para defender os interesses do setor de Bens, Servi\u00e7os e Turismo a fim de requisitar melhores condi\u00e7\u00f5es tribut\u00e1rias, celebrar conven\u00e7\u00f5es coletivas de trabalho, disponibilizar benef\u00edcios visando o desenvolvimento do com\u00e9rcio no estado e muito mais.<\/span><\/p>\n<p><\/p>\n<p class=\"MsoNormal\"><span>H\u00e1 85 anos fortalecendo e defendendo o setor, beneficiando e transformando a vida\u00a0dos\u00a0cidad\u00e3os.<\/span><\/p>\n<p><\/p>\n<p>\u00a0<\/p>","protected":false},"excerpt":{"rendered":"<p>FECOM\u00c9RCIO MG \/ Divulga\u00e7\u00e3o A Black Friday, tradicionalmente marcada por grandes promo\u00e7\u00f5es e descontos, promete movimentar o com\u00e9rcio mineiro em 2024. Uma pesquisa realizada pelo N\u00facleo de Pesquisa e Intelig\u00eancia da Fecom\u00e9rcio MG revelou que 46,5% das empresas do estado pretendem participar da data, com a\u00e7\u00f5es que v\u00e3o desde descontos expressivos at\u00e9 promo\u00e7\u00f5es e campanhas [&hellip;]<\/p>\n","protected":false},"author":0,"featured_media":27226,"comment_status":"open","ping_status":"open","sticky":false,"template":"","format":"standard","meta":{"rop_custom_images_group":[],"rop_custom_messages_group":[],"rop_publish_now":"initial","rop_publish_now_accounts":[],"rop_publish_now_history":[],"rop_publish_now_status":"pending","footnotes":""},"categories":[6745],"tags":[],"class_list":["post-27225","post","type-post","status-publish","format-standard","has-post-thumbnail","hentry","category-coluna-sindijori"],"_links":{"self":[{"href":"https:\/\/diariotribuna.com.br\/index.php?rest_route=\/wp\/v2\/posts\/27225"}],"collection":[{"href":"https:\/\/diariotribuna.com.br\/index.php?rest_route=\/wp\/v2\/posts"}],"about":[{"href":"https:\/\/diariotribuna.com.br\/index.php?rest_route=\/wp\/v2\/types\/post"}],"replies":[{"embeddable":true,"href":"https:\/\/diariotribuna.com.br\/index.php?rest_route=%2Fwp%2Fv2%2Fcomments&post=27225"}],"version-history":[{"count":0,"href":"https:\/\/diariotribuna.com.br\/index.php?rest_route=\/wp\/v2\/posts\/27225\/revisions"}],"wp:featuredmedia":[{"embeddable":true,"href":"https:\/\/diariotribuna.com.br\/index.php?rest_route=\/wp\/v2\/media\/27226"}],"wp:attachment":[{"href":"https:\/\/diariotribuna.com.br\/index.php?rest_route=%2Fwp%2Fv2%2Fmedia&parent=27225"}],"wp:term":[{"taxonomy":"category","embeddable":true,"href":"https:\/\/diariotribuna.com.br\/index.php?rest_route=%2Fwp%2Fv2%2Fcategories&post=27225"},{"taxonomy":"post_tag","embeddable":true,"href":"https:\/\/diariotribuna.com.br\/index.php?rest_route=%2Fwp%2Fv2%2Ftags&post=27225"}],"curies":[{"name":"wp","href":"https:\/\/api.w.org\/{rel}","templated":true}]}}