{"id":27227,"date":"2024-11-06T22:17:41","date_gmt":"2024-11-07T01:17:41","guid":{"rendered":"https:\/\/diariotribuna.com.br\/?p=27227"},"modified":"2024-11-06T22:17:54","modified_gmt":"2024-11-07T01:17:54","slug":"policia-civil-soluciona-caso-de-apropriacao-indebita-em-menos-de-24-horas","status":"publish","type":"post","link":"https:\/\/diariotribuna.com.br\/?p=27227","title":{"rendered":"Pol\u00edcia Civil soluciona caso de apropria\u00e7\u00e3o ind\u00e9bita em menos de 24 horas"},"content":{"rendered":"\n<figure class=\"wp-block-image size-full is-resized\"><img loading=\"lazy\" decoding=\"async\" width=\"700\" height=\"551\" src=\"https:\/\/diariotribuna.com.br\/wp-content\/uploads\/2024\/11\/pcmg_viatura_12.jpg\" alt=\"\" class=\"wp-image-27228\" style=\"width:407px;height:auto\" srcset=\"https:\/\/diariotribuna.com.br\/wp-content\/uploads\/2024\/11\/pcmg_viatura_12.jpg 700w, https:\/\/diariotribuna.com.br\/wp-content\/uploads\/2024\/11\/pcmg_viatura_12-300x236.jpg 300w, https:\/\/diariotribuna.com.br\/wp-content\/uploads\/2024\/11\/pcmg_viatura_12-696x548.jpg 696w, https:\/\/diariotribuna.com.br\/wp-content\/uploads\/2024\/11\/pcmg_viatura_12-534x420.jpg 534w\" sizes=\"(max-width: 700px) 100vw, 700px\" \/><\/figure>\n\n\n\n<p>Na ter\u00e7a-feira (5\/11), a Pol\u00edcia Civil de Minas Gerais solucionou um caso de apropria\u00e7\u00e3o ind\u00e9bita, em Governador Valadares, Leste do estado. O valor foi transferido via PIX de maneira equivocada pela v\u00edtima, que, ao perceber o erro, tentou de forma amig\u00e1vel solicitar a devolu\u00e7\u00e3o do montante. No entanto, a destinat\u00e1ria da transfer\u00eancia recusou-se a devolver o valor voluntariamente, o que levou a v\u00edtima a buscar apoio policial.<\/p>\n\n\n\n<p>A equipe de investiga\u00e7\u00e3o de furtos e roubos foi acionada e prontamente intermediou o conflito. A envolvida foi intimada a comparecer \u00e0 unidade policial, onde recebeu orienta\u00e7\u00f5es para restituir a quantia de R$ 600 \u00e0 v\u00edtima. Ap\u00f3s a interven\u00e7\u00e3o policial, a destinat\u00e1ria comprometeu-se a efetuar a devolu\u00e7\u00e3o no prazo de 24 horas, apresentando posteriormente o comprovante da transa\u00e7\u00e3o.<\/p>\n\n\n\n<p>A devolu\u00e7\u00e3o do valor foi realizada antes do prazo estipulado, com o envio do comprovante da transfer\u00eancia banc\u00e1ria para a conta da v\u00edtima. O delegado respons\u00e1vel, Marco Alberto Tavares de Oliveira, destacou a import\u00e2ncia do trabalho \u00e1gil e eficiente da equipe policial, ressaltando o papel da delegacia como um ponto de apoio \u00e0 popula\u00e7\u00e3o em casos de apropria\u00e7\u00e3o ind\u00e9bita e outros delitos patrimoniais. (Informa\u00e7\u00f5es: assessoria de comunica\u00e7\u00e3o da PCMG\/ Foto: Arquivo PCMG).<\/p>\n","protected":false},"excerpt":{"rendered":"<p>Na ter\u00e7a-feira (5\/11), a Pol\u00edcia Civil de Minas Gerais solucionou um caso de apropria\u00e7\u00e3o ind\u00e9bita, em Governador Valadares, Leste do estado. O valor foi transferido via PIX de maneira equivocada pela v\u00edtima, que, ao perceber o erro, tentou de forma amig\u00e1vel solicitar a devolu\u00e7\u00e3o do montante. No entanto, a destinat\u00e1ria da transfer\u00eancia recusou-se a devolver [&hellip;]<\/p>\n","protected":false},"author":1,"featured_media":27228,"comment_status":"open","ping_status":"open","sticky":false,"template":"","format":"standard","meta":{"rop_custom_images_group":[],"rop_custom_messages_group":[],"rop_publish_now":"initial","rop_publish_now_accounts":[],"rop_publish_now_history":[],"rop_publish_now_status":"pending","footnotes":""},"categories":[25,20,1],"tags":[6555,1712,91,292],"class_list":["post-27227","post","type-post","status-publish","format-standard","has-post-thumbnail","hentry","category-destaque","category-policia","category-sem-categoria","tag-apropriacao-indebita","tag-governador-valadares","tag-minas","tag-policia-civil"],"_links":{"self":[{"href":"https:\/\/diariotribuna.com.br\/index.php?rest_route=\/wp\/v2\/posts\/27227"}],"collection":[{"href":"https:\/\/diariotribuna.com.br\/index.php?rest_route=\/wp\/v2\/posts"}],"about":[{"href":"https:\/\/diariotribuna.com.br\/index.php?rest_route=\/wp\/v2\/types\/post"}],"author":[{"embeddable":true,"href":"https:\/\/diariotribuna.com.br\/index.php?rest_route=\/wp\/v2\/users\/1"}],"replies":[{"embeddable":true,"href":"https:\/\/diariotribuna.com.br\/index.php?rest_route=%2Fwp%2Fv2%2Fcomments&post=27227"}],"version-history":[{"count":1,"href":"https:\/\/diariotribuna.com.br\/index.php?rest_route=\/wp\/v2\/posts\/27227\/revisions"}],"predecessor-version":[{"id":27229,"href":"https:\/\/diariotribuna.com.br\/index.php?rest_route=\/wp\/v2\/posts\/27227\/revisions\/27229"}],"wp:featuredmedia":[{"embeddable":true,"href":"https:\/\/diariotribuna.com.br\/index.php?rest_route=\/wp\/v2\/media\/27228"}],"wp:attachment":[{"href":"https:\/\/diariotribuna.com.br\/index.php?rest_route=%2Fwp%2Fv2%2Fmedia&parent=27227"}],"wp:term":[{"taxonomy":"category","embeddable":true,"href":"https:\/\/diariotribuna.com.br\/index.php?rest_route=%2Fwp%2Fv2%2Fcategories&post=27227"},{"taxonomy":"post_tag","embeddable":true,"href":"https:\/\/diariotribuna.com.br\/index.php?rest_route=%2Fwp%2Fv2%2Ftags&post=27227"}],"curies":[{"name":"wp","href":"https:\/\/api.w.org\/{rel}","templated":true}]}}