{"id":27237,"date":"2024-11-07T12:01:22","date_gmt":"2024-11-07T15:01:22","guid":{"rendered":"https:\/\/diariotribuna.com.br\/?p=27237"},"modified":"2024-11-07T12:01:22","modified_gmt":"2024-11-07T15:01:22","slug":"mineira-produz-cafe-de-r-34-mil-a-saca","status":"publish","type":"post","link":"https:\/\/diariotribuna.com.br\/?p=27237","title":{"rendered":"Mineira produz caf\u00e9 de R$ 34 mil a saca\u00a0"},"content":{"rendered":"<p class=\"MsoNormal\"><span>\u00a0<\/span><\/p>\n<p class=\"MsoNormal\"><span><\/span><\/p>\n<p>\u00a0<\/p>\n<p><\/p>\n<p class=\"MsoNormal\"><span>COLUNA MG<\/span><\/p>\n<p><\/p>\n<p class=\"MsoNormal\"><span>Principais destaques dos jornais e portais integrantes da Rede Sindijori MG<\/span><\/p>\n<p><\/p>\n<p class=\"MsoNormal\"><a href=\"http:\/\/www.sindijorimg.com.br\/\"><span>www.sindijorimg.com.br<\/span><\/a><span><\/span><\/p>\n<p><\/p>\n<p class=\"MsoNormal\"><span><\/span><\/p>\n<p>\u00a0<\/p>\n<p><\/p>\n<p class=\"MsoNormal\"><span>Mineira produz caf\u00e9 de R$ 34 mil a saca<\/span><\/p>\n<p><\/p>\n<p class=\"MsoNormal\"><span>K\u00e1tia Belo Martins, uma cafeicultora do Pico do Bon\u00e9, em Araponga (MG), transformou a presen\u00e7a do Jacu, um p\u00e1ssaro que antes prejudicava sua colheita de caf\u00e9, em um aliado ao produzir o ex\u00f3tico &#8220;Caf\u00e9 do Jacu&#8221;, feito com gr\u00e3os ingeridos e excretados pelo p\u00e1ssaro. O processo envolve a coleta manual dos gr\u00e3os nas fezes do Jacu, que passam por uma fermenta\u00e7\u00e3o natural no sistema digestivo do animal, conferindo ao caf\u00e9 caracter\u00edsticas sensoriais superiores e um alto valor de mercado, chegando a R$ 34 mil por saca. A produ\u00e7\u00e3o, que inclui caf\u00e9 gourmet e especial, \u00e9 sustent\u00e1vel e livre de agrot\u00f3xicos. (Jornal dos Vales \u2013 Ipatinga)<\/span><\/p>\n<p><\/p>\n<p class=\"MsoNormal\"><a href=\"https:\/\/jornaldosvales.com.br\/noticia\/50291\/cafeicultora-mineira-transforma-inimigo-em-aliado-e-produz-saca-de-cafe-que-vale-r-34-mil\"><span>https:\/\/jornaldosvales.com.br\/noticia\/50291\/cafeicultora-mineira-transforma-inimigo-em-aliado-e-produz-saca-de-cafe-que-vale-r-34-mil<\/span><\/a><span><\/span><\/p>\n<p><\/p>\n<p class=\"MsoNormal\"><span><\/span><\/p>\n<p>\u00a0<\/p>\n<p><\/p>\n<p class=\"MsoNormal\"><span>Sindicatos recebem kits digitais<\/span><\/p>\n<p><\/p>\n<p class=\"MsoNormal\"><span>A chegada de kits digitais aos sindicatos rurais do Norte de Minas, dentro do projeto \u201cConex\u00e3o SPR\u2019s\u201d, do Sistema Faemg Senar, vem cercado de boas perspectivas aos produtores rurais. Ao todo, 18 sindicatos de produtores rurais da regi\u00e3o receber\u00e3o o kit neste restante de ano, contendo notebooks, webcams e Smart TVs. O objetivo da a\u00e7\u00e3o \u00e9 contribuir para a moderniza\u00e7\u00e3o do atendimento aos sindicatos em todo o estado, onde cada entidade ir\u00e1 criar a sua Sala do Produtor, espa\u00e7o que visa facilitar o acesso \u00e0 informa\u00e7\u00e3o, promover a educa\u00e7\u00e3o a dist\u00e2ncia, videoconfer\u00eancias, reuni\u00f5es com t\u00e9cnicos e consultores, al\u00e9m de fortalecer a conex\u00e3o entre os produtores. (Gazeta Norte Mineira \u2013 Montes Claros)<\/span><\/p>\n<p><\/p>\n<p class=\"MsoNormal\"><a href=\"https:\/\/gazetanm.com.br\/conectados-sindicatos-rurais-do-norte-de-minas-recebem-kits-digitais\/\">https:\/\/gazetanm.com.br\/conectados-sindicatos-rurais-do-norte-de-minas-recebem-kits-digitais\/<\/a><\/p>\n<p class=\"MsoNormal\">\n<\/p><p>\u00a0<\/p>\n\n<p class=\"MsoNormal\"><span>Ouro Preto realiza confer\u00eancia <\/span><\/p>\n<p><\/p>\n<p class=\"MsoNormal\"><span>No pr\u00f3ximo s\u00e1bado, 9 de novembro, Ouro Preto realizar\u00e1 sua 1\u00aa Confer\u00eancia Municipal dos Direitos da Popula\u00e7\u00e3o Lgbtqia+, promovida pela Prefeitura Municipal em parceria com organiza\u00e7\u00f5es da sociedade civil. O evento visa estabelecer diretrizes para pol\u00edticas p\u00fablicas voltadas \u00e0 comunidade Lgbtqia+. Com o tema &#8220;Construindo a Pol\u00edtica Nacional dos Direitos das Pessoas Lgbtqia+&#8221;, a confer\u00eancia busca avan\u00e7ar na cria\u00e7\u00e3o de uma pol\u00edtica nacional de direitos para essa popula\u00e7\u00e3o, que ainda n\u00e3o existe. A programa\u00e7\u00e3o contar\u00e1 com debates, palestras de ativistas e pol\u00edticos, al\u00e9m de atividades culturais. (O Liberal \u2013 Ouro Preto)<\/span><\/p>\n<p><\/p>\n<p class=\"MsoNormal\"><span><a href=\"https:\/\/oliberalinconfidentes.com.br\/ouro-preto\/ouro-preto-realiza-sua-1a-conferencia-municipal-dos-direitos-da-populacao-lgbtqia\/\">https:\/\/oliberalinconfidentes.com.br\/ouro-preto\/ouro-preto-realiza-sua-1a-conferencia-municipal-dos-direitos-da-populacao-lgbtqia\/<\/a><\/span><\/p>\n<p><\/p>\n<p class=\"MsoNormal\"><span><\/span><\/p>\n<p>\u00a0<\/p>\n<p><\/p>\n<p class=\"MsoNormal\"><span>Arax\u00e1 re\u00fane mais de 60 prefeitos<\/span><\/p>\n<p><\/p>\n<p class=\"MsoNormal\"><span>Arax\u00e1 sediou o Encontro Ciminas de Prefeitos Eleitos e Reeleitos nos dias 5 e 6 de novembro, reunindo 67 prefeitos, vice-prefeitos, deputados e outras autoridades. Organizado pelo Cons\u00f3rcio Intermunicipal de Minas Gerais (Ciminas), o evento teve como objetivo promover o planejamento estrat\u00e9gico e incentivar a colabora\u00e7\u00e3o para o desenvolvimento das cidades mineiras. Durante o encontro, foram realizados pain\u00e9is e palestras sobre temas fundamentais da gest\u00e3o p\u00fablica, como infraestrutura, sa\u00fade, educa\u00e7\u00e3o, licita\u00e7\u00f5es, e regulariza\u00e7\u00e3o fundi\u00e1ria. (Clarim.net \u2013 Arax\u00e1)<\/span><\/p>\n<p><\/p>\n<p class=\"MsoNormal\"><a href=\"https:\/\/clarim.net.br\/encontro-em-araxa-reune-mais-de-60-prefeitos-eleitos-de-minas-gerais\/\"><span>https:\/\/clarim.net.br\/encontro-em-araxa-reune-mais-de-60-prefeitos-eleitos-de-minas-gerais\/<\/span><\/a><span><\/span><\/p>\n<p><\/p>\n<p class=\"MsoNormal\"><span><\/span><\/p>\n<p>\u00a0<\/p>\n<p><\/p>\n<p class=\"MsoNormal\"><span>Saae de S\u00e3o Louren\u00e7o \u00e9 modelo<\/span><span><\/span><\/p>\n<p><\/p>\n<p class=\"MsoNormal\"><span>Membros da nova equipe de gest\u00e3o da cidade de S\u00e3o Jo\u00e3o Del Rey, que assumir\u00e1 o Governo Municipal em janeiro de 2025, realizaram uma visita t\u00e9cnica ao SAAE (Servi\u00e7o Aut\u00f4nomo de \u00c1gua e Esgoto) de S\u00e3o Louren\u00e7o. O objetivo do encontro foi conhecer as pr\u00e1ticas administrativas e operacionais da autarquia, com a inten\u00e7\u00e3o de buscar inspira\u00e7\u00e3o e poss\u00edveis melhorias para o Departamento Municipal de \u00c1gua e Esgoto de S\u00e3o Jo\u00e3o Del Rey. (Jornal Panorama \u2013 Caxambu)<\/span><\/p>\n<p><\/p>\n<p class=\"MsoNormal\"><span><a href=\"https:\/\/jornalpanoramaminas.com.br\/site\/equipe-de-gestao-de-sao-joao-del-rey-visita-o-saae-sao-lourenco-em-preparacao-para-o-governo-municipal-de-2025\/\">https:\/\/jornalpanoramaminas.com.br\/site\/equipe-de-gestao-de-sao-joao-del-rey-visita-o-saae-sao-lourenco-em-preparacao-para-o-governo-municipal-de-2025\/<\/a><\/span><\/p>\n<p><\/p>\n<p class=\"MsoNormal\"><span><\/span><\/p>\n<p>\u00a0<\/p>\n<p><\/p>\n<p class=\"MsoNormal\"><span>Minas assume lideran\u00e7a em descarboniza\u00e7\u00e3o<\/span><\/p>\n<p><\/p>\n<p class=\"MsoNormal\"><span>Minas Gerais se consolidou como l\u00edder nacional em descarboniza\u00e7\u00e3o, destacando-se no uso de energias limpas, especialmente energia solar, e impulsionando o desenvolvimento econ\u00f4mico sustent\u00e1vel. Minas \u00e9 o maior polo de energia solar do Brasil, com um crescimento na gera\u00e7\u00e3o fotovoltaica desde 2019, gra\u00e7as a iniciativas como o projeto &#8220;Sol de Minas&#8221;, que oferece incentivos fiscais e simplifica\u00e7\u00e3o do licenciamento ambiental. Al\u00e9m disso, o estado investe em outras fontes renov\u00e1veis, como etanol, biog\u00e1s, biometano e hidrog\u00eanio verde, com projetos de destaque em v\u00e1rias regi\u00f5es. (Di\u00e1rio do Com\u00e9rcio \u2013 Belo Horizonte)<\/span><\/p>\n<p><\/p>\n<p class=\"MsoNormal\"><a href=\"https:\/\/diariodocomercio.com.br\/conteudo-patrocinado\/minas-gerais-assume-lideranca-em-descarbonizacao\/\"><span>https:\/\/diariodocomercio.com.br\/conteudo-patrocinado\/minas-gerais-assume-lideranca-em-descarbonizacao\/<\/span><\/a><span class=\"MsoHyperlink\"><span><\/span><\/span><\/p>\n<p><\/p>\n<p class=\"MsoNormal\"><span class=\"MsoHyperlink\"><span><\/span><\/span><\/p>\n<p><span>\u00a0<\/span><\/p>\n<p><\/p>\n<p class=\"MsoNormal\"><span>Flitabira 2024 encerrada com sucesso<\/span><\/p>\n<p><\/p>\n<p class=\"MsoNormal\"><span>A 4.\u00aa edi\u00e7\u00e3o do Festival Liter\u00e1rio Internacional de Itabira \u2013 Flitabira \u2013 chegou ao fim no dia 3 de novembro de 2024, ap\u00f3s cinco dias de intensa programa\u00e7\u00e3o. Com o tema \u201cLiteratura, Amor e Ancestralidade\u201d o festival atraiu 25 mil pessoas na Funda\u00e7\u00e3o Cultural Carlos Drummond de Andrade, em Itabira, reafirmando seu lugar entre os principais eventos liter\u00e1rios do Brasil. Ao longo dos cinco dias, mais de 80 escritores nacionais e internacionais participaram do festival, oferecendo 84 atividades gratuitas. A livraria do Flitabira, considerada o cora\u00e7\u00e3o do festival, registrou a venda de mais de 3.200 livros, abrangendo 1.100 t\u00edtulos diferentes. (Itabira Not\u00edcias).<\/span><\/p>\n<p><\/p>\n<p class=\"MsoNormal\"><span><a href=\"https:\/\/itabiranoticia.com.br\/flitabira-2024-encerra-com-sucesso-de-publico-impactando-milhares-nas-redes-e-comunidade\/\">https:\/\/itabiranoticia.com.br\/flitabira-2024-encerra-com-sucesso-de-publico-impactando-milhares-nas-redes-e-comunidade\/<\/a><\/span><\/p>\n<p><\/p>\n<p>\u00a0<\/p>","protected":false},"excerpt":{"rendered":"<p>\u00a0 \u00a0 COLUNA MG Principais destaques dos jornais e portais integrantes da Rede Sindijori MG www.sindijorimg.com.br \u00a0 Mineira produz caf\u00e9 de R$ 34 mil a saca K\u00e1tia Belo Martins, uma cafeicultora do Pico do Bon\u00e9, em Araponga (MG), transformou a presen\u00e7a do Jacu, um p\u00e1ssaro que antes prejudicava sua colheita de caf\u00e9, em um aliado [&hellip;]<\/p>\n","protected":false},"author":0,"featured_media":27238,"comment_status":"open","ping_status":"open","sticky":false,"template":"","format":"standard","meta":{"rop_custom_images_group":[],"rop_custom_messages_group":[],"rop_publish_now":"initial","rop_publish_now_accounts":[],"rop_publish_now_history":[],"rop_publish_now_status":"pending","footnotes":""},"categories":[6745],"tags":[],"class_list":["post-27237","post","type-post","status-publish","format-standard","has-post-thumbnail","hentry","category-coluna-sindijori"],"_links":{"self":[{"href":"https:\/\/diariotribuna.com.br\/index.php?rest_route=\/wp\/v2\/posts\/27237"}],"collection":[{"href":"https:\/\/diariotribuna.com.br\/index.php?rest_route=\/wp\/v2\/posts"}],"about":[{"href":"https:\/\/diariotribuna.com.br\/index.php?rest_route=\/wp\/v2\/types\/post"}],"replies":[{"embeddable":true,"href":"https:\/\/diariotribuna.com.br\/index.php?rest_route=%2Fwp%2Fv2%2Fcomments&post=27237"}],"version-history":[{"count":0,"href":"https:\/\/diariotribuna.com.br\/index.php?rest_route=\/wp\/v2\/posts\/27237\/revisions"}],"wp:featuredmedia":[{"embeddable":true,"href":"https:\/\/diariotribuna.com.br\/index.php?rest_route=\/wp\/v2\/media\/27238"}],"wp:attachment":[{"href":"https:\/\/diariotribuna.com.br\/index.php?rest_route=%2Fwp%2Fv2%2Fmedia&parent=27237"}],"wp:term":[{"taxonomy":"category","embeddable":true,"href":"https:\/\/diariotribuna.com.br\/index.php?rest_route=%2Fwp%2Fv2%2Fcategories&post=27237"},{"taxonomy":"post_tag","embeddable":true,"href":"https:\/\/diariotribuna.com.br\/index.php?rest_route=%2Fwp%2Fv2%2Ftags&post=27237"}],"curies":[{"name":"wp","href":"https:\/\/api.w.org\/{rel}","templated":true}]}}