{"id":27341,"date":"2024-11-15T16:26:09","date_gmt":"2024-11-15T19:26:09","guid":{"rendered":"https:\/\/diariotribuna.com.br\/?p=27341"},"modified":"2024-11-16T18:17:29","modified_gmt":"2024-11-16T21:17:29","slug":"disponibilizados-canais-de-atendimento-para-auxiliar-a-advocacia-na-hora-da-votacao-no-domingo-17","status":"publish","type":"post","link":"https:\/\/diariotribuna.com.br\/?p=27341","title":{"rendered":"Disponibilizados canais de atendimento para auxiliar a advocacia na hora da vota\u00e7\u00e3o, no domingo (17)"},"content":{"rendered":"\n<figure class=\"wp-block-image size-full is-resized\"><img loading=\"lazy\" decoding=\"async\" width=\"700\" height=\"373\" src=\"https:\/\/diariotribuna.com.br\/wp-content\/uploads\/2024\/11\/WhatsApp_Image_2024-11-08_at_13.16.22_93.jpg\" alt=\"\" class=\"wp-image-27342\" style=\"width:545px;height:auto\" srcset=\"https:\/\/diariotribuna.com.br\/wp-content\/uploads\/2024\/11\/WhatsApp_Image_2024-11-08_at_13.16.22_93.jpg 700w, https:\/\/diariotribuna.com.br\/wp-content\/uploads\/2024\/11\/WhatsApp_Image_2024-11-08_at_13.16.22_93-300x160.jpg 300w, https:\/\/diariotribuna.com.br\/wp-content\/uploads\/2024\/11\/WhatsApp_Image_2024-11-08_at_13.16.22_93-696x371.jpg 696w\" sizes=\"(max-width: 700px) 100vw, 700px\" \/><\/figure>\n\n\n\n<p>A partir de sexta-feira (8\/11), a Comiss\u00e3o Eleitoral da Seccional Mineira, por meio da empresa Webvoto, est\u00e1 disponibilizando um canal de atendimento e suporte para auxiliar a advocacia na hora da vota\u00e7\u00e3o. Em caso de d\u00favida, a advogada ou o advogado pode ligar para o 0800 800 6000 ou acessar o web chat. O servi\u00e7o funcionar\u00e1 de 8 a 14 de novembro, das 8h \u00e0s 18h, e no dia 17 de novembro, das 9h \u00e0s 17h. Clique neste link (https:\/\/www.eleicoesoabmg2024.org.br\/voter-support).<\/p>\n\n\n\n<p><strong>As elei\u00e7\u00f5es da OAB-MG ser\u00e3o no dia 17 de novembro, domingo, das 9h \u00e0s 17h, por meio do link (https:\/\/www.eleicoesoabmg2024.org.br\/).<\/strong> O processo ser\u00e1 totalmente online e n\u00e3o haver\u00e1 ponto f\u00edsico de vota\u00e7\u00e3o. Para votar as advogadas e os advogados devem estar adimplentes com a anuidade do exerc\u00edcio de 2024. <strong>Ser\u00e3o quatro possibilidades para vota\u00e7\u00e3o \u00e0 escolha do eleitor:<\/strong> Certificado Digital em token, Certificado Digital em nuvem, Biometria, Autentica\u00e7\u00e3o de dois fatores.<\/p>\n\n\n\n<p><strong>Assista o v\u00eddeo com o tutorial para vota\u00e7\u00e3o <\/strong>(<a href=\"https:\/\/www.eleicoesoabmg2024.org.br\/\">https:\/\/www.eleicoesoabmg2024.org.br\/<\/a>). <strong>Aten\u00e7\u00e3o!<\/strong> Caso os dados n\u00e3o estejam atualizados para recebimento do c\u00f3digo de acesso atrav\u00e9s do SMS ou e-mail, as advogadas e os advogados podem votar com certificado digital em token, certificado digital em nuvem ou biometria.<\/p>\n\n\n\n<p>O novo sistema de vota\u00e7\u00e3o \u00e9 mais moderno, seguro e transparente. Por ser online, a vota\u00e7\u00e3o pode ser feita de onde a advogada e o advogado estiverem, n\u00e3o sendo mais necess\u00e1rios deslocamentos para locais de vota\u00e7\u00e3o. Poder\u00e3o ser utilizados computadores, tabletes ou celulares com acesso \u00e0 internet. <strong>Conhe\u00e7a as chapas concorrentes para a Seccional Mineira e para as Subse\u00e7\u00f5es neste link<\/strong> (<a href=\"https:\/\/eleicao.oabmg.org.br\/Principal\/CHAPAS\">https:\/\/eleicao.oabmg.org.br\/Principal\/CHAPAS<\/a>). (OAB\/MG).<\/p>\n","protected":false},"excerpt":{"rendered":"<p>A partir de sexta-feira (8\/11), a Comiss\u00e3o Eleitoral da Seccional Mineira, por meio da empresa Webvoto, est\u00e1 disponibilizando um canal de atendimento e suporte para auxiliar a advocacia na hora da vota\u00e7\u00e3o. Em caso de d\u00favida, a advogada ou o advogado pode ligar para o 0800 800 6000 ou acessar o web chat. O servi\u00e7o [&hellip;]<\/p>\n","protected":false},"author":1,"featured_media":27342,"comment_status":"open","ping_status":"open","sticky":false,"template":"","format":"standard","meta":{"rop_custom_images_group":[],"rop_custom_messages_group":[],"rop_publish_now":"initial","rop_publish_now_accounts":[],"rop_publish_now_history":[],"rop_publish_now_status":"pending","footnotes":""},"categories":[31],"tags":[5858,838,6795,6796,6797],"class_list":["post-27341","post","type-post","status-publish","format-standard","has-post-thumbnail","hentry","category-juridico","tag-eleicoes-2024","tag-oab-mg","tag-seccional-mineira","tag-suporte","tag-webvoto"],"_links":{"self":[{"href":"https:\/\/diariotribuna.com.br\/index.php?rest_route=\/wp\/v2\/posts\/27341"}],"collection":[{"href":"https:\/\/diariotribuna.com.br\/index.php?rest_route=\/wp\/v2\/posts"}],"about":[{"href":"https:\/\/diariotribuna.com.br\/index.php?rest_route=\/wp\/v2\/types\/post"}],"author":[{"embeddable":true,"href":"https:\/\/diariotribuna.com.br\/index.php?rest_route=\/wp\/v2\/users\/1"}],"replies":[{"embeddable":true,"href":"https:\/\/diariotribuna.com.br\/index.php?rest_route=%2Fwp%2Fv2%2Fcomments&post=27341"}],"version-history":[{"count":2,"href":"https:\/\/diariotribuna.com.br\/index.php?rest_route=\/wp\/v2\/posts\/27341\/revisions"}],"predecessor-version":[{"id":27344,"href":"https:\/\/diariotribuna.com.br\/index.php?rest_route=\/wp\/v2\/posts\/27341\/revisions\/27344"}],"wp:featuredmedia":[{"embeddable":true,"href":"https:\/\/diariotribuna.com.br\/index.php?rest_route=\/wp\/v2\/media\/27342"}],"wp:attachment":[{"href":"https:\/\/diariotribuna.com.br\/index.php?rest_route=%2Fwp%2Fv2%2Fmedia&parent=27341"}],"wp:term":[{"taxonomy":"category","embeddable":true,"href":"https:\/\/diariotribuna.com.br\/index.php?rest_route=%2Fwp%2Fv2%2Fcategories&post=27341"},{"taxonomy":"post_tag","embeddable":true,"href":"https:\/\/diariotribuna.com.br\/index.php?rest_route=%2Fwp%2Fv2%2Ftags&post=27341"}],"curies":[{"name":"wp","href":"https:\/\/api.w.org\/{rel}","templated":true}]}}